{"id":535168,"date":"2025-11-15T04:08:25","date_gmt":"2025-11-15T04:08:25","guid":{"rendered":"https:\/\/www.europesays.com\/fr\/535168\/"},"modified":"2025-11-15T04:08:25","modified_gmt":"2025-11-15T04:08:25","slug":"toulon-officialise-la-prolongation-du-demi-de-melee-ecossais-ben-white-jusquen-2028","status":"publish","type":"post","link":"https:\/\/www.europesays.com\/fr\/535168\/","title":{"rendered":"Toulon officialise la prolongation du demi de m\u00eal\u00e9e \u00e9cossais Ben White jusqu\u2019en 2028"},"content":{"rendered":"<p>\n    Le num\u00e9ro 9 \u00e9cossais \u00e9tait arriv\u00e9 dans le Var en 2023 apr\u00e8s la faillite des London Irish.<\/p>\n<p class=\"fig-paragraph\">Le\u00a0<a href=\"http:\/\/www.lefigaro.fr\/sports\/rugby\/top-14\/top-14-trop-fort-pour-la-rochelle-toulon-s-invite-aux-cotes-de-toulouse-20251108\" data-fig-type=\"NewsFlash\" data-gtm-custom-categorie=\"navigation\" data-gtm-custom-action=\"crossclick\" data-gtm-custom-label=\"Contextuel\" data-gtm-event=\"customEventSPE\" data-fig-domain=\"LEFIGARO\" target=\"_blank\" rel=\"noopener\">Rugby Club Toulonnais<\/a>\u00a0a annonc\u00e9 ce vendredi la prolongation du contrat de son demi de m\u00eal\u00e9e anglais\u00a0<a href=\"http:\/\/www.lefigaro.fr\/sports\/rugby\/top-14\/top-14-ben-white-va-poursuivre-son-aventure-avec-toulon-20251004\" data-fig-type=\"NewsFlash\" data-gtm-custom-categorie=\"navigation\" data-gtm-custom-action=\"crossclick\" data-gtm-custom-label=\"Contextuel\" data-gtm-event=\"customEventSPE\" data-fig-domain=\"LEFIGARO\" target=\"_blank\" rel=\"noopener\">Ben White<\/a>\u00a0de deux saisons suppl\u00e9mentaires, jusqu\u2019en 2028. L\u2019international \u00e9cossais (27 ans, 30 s\u00e9lections), qui \u00e9tait pass\u00e9 par l\u2019\u00e9quipe d\u2019Angleterre U18 et U20, \u00e9tait arriv\u00e9 dans le Var en 2023 apr\u00e8s la mise en faillite des London Irish.<\/p>\n<p class=\"fig-paragraph\">\u00abBen s\u2019est parfaitement int\u00e9gr\u00e9 au projet du club. C\u2019est un joueur intelligent, exigeant et tr\u00e8s respect\u00e9 dans le vestiaire, a salu\u00e9 Pierre Mignoni, le directeur du rugby du club varois dans un communiqu\u00e9. Sa prolongation s\u2019inscrit dans la continuit\u00e9 de notre vision\u00a0: construire un groupe solide, ambitieux et fid\u00e8le aux valeurs du RCT.\u00bb<\/p>\n<p>                                    <a class=\"fig-a11y-skip a11y-hidden\" href=\"#fig-a11y-skip-main-inarticle\"><br \/>\n        Passer la publicit\u00e9<br \/>\n    <\/a><\/p>\n<p class=\"fig-paragraph\">Demi-finaliste du dernier Top 14, le RC Toulon est actuellement coleader du Top 14 avec Toulouse (29 points, avant de recevoir le Stade Fran\u00e7ais Paris, le 23 novembre, \u00e0 l\u2019occasion de la 10e journ\u00e9e du Top 14.<\/p>\n","protected":false},"excerpt":{"rendered":"Le num\u00e9ro 9 \u00e9cossais \u00e9tait arriv\u00e9 dans le Var en 2023 apr\u00e8s la faillite des London Irish. Le\u00a0Rugby&hellip;\n","protected":false},"author":2,"featured_media":535169,"comment_status":"","ping_status":"","sticky":false,"template":"","format":"standard","meta":{"footnotes":""},"categories":[9619],"tags":[1111,11,6609,1777,674,1011,27,12,882,3461,25,10405,2310,33375],"class_list":{"0":"post-535168","1":"post","2":"type-post","3":"status-publish","4":"format-standard","5":"has-post-thumbnail","7":"category-toulon","8":"tag-actu","9":"tag-actualites","10":"tag-ecosse","11":"tag-eu","12":"tag-europe","13":"tag-fr","14":"tag-france","15":"tag-news","16":"tag-provence-alpes-cote-dazur","17":"tag-rct","18":"tag-republique-francaise","19":"tag-rugby-club-toulonnais","20":"tag-toulon","21":"tag-xv-du-chardon"},"share_on_mastodon":{"url":"https:\/\/pubeurope.com\/@fr\/115551751569602444","error":""},"_links":{"self":[{"href":"https:\/\/www.europesays.com\/fr\/wp-json\/wp\/v2\/posts\/535168","targetHints":{"allow":["GET"]}}],"collection":[{"href":"https:\/\/www.europesays.com\/fr\/wp-json\/wp\/v2\/posts"}],"about":[{"href":"https:\/\/www.europesays.com\/fr\/wp-json\/wp\/v2\/types\/post"}],"author":[{"embeddable":true,"href":"https:\/\/www.europesays.com\/fr\/wp-json\/wp\/v2\/users\/2"}],"replies":[{"embeddable":true,"href":"https:\/\/www.europesays.com\/fr\/wp-json\/wp\/v2\/comments?post=535168"}],"version-history":[{"count":0,"href":"https:\/\/www.europesays.com\/fr\/wp-json\/wp\/v2\/posts\/535168\/revisions"}],"wp:featuredmedia":[{"embeddable":true,"href":"https:\/\/www.europesays.com\/fr\/wp-json\/wp\/v2\/media\/535169"}],"wp:attachment":[{"href":"https:\/\/www.europesays.com\/fr\/wp-json\/wp\/v2\/media?parent=535168"}],"wp:term":[{"taxonomy":"category","embeddable":true,"href":"https:\/\/www.europesays.com\/fr\/wp-json\/wp\/v2\/categories?post=535168"},{"taxonomy":"post_tag","embeddable":true,"href":"https:\/\/www.europesays.com\/fr\/wp-json\/wp\/v2\/tags?post=535168"}],"curies":[{"name":"wp","href":"https:\/\/api.w.org\/{rel}","templated":true}]}}