{"id":535172,"date":"2025-11-15T04:11:24","date_gmt":"2025-11-15T04:11:24","guid":{"rendered":"https:\/\/www.europesays.com\/fr\/535172\/"},"modified":"2025-11-15T04:11:24","modified_gmt":"2025-11-15T04:11:24","slug":"anciens-edvin-bongemba-montpellier-cest-ma-ville-et-le-montpellier-herault-mon-club-de-coeur","status":"publish","type":"post","link":"https:\/\/www.europesays.com\/fr\/535172\/","title":{"rendered":"[Anciens] Edvin Bongemba : \u201cMontpellier, c\u2019est ma ville et le Montpellier H\u00e9rault, mon club de c\u0153ur\u201d"},"content":{"rendered":"<p>Interview\u00e9 par le <a href=\"https:\/\/www.midilibre.fr\/2025\/11\/13\/le-mhsc-mon-club-de-coeur-edvin-bongemba-rco-agde-se-confie-avant-daffronter-montpellier-13045727.php\" title=\"Midi Libre\" target=\"_blank\" rel=\"noopener\">Midi Libre<\/a> avant le match de Coupe de France de dimanche apr\u00e8s-midi, l\u2019attaquant ou milieu offensif du RCO Agde, Edvin Bongemba, va vivre un match particulier face \u00e0 son club formateur le Montpellier H\u00e9rault Sport Club. \u201cOui c\u2019est clair. Montpellier, c\u2019est ma ville et le Montpellier H\u00e9rault, c\u2019est mon club de c\u0153ur. J\u2019y \u00e9tais il n\u2019y a m\u00eame pas deux ans, donc c\u2019est s\u00fbr que ce sera un moment tr\u00e8s fort pour moi et mes co\u00e9quipiers form\u00e9s au MHSC. Surtout que j\u2019y ai encore beaucoup d\u2019amis, que ce soit dans le groupe ou dans le staff. On est vraiment impatients d\u2019y \u00eatre et de vivre ces moments.\u201d<\/p>\n<p>Pas conserv\u00e9 par le club pailladin il y a deux \u00e9t\u00e9s, le joueur originaire de Montpellier et vainqueur des Jeux M\u00e9diterran\u00e9ens 2022 avec l\u2019\u00c9quipe de France U18 n\u2019\u00e9prouve aucune sentiment de revanche. \u201cTr\u00e8s honn\u00eatement, pas du tout. Et pour en avoir discut\u00e9 avec d\u2019autres joueurs, ils sont aussi dans cet \u00e9tat d\u2019esprit. On est contents d\u2019affronter notre club formateur, tout simplement.\u201d<\/p>\n","protected":false},"excerpt":{"rendered":"Interview\u00e9 par le Midi Libre avant le match de Coupe de France de dimanche apr\u00e8s-midi, l\u2019attaquant ou milieu&hellip;\n","protected":false},"author":2,"featured_media":535173,"comment_status":"","ping_status":"","sticky":false,"template":"","format":"standard","meta":{"footnotes":""},"categories":[9599],"tags":[328,1111,11,8132,1777,674,1011,27,2208,12,2680,65465,25],"class_list":{"0":"post-535172","1":"post","2":"type-post","3":"status-publish","4":"format-standard","5":"has-post-thumbnail","7":"category-montpellier","8":"tag-a-la-une","9":"tag-actu","10":"tag-actualites","11":"tag-anciens","12":"tag-eu","13":"tag-europe","14":"tag-fr","15":"tag-france","16":"tag-montpellier","17":"tag-news","18":"tag-occitanie","19":"tag-rcoa-mhsc","20":"tag-republique-francaise"},"share_on_mastodon":{"url":"https:\/\/pubeurope.com\/@fr\/115551763396203952","error":""},"_links":{"self":[{"href":"https:\/\/www.europesays.com\/fr\/wp-json\/wp\/v2\/posts\/535172","targetHints":{"allow":["GET"]}}],"collection":[{"href":"https:\/\/www.europesays.com\/fr\/wp-json\/wp\/v2\/posts"}],"about":[{"href":"https:\/\/www.europesays.com\/fr\/wp-json\/wp\/v2\/types\/post"}],"author":[{"embeddable":true,"href":"https:\/\/www.europesays.com\/fr\/wp-json\/wp\/v2\/users\/2"}],"replies":[{"embeddable":true,"href":"https:\/\/www.europesays.com\/fr\/wp-json\/wp\/v2\/comments?post=535172"}],"version-history":[{"count":0,"href":"https:\/\/www.europesays.com\/fr\/wp-json\/wp\/v2\/posts\/535172\/revisions"}],"wp:featuredmedia":[{"embeddable":true,"href":"https:\/\/www.europesays.com\/fr\/wp-json\/wp\/v2\/media\/535173"}],"wp:attachment":[{"href":"https:\/\/www.europesays.com\/fr\/wp-json\/wp\/v2\/media?parent=535172"}],"wp:term":[{"taxonomy":"category","embeddable":true,"href":"https:\/\/www.europesays.com\/fr\/wp-json\/wp\/v2\/categories?post=535172"},{"taxonomy":"post_tag","embeddable":true,"href":"https:\/\/www.europesays.com\/fr\/wp-json\/wp\/v2\/tags?post=535172"}],"curies":[{"name":"wp","href":"https:\/\/api.w.org\/{rel}","templated":true}]}}