{"id":535174,"date":"2025-11-15T04:13:30","date_gmt":"2025-11-15T04:13:30","guid":{"rendered":"https:\/\/www.europesays.com\/fr\/535174\/"},"modified":"2025-11-15T04:13:30","modified_gmt":"2025-11-15T04:13:30","slug":"le-coup-denvoi-du-derby-rouen-qrm-decale-en-raison-de-laffluence","status":"publish","type":"post","link":"https:\/\/www.europesays.com\/fr\/535174\/","title":{"rendered":"le coup d&rsquo;envoi du derby Rouen-QRM d\u00e9cal\u00e9 en raison de l&rsquo;affluence"},"content":{"rendered":"<p>Le derby normand tant attendu entre le FC Rouen 1899 et l\u2019Union sportive de Quevilly Rouen M\u00e9tropole (QRM), comptant pour <a href=\"https:\/\/www.foot-national.com\/data\/calendrier-national-16.html\" target=\"_blank\" rel=\"noopener\">la seizi\u00e8me journ\u00e9e<\/a> du championnat National, qui sera \u00e0 suivre <a href=\"https:\/\/www.foot-national.com\/data\/live-national.html\" target=\"_blank\" rel=\"noopener\">en direct<\/a> sur Foot-National, subit un l\u00e9ger changement d&rsquo;horaire. Initialement pr\u00e9vu le vendredi 12 d\u00e9cembre \u00e0 19h30, le coup d&rsquo;envoi sera finalement donn\u00e9 \u00e0 20h00. Ce d\u00e9calage a \u00e9t\u00e9 annonc\u00e9 par le FC Rouen 1899 : \u00ab\u00a0En raison de la tr\u00e8s forte affluence attendue et afin de fluidifier votre acc\u00e8s dans le stade, le coup d&rsquo;envoi du match contre Quevilly est d\u00e9cal\u00e9 de 19h30 \u00e0 20h00.\u00a0\u00bb<\/p>\n<blockquote class=\"twitter-tweet\">\n<p dir=\"ltr\" lang=\"fr\">En raison de la tr\u00e8s forte affluence attendue et afin de fluidifier votre acc\u00e8s dans le stade, le coup d&rsquo;envoi du match contre Quevilly est d\u00e9cal\u00e9 de 19h30 \u00e0 20h00. \ud83d\uddd3\ufe0f<\/p>\n<p>Des places sont d\u00e9j\u00e0 en vente pour ce match gr\u00e2ce \u00e0 notre offre pack duo !<br \/>\u27a1\ufe0f\ud835\udde5\ud835\uddf2\ud835\uddfb\ud835\uddf1\ud835\uddf2\ud835\ude07-\ud835\ude03\ud835\uddfc\ud835\ude02\ud835\ude00 \ud835\ude00\ud835\ude02\ud835\uddff \ud835\uddf9\ud835\uddee\u2026 <a href=\"https:\/\/t.co\/rvkmHkihlS\">pic.twitter.com\/rvkmHkihlS<\/a><\/p>\n<p>\u2014 FC Rouen 1899 (@fcr1899) <a href=\"https:\/\/twitter.com\/fcr1899\/status\/1989024958337458217?ref_src=twsrc%5Etfw\" target=\"_blank\" rel=\"noopener\">November 13, 2025<\/a><\/p>\n<\/blockquote>\n<p><strong>Rouen en t\u00eate, QRM proche de la zone rouge<\/strong><\/p>\n<p>Ce derby s&rsquo;annonce particuli\u00e8rement d\u00e9s\u00e9quilibr\u00e9 au vu du classement actuel. Le FC Rouen 1899 est en excellente posture et caracole en t\u00eate du championnat National. Le club compte une avance confortable de quatre points sur son premier poursuivant, Dijon, et de six points sur Sochaux (troisi\u00e8me) et Versailles (quatri\u00e8me). \u00c0 l&rsquo;inverse, QRM traverse une p\u00e9riode difficile. Le club pointe \u00e0 une inqui\u00e9tante quinzi\u00e8me place avec seulement neuf points, accumul\u00e9s via deux victoires, trois matchs nuls et sept d\u00e9faites. Ce match est donc crucial pour les deux \u00e9quipes, mais pour des objectifs totalement diff\u00e9rents.<\/p>\n<p>Partagez cette info avec vos amis et vos proches en cliquant ici<br \/>Pour r\u00e9sumer<\/p>\n<p>Le derby normand entre le FC Rouen 1899 et Quevilly Rouen M\u00e9tropole (QRM) comptant pour la seizi\u00e8me journ\u00e9e du championnat National, qui sera \u00e0 suivre en direct sur Foot-National, suscite un engouement tel que l&rsquo;horaire de la rencontre a d\u00fb \u00eatre modifi\u00e9.<\/p>\n<p> <img decoding=\"async\" width=\"76\" height=\"76\" loading=\"lazy\" src=\"https:\/\/static.wui.fr\/images_v3\/avatar-footnational.png\" alt=\"Aris Djennadi\"\/><script async src=\"https:\/\/platform.twitter.com\/widgets.js\" charset=\"utf-8\"><\/script><\/p>\n","protected":false},"excerpt":{"rendered":"Le derby normand tant attendu entre le FC Rouen 1899 et l\u2019Union sportive de Quevilly Rouen M\u00e9tropole (QRM),&hellip;\n","protected":false},"author":2,"featured_media":535175,"comment_status":"","ping_status":"","sticky":false,"template":"","format":"standard","meta":{"footnotes":""},"categories":[9587],"tags":[1111,11,1777,674,1011,27,59645,12,5161,25,9590],"class_list":{"0":"post-535174","1":"post","2":"type-post","3":"status-publish","4":"format-standard","5":"has-post-thumbnail","7":"category-rouen","8":"tag-actu","9":"tag-actualites","10":"tag-eu","11":"tag-europe","12":"tag-fr","13":"tag-france","14":"tag-national-actus","15":"tag-news","16":"tag-normandie","17":"tag-republique-francaise","18":"tag-rouen"},"share_on_mastodon":{"url":"https:\/\/pubeurope.com\/@fr\/115551772133418735","error":""},"_links":{"self":[{"href":"https:\/\/www.europesays.com\/fr\/wp-json\/wp\/v2\/posts\/535174","targetHints":{"allow":["GET"]}}],"collection":[{"href":"https:\/\/www.europesays.com\/fr\/wp-json\/wp\/v2\/posts"}],"about":[{"href":"https:\/\/www.europesays.com\/fr\/wp-json\/wp\/v2\/types\/post"}],"author":[{"embeddable":true,"href":"https:\/\/www.europesays.com\/fr\/wp-json\/wp\/v2\/users\/2"}],"replies":[{"embeddable":true,"href":"https:\/\/www.europesays.com\/fr\/wp-json\/wp\/v2\/comments?post=535174"}],"version-history":[{"count":0,"href":"https:\/\/www.europesays.com\/fr\/wp-json\/wp\/v2\/posts\/535174\/revisions"}],"wp:featuredmedia":[{"embeddable":true,"href":"https:\/\/www.europesays.com\/fr\/wp-json\/wp\/v2\/media\/535175"}],"wp:attachment":[{"href":"https:\/\/www.europesays.com\/fr\/wp-json\/wp\/v2\/media?parent=535174"}],"wp:term":[{"taxonomy":"category","embeddable":true,"href":"https:\/\/www.europesays.com\/fr\/wp-json\/wp\/v2\/categories?post=535174"},{"taxonomy":"post_tag","embeddable":true,"href":"https:\/\/www.europesays.com\/fr\/wp-json\/wp\/v2\/tags?post=535174"}],"curies":[{"name":"wp","href":"https:\/\/api.w.org\/{rel}","templated":true}]}}