{"id":535180,"date":"2025-11-15T04:16:19","date_gmt":"2025-11-15T04:16:19","guid":{"rendered":"https:\/\/www.europesays.com\/fr\/535180\/"},"modified":"2025-11-15T04:16:19","modified_gmt":"2025-11-15T04:16:19","slug":"le-doyen-des-bretons-rene-barre-decede-a-lage-de-108-ans-un-mois-apres-avoir-recu-la","status":"publish","type":"post","link":"https:\/\/www.europesays.com\/fr\/535180\/","title":{"rendered":"Le doyen des Bretons, Ren\u00e9 Barre, d\u00e9c\u00e8de \u00e0 l\u2019\u00e2ge de 108\u00a0ans, un mois apr\u00e8s avoir re\u00e7u la"},"content":{"rendered":"<p>Il s\u2019appr\u00eatait \u00e0 f\u00eater son 109e anniversaire le 16\u00a0d\u00e9cembre 2025. Ce vendredi 14\u00a0novembre 2025, Ren\u00e9 Barre, le doyen de Bretagne, s\u2019en est all\u00e9.<\/p>\n<p><a href=\"https:\/\/rennes.maville.com\/actu\/actudet_--un-caractere-bien-trempe-a-108-ans-le-doyen-des-bretons-decore-de-la-legion-d-honneur-a-rennes-_7-7021791_actu.Htm\" target=\"_blank\" rel=\"noopener\">Un mois plus t\u00f4t, le 7\u00a0octobre, il recevait la L\u00e9gion d\u2019honneur \u00e0 la maison de retraite Ga\u00ebtan-Herv\u00e9 \u00e0 Rennes (Ille-et-Vilaine)<\/a>. Une r\u00e9compense attribu\u00e9e \u00e0 point nomm\u00e9e. Celui qui se disait alors<strong> \u00ab\u00a0tr\u00e8s heureux de recevoir la plus haute distinction de la R\u00e9publique\u00a0\u00bb<\/strong>, peut partir avec le sentiment du devoir accompli.<\/p>\n<p>\u00ab\u00a0Un caract\u00e8re bien tremp\u00e9\u00a0\u00bb<\/p>\n<p>Ren\u00e9 Barre, veuf de Marthe Gouesbier, laisse derri\u00e8re lui deux fils et deux filles qui garderont le souvenir d\u2019un homme \u00e0 la vie bien remplie.<\/p>\n<p>Pr\u00e9sent \u00e0 l\u2019occasion de la c\u00e9r\u00e9monie de la L\u00e9gion d\u2019honneur, l\u2019un d\u2019entre eux d\u00e9crivait alors Ren\u00e9 Barre comme <strong>\u00ab\u00a0quelqu\u2019un qui a un caract\u00e8re bien tremp\u00e9, avec la volont\u00e9 de bien faire les choses, d\u2019aller jusqu\u2019au bout\u00a0\u00bb<\/strong>.<\/p>\n<p>Du STO \u00e0 Odorico en passant par la SNCF<\/p>\n<p>N\u00e9 en d\u00e9cembre\u00a01916 \u00e0 la maternit\u00e9 de l\u2019H\u00f4tel-Dieu de la capitale bretonne, Ren\u00e9 Barre a fait partie des appel\u00e9s lors\u00a0de la mobilisation g\u00e9n\u00e9rale du 2\u00a0septembre 1939 au d\u00e9but de la Seconde Guerre mondiale. Par la suite, il est contraint de rejoindre le Service du travail obligatoire \u00e0 Dantzig. <strong>\u00ab\u00a0Lors d\u2019une permission, il parvient \u00e0 s\u2019\u00e9chapper et se cache en Bretagne, dans la clandestinit\u00e9\u00a0\u00bb<\/strong>, racontait un de ses fils, Didier.<\/p>\n<p>Il a ensuite travaill\u00e9 chez le c\u00e9l\u00e8bre artisan mosa\u00efste Odorico puis \u00e0 la SNCF en tant que conducteur d\u2019autorail. Au-del\u00e0 de sa carri\u00e8re de cheminot, Ren\u00e9 Barre a surtout \u00e9t\u00e9 un membre important au sein <a href=\"https:\/\/rennes.maville.com\/actu\/actudet_-a-rennes-le-village-des-castors-fete-ses-70-ans-_52674-5822769_actu.Htm\" target=\"_blank\" rel=\"noopener\">des Castors rennais<\/a>. Ces fameux habitants ont particip\u00e9 \u00e0 dresser 170\u00a0maisons en autoconstruction entre\u00a01953 et\u00a01958 dans le quartier de la Binquenais.<\/p>\n<p>Des engagements marquants et ind\u00e9l\u00e9biles \u00e0 l\u2019\u00e9chelle de son quartier et de Rennes, sa ville de naissance.<\/p>\n<p>\u00a0<\/p>\n","protected":false},"excerpt":{"rendered":"Il s\u2019appr\u00eatait \u00e0 f\u00eater son 109e anniversaire le 16\u00a0d\u00e9cembre 2025. Ce vendredi 14\u00a0novembre 2025, Ren\u00e9 Barre, le doyen&hellip;\n","protected":false},"author":2,"featured_media":535181,"comment_status":"","ping_status":"","sticky":false,"template":"","format":"standard","meta":{"footnotes":""},"categories":[2821],"tags":[65467,1111,11,317,1764,18121,829,20870,1762,65466,1777,674,1011,27,14472,17284,2561,12,10621,47643,584,25],"class_list":{"0":"post-535180","1":"post","2":"type-post","3":"status-publish","4":"format-standard","5":"has-post-thumbnail","7":"category-rennes","8":"tag-65467","9":"tag-actu","10":"tag-actualites","11":"tag-age","12":"tag-ans","13":"tag-barre","14":"tag-bretagne","15":"tag-bretons","16":"tag-decede","17":"tag-doyen","18":"tag-eu","19":"tag-europe","20":"tag-fr","21":"tag-france","22":"tag-honneur","23":"tag-legion","24":"tag-mois","25":"tag-news","26":"tag-recu","27":"tag-rene","28":"tag-rennes","29":"tag-republique-francaise"},"share_on_mastodon":{"url":"https:\/\/pubeurope.com\/@fr\/115551783250787279","error":""},"_links":{"self":[{"href":"https:\/\/www.europesays.com\/fr\/wp-json\/wp\/v2\/posts\/535180","targetHints":{"allow":["GET"]}}],"collection":[{"href":"https:\/\/www.europesays.com\/fr\/wp-json\/wp\/v2\/posts"}],"about":[{"href":"https:\/\/www.europesays.com\/fr\/wp-json\/wp\/v2\/types\/post"}],"author":[{"embeddable":true,"href":"https:\/\/www.europesays.com\/fr\/wp-json\/wp\/v2\/users\/2"}],"replies":[{"embeddable":true,"href":"https:\/\/www.europesays.com\/fr\/wp-json\/wp\/v2\/comments?post=535180"}],"version-history":[{"count":0,"href":"https:\/\/www.europesays.com\/fr\/wp-json\/wp\/v2\/posts\/535180\/revisions"}],"wp:featuredmedia":[{"embeddable":true,"href":"https:\/\/www.europesays.com\/fr\/wp-json\/wp\/v2\/media\/535181"}],"wp:attachment":[{"href":"https:\/\/www.europesays.com\/fr\/wp-json\/wp\/v2\/media?parent=535180"}],"wp:term":[{"taxonomy":"category","embeddable":true,"href":"https:\/\/www.europesays.com\/fr\/wp-json\/wp\/v2\/categories?post=535180"},{"taxonomy":"post_tag","embeddable":true,"href":"https:\/\/www.europesays.com\/fr\/wp-json\/wp\/v2\/tags?post=535180"}],"curies":[{"name":"wp","href":"https:\/\/api.w.org\/{rel}","templated":true}]}}