{"id":535202,"date":"2025-11-15T04:28:16","date_gmt":"2025-11-15T04:28:16","guid":{"rendered":"https:\/\/www.europesays.com\/fr\/535202\/"},"modified":"2025-11-15T04:28:16","modified_gmt":"2025-11-15T04:28:16","slug":"meteo-le-vent-qui-porte-des-poussieres-desertiques-va-t-il-epargner-toulouse-et-loccitanie-ce-week-end","status":"publish","type":"post","link":"https:\/\/www.europesays.com\/fr\/535202\/","title":{"rendered":"M\u00e9t\u00e9o. Le vent qui porte des poussi\u00e8res d\u00e9sertiques va-t-il \u00e9pargner Toulouse et l&rsquo;Occitanie ce week-end\u00a0?"},"content":{"rendered":"<p>                    Par<br \/>\n        <strong><br \/>\n            <a href=\"https:\/\/actu.fr\/auteur\/redaction-toulouse\" title=\"Consulter tous les articles de R\u00e9daction de Toulouse\" target=\"_blank\" rel=\"noopener\">R\u00e9daction de Toulouse<\/a><br \/>\n                    <\/strong><\/p>\n<p>        Publi\u00e9 le<\/p>\n<p>            15 nov. 2025 \u00e0 5h04        <\/p>\n<p>Du vent, du vent, toujours du vent. La semaine du 10\u00a0novembre a \u00e9t\u00e9 marqu\u00e9e par des rafales incessantes, parfois violentes, \u00e0 Toulouse et en Occitanie. Le vent est m\u00eame venu charg\u00e9 de particules d\u00e9sertiques, <a href=\"https:\/\/actu.fr\/societe\/avec-le-vent-les-poussieres-desertiques-deferlent-un-episode-de-pollution-en-cours-en-haute-garonne_63437877.html\" target=\"_blank\" rel=\"noopener\">d\u00e9gradant fortement la qualit\u00e9 de l\u2019air<\/a> dans la r\u00e9gion. Cet \u00e9pisode va-t-il continuer ce week-end\u2009?<\/p>\n<p>Samedi \u00e0 Toulouse et en Occitanie<\/p>\n<p class=\" wall-content\">Ce samedi 15\u00a0novembre 2025, les Toulousains pourront enfin profiter d\u2019une m\u00e9t\u00e9o cl\u00e9mente, sans rafales de vent. 19 degr\u00e9s sont attendus l\u2019apr\u00e8s-midi avec des \u00e9claircies tout au long de la journ\u00e9e. Le vent ne se l\u00e8vera qu\u2019en soir\u00e9e, et ne devrait pas d\u00e9passer les 40\u00a0km\/h.<\/p>\n<p>    <img   decoding=\"async\" loading=\"lazy\" src=\"https:\/\/www.europesays.com\/fr\/wp-content\/uploads\/2025\/11\/meteo-toulouse-samedi-960x640.jpg\" alt=\"Ce samedi, la m\u00e9t\u00e9o \u00e0 Toulouse s'annonce cl\u00e9mente.\" width=\"960\" height=\"640\"\/><br \/>\n    Ce samedi, la m\u00e9t\u00e9o \u00e0 Toulouse s\u2019annonce cl\u00e9mente. (\u00a9M\u00e9t\u00e9o France)<\/p>\n<p class=\" wall-content\">Dans la r\u00e9gion, ce samedi s\u2019annonce \u00e9galement doux, avec un ciel nuageux mais des \u00e9claircies. 17\u00b0C sont attendus au sud de l\u2019Occitanie \u00e0 Foix et Saint-Gaudens, contre 19\u00b0C dans tout le centre de la r\u00e9gion. Pas de rafales de vent pr\u00e9vues.<\/p>\n<p>    <img   decoding=\"async\" loading=\"lazy\" src=\"https:\/\/www.europesays.com\/fr\/wp-content\/uploads\/2025\/11\/meteo-samedi-occitanie-960x640.jpg\" alt=\"Ce samedi, la m\u00e9t\u00e9o en Occitanie s'annonce cl\u00e9mente.\" width=\"960\" height=\"640\"\/><br \/>\n    Ce samedi, la m\u00e9t\u00e9o en Occitanie s\u2019annonce cl\u00e9mente. (\u00a9M\u00e9t\u00e9o France)Ce dimanche<\/p>\n<p class=\" wall-content\">Ce dimanche, m\u00eame temps que le samedi, mais avec quelques degr\u00e9s de moins \u00e0 Toulouse\u2009: 14\u00b0C le matin, 16\u00b0C l\u2019apr\u00e8s-midi et des \u00e9claircies, tout le long de la journ\u00e9e. Le vent \u00e9pargnera \u00e0 nouveau la Ville rose.<\/p>\n<p>Vid\u00e9os : en ce moment sur Actu<br \/>\n    <img   decoding=\"async\" loading=\"lazy\" src=\"https:\/\/www.europesays.com\/fr\/wp-content\/uploads\/2025\/11\/meteo-occitanie-dimanche-16-960x640.jpg\" alt=\"Les temp\u00e9ratures seront douces ce dimanche.\" width=\"960\" height=\"640\"\/><br \/>\n    Les temp\u00e9ratures seront douces ce dimanche. (\u00a9M\u00e9t\u00e9o France)<\/p>\n<p class=\" wall-content\">En Occitanie, seuls le nord et le sud seront touch\u00e9s par la pluie dimanche 16\u00a0novembre\u2009: Laguiole, Saint-C\u00e9r\u00e9, Mende, Al\u00e8s et Nimes.<\/p>\n<p>Votre r\u00e9gion, votre actu !<\/p>\n<p>Recevez chaque jour les infos qui comptent pour vous.<\/p>\n<p>\t<a href=\"https:\/\/actu.fr\/newsletter\" class=\"ac-btn ac-btn--corner ac-btn--medium ac-btn--blue800\" target=\"_blank\" rel=\"noopener\">S&rsquo;incrire<\/a><\/p>\n<p>    <img   decoding=\"async\" loading=\"lazy\" src=\"https:\/\/www.europesays.com\/fr\/wp-content\/uploads\/2025\/11\/meteo-occi-oui-16-nov-960x640.jpg\" alt=\"La m\u00e9t\u00e9o en Occitanie dimanche 16 novembre.\" width=\"960\" height=\"640\"\/><br \/>\n    La m\u00e9t\u00e9o en Occitanie dimanche 16 novembre. (\u00a9M\u00e9t\u00e9o France)<\/p>\n<p class=\" wall-content\">Au sud, Tarbes, Saint-Gaudens, Foix et Perpignan seront aussi touch\u00e9s par de faibles pr\u00e9cipitations.<\/p>\n<p class=\" wall-content\">Personnalisez votre actualit\u00e9 en ajoutant vos villes et m\u00e9dias en favori avec <a href=\"https:\/\/moncompte.actu.fr\" title=\"D\u00e9couvez Mon Actu\" rel=\"nofollow noopener\" data-trk=\"{&quot;cta&quot;:{&quot;action&quot;:&quot;https:\\\/\\\/moncompte.actu.fr&quot;,&quot;category&quot;:&quot;mon compte&quot;,&quot;from&quot;:&quot;article footer&quot;,&quot;name&quot;:&quot;Mon actu&quot;,&quot;type&quot;:&quot;cta&quot;}}\" target=\"_blank\">Mon Actu<\/a>.<\/p>\n","protected":false},"excerpt":{"rendered":"Par R\u00e9daction de Toulouse Publi\u00e9 le 15 nov. 2025 \u00e0 5h04 Du vent, du vent, toujours du vent.&hellip;\n","protected":false},"author":2,"featured_media":535203,"comment_status":"","ping_status":"","sticky":false,"template":"","format":"standard","meta":{"footnotes":""},"categories":[2816],"tags":[1111,11,1777,674,1011,27,2487,2357,12,2680,25,2312],"class_list":{"0":"post-535202","1":"post","2":"type-post","3":"status-publish","4":"format-standard","5":"has-post-thumbnail","7":"category-toulouse","8":"tag-actu","9":"tag-actualites","10":"tag-eu","11":"tag-europe","12":"tag-fr","13":"tag-france","14":"tag-meteo","15":"tag-meteo-france","16":"tag-news","17":"tag-occitanie","18":"tag-republique-francaise","19":"tag-toulouse"},"share_on_mastodon":{"url":"https:\/\/pubeurope.com\/@fr\/115551832405574940","error":""},"_links":{"self":[{"href":"https:\/\/www.europesays.com\/fr\/wp-json\/wp\/v2\/posts\/535202","targetHints":{"allow":["GET"]}}],"collection":[{"href":"https:\/\/www.europesays.com\/fr\/wp-json\/wp\/v2\/posts"}],"about":[{"href":"https:\/\/www.europesays.com\/fr\/wp-json\/wp\/v2\/types\/post"}],"author":[{"embeddable":true,"href":"https:\/\/www.europesays.com\/fr\/wp-json\/wp\/v2\/users\/2"}],"replies":[{"embeddable":true,"href":"https:\/\/www.europesays.com\/fr\/wp-json\/wp\/v2\/comments?post=535202"}],"version-history":[{"count":0,"href":"https:\/\/www.europesays.com\/fr\/wp-json\/wp\/v2\/posts\/535202\/revisions"}],"wp:featuredmedia":[{"embeddable":true,"href":"https:\/\/www.europesays.com\/fr\/wp-json\/wp\/v2\/media\/535203"}],"wp:attachment":[{"href":"https:\/\/www.europesays.com\/fr\/wp-json\/wp\/v2\/media?parent=535202"}],"wp:term":[{"taxonomy":"category","embeddable":true,"href":"https:\/\/www.europesays.com\/fr\/wp-json\/wp\/v2\/categories?post=535202"},{"taxonomy":"post_tag","embeddable":true,"href":"https:\/\/www.europesays.com\/fr\/wp-json\/wp\/v2\/tags?post=535202"}],"curies":[{"name":"wp","href":"https:\/\/api.w.org\/{rel}","templated":true}]}}