{"id":535204,"date":"2025-11-15T04:29:25","date_gmt":"2025-11-15T04:29:25","guid":{"rendered":"https:\/\/www.europesays.com\/fr\/535204\/"},"modified":"2025-11-15T04:29:25","modified_gmt":"2025-11-15T04:29:25","slug":"le-candidat-farid-oukaid-menace-de-licenciement","status":"publish","type":"post","link":"https:\/\/www.europesays.com\/fr\/535204\/","title":{"rendered":"le candidat Farid Ouka\u00efd menac\u00e9 de licenciement"},"content":{"rendered":"<p>La course de Farid Ouka\u00efd pour emporter la mairie de Villeneuve d\u2019Ascq va conna\u00eetre un premier s\u00e9rieux obstacle ce vendredi 14 novembre. \u00c0 9h30, l\u2019ancien adjoint aux Sports de G\u00e9rard Caudron, <a title=\"L\u2019ex-adjoint Farid Ouka\u00efd dans les starting-blocks pour les municipales \u00e0 Villeneuve d\u2019Ascq\" href=\"https:\/\/www.mediacites.fr\/municipales-2026\/lille\/2025\/10\/02\/lex-adjoint-farid-oukaid-dans-les-starting-blocks-pour-les-municipales-a-villeneuve-dascq\/\" target=\"_blank\" rel=\"noopener\">en rupture totale avec ce dernier<\/a>, est convoqu\u00e9 pour un conseil de discipline par son employeur, la mairie de Lille. Il risque la r\u00e9vocation pure et simple de son poste de responsable fun\u00e9raire de la ville. Son tort\u202f? Avoir cr\u00e9\u00e9 une entreprise de pompes fun\u00e8bres, PF Noor, ce qui le place en conflit d\u2019int\u00e9r\u00eats flagrant avec son activit\u00e9 professionnelle.<\/p>\n<p>L\u2019affaire remonte \u00e0 plus de trois ans. Le 3 octobre 2022, la soci\u00e9t\u00e9 PF Noor est officiellement fond\u00e9e. Il s\u2019agit d\u2019une soci\u00e9t\u00e9 par actions simplifi\u00e9e unipersonnelle (Sasu) dont le pr\u00e9sident est Farid Ouka\u00efd. Elle est situ\u00e9e au 4 rue de l\u2019Abrisseau, une petite rue qui longe de cimeti\u00e8re de Lille Sud o\u00f9 le responsable des cimeti\u00e8res de Lille, le m\u00eame Farid Ouka\u00efd, dispose de ses bureaux. Son objet social\u202f? L\u2019organisation des fun\u00e9railles et cr\u00e9mations, le transport des corps avant et apr\u00e8s mise en bi\u00e8re, la vente de cercueil ou encore l\u2019entretien des monuments fun\u00e9raires et des pierres tombales.<\/p>\n<p>Pr\u00e9venir Martine Aubry en premier lieu<br \/>Voil\u00e0 longtemps que Farid Ouka\u00efd envisage de d\u00e9velopper une activit\u00e9 priv\u00e9e dans son secteur de c\u0153ur. Parmi ses motivations, la pauvret\u00e9 des\u00a0soins\u00a0\u2026<\/p>\n<p>Nous vous offrons l\u2019acc\u00e8s \u00e0 cet article<\/p>\n<p>Et \u00e0 toutes nos enqu\u00eates pendant deux jours\u00a0\u00a0! <br \/>Oui, on est g\u00e9n\u00e9reux \ud83d\ude09 Mais pensez aussi \u00e0 <a href=\"https:\/\/www.mediacites.fr\/sabonner\/\" target=\"_blank\" style=\"color:#fff\" rel=\"noopener\">vous abonner<\/a>\u00a0\u00a0!<\/p>\n<p>\t\tEn renseignant votre adresse, vous acceptez nos <a href=\"https:\/\/www.mediacites.fr\/conditions-generales-d-utilisation\/\" target=\"_blank\" rel=\"noopener\">conditions g\u00e9n\u00e9rales d\u2019utilisation<\/a>. <br \/>Mediacit\u00e9s s\u2019engage \u00e0 ne pas c\u00e9der votre adresse \u00e0 des tiers. En cas d\u2019\u00e9chec, \u00e9crivez \u00e0 <a href=\"https:\/\/www.mediacites.fr\/enquete\/lille\/2025\/11\/14\/villeneuve-dascq-le-candidat-farid-oukaid-menace-de-revocation-par-la-mairie-de-lille\/mailto:contact@mediacites.fr\" target=\"_blank\" rel=\"noopener\">contact@mediacites.fr<\/a><\/p>\n<ul>\n<li>J\u2019acc\u00e8de aux 4 \u00e9ditions de Mediacit\u00e9s (Lille, Lyon, Nantes et Toulouse)<\/li>\n<li>Je d\u00e9couvre un m\u00e9dia 100 % ind\u00e9pendant, avec 0 % de publicit\u00e9<\/li>\n<\/ul>\n<p>Envie de lire la\u00a0suite\u202f?<\/p>\n<p>Depuis neuf ans, Mediacit\u00e9s enqu\u00eate en toute ind\u00e9pendance dans votre ville. Gr\u00e2ce \u00e0 ses lecteurs\u202f! Abonnez\u2010vous pour ne rien manquer de nos enqu\u00eates, suivre les \u00e9lections municipales et soutenir un journal local d\u2019investigation.<\/p>\n<ul>\n<li>Acc\u00e8s aux 4 \u00e9ditions de Mediacit\u00e9s (Lille, Lyon, Nantes et Toulouse)<\/li>\n<li>100 % ind\u00e9pendant, avec 0 % de publicit\u00e9<\/li>\n<li>R\u00e9siliation facile \u00e0 tout moment<\/li>\n<\/ul>\n<p>Mediacit\u00e9s offre l\u2019acc\u00e8s \u00e0 cet article aux lecteurs de News2Com<\/p>\n<p>Et \u00e0 toutes nos enqu\u00eates pendant deux jours\u00a0\u00a0! <br \/>Oui, on est g\u00e9n\u00e9reux \ud83d\ude09 Mais pensez aussi \u00e0 <a href=\"https:\/\/www.mediacites.fr\/sabonner\/\" target=\"_blank\" style=\"color:#fff\" rel=\"noopener\">vous abonner<\/a>\u00a0\u00a0!<\/p>\n<p>\t\tEn renseignant votre adresse, vous acceptez nos <a href=\"https:\/\/www.mediacites.fr\/conditions-generales-d-utilisation\/\" target=\"_blank\" rel=\"noopener\">conditions g\u00e9n\u00e9rales d\u2019utilisation<\/a>. <br \/>Mediacit\u00e9s s\u2019engage \u00e0 ne pas c\u00e9der votre adresse \u00e0 des tiers. En cas d\u2019\u00e9chec, \u00e9crivez \u00e0 <a href=\"https:\/\/www.mediacites.fr\/enquete\/lille\/2025\/11\/14\/villeneuve-dascq-le-candidat-farid-oukaid-menace-de-revocation-par-la-mairie-de-lille\/mailto:contact@mediacites.fr\" target=\"_blank\" rel=\"noopener\">contact@mediacites.fr<\/a><\/p>\n<ul>\n<li>J\u2019acc\u00e8de aux 4 \u00e9ditions de Mediacit\u00e9s (Lille, Lyon, Nantes et Toulouse)<\/li>\n<li>Je d\u00e9couvre un m\u00e9dia 100 % ind\u00e9pendant, avec 0 % de publicit\u00e9<\/li>\n<\/ul>\n","protected":false},"excerpt":{"rendered":"La course de Farid Ouka\u00efd pour emporter la mairie de Villeneuve d\u2019Ascq va conna\u00eetre un premier s\u00e9rieux obstacle&hellip;\n","protected":false},"author":2,"featured_media":535205,"comment_status":"","ping_status":"","sticky":false,"template":"","format":"standard","meta":{"footnotes":""},"categories":[2815],"tags":[1111,11,28381,64560,1067,1777,674,65469,1011,27,811,65470,1307,30002,15626,3434,12,62420,25,22238],"class_list":{"0":"post-535204","1":"post","2":"type-post","3":"status-publish","4":"format-standard","5":"has-post-thumbnail","7":"category-lille","8":"tag-actu","9":"tag-actualites","10":"tag-cimetieres","11":"tag-conseil-de-discipline","12":"tag-enquete","13":"tag-eu","14":"tag-europe","15":"tag-farid-oukaid","16":"tag-fr","17":"tag-france","18":"tag-hauts-de-france","19":"tag-indigents","20":"tag-lille","21":"tag-lille-sud","22":"tag-martine-aubry","23":"tag-municipales-2026","24":"tag-news","25":"tag-pompes-funebres","26":"tag-republique-francaise","27":"tag-villeneuve-dascq"},"share_on_mastodon":{"url":"https:\/\/pubeurope.com\/@fr\/115551834456262863","error":""},"_links":{"self":[{"href":"https:\/\/www.europesays.com\/fr\/wp-json\/wp\/v2\/posts\/535204","targetHints":{"allow":["GET"]}}],"collection":[{"href":"https:\/\/www.europesays.com\/fr\/wp-json\/wp\/v2\/posts"}],"about":[{"href":"https:\/\/www.europesays.com\/fr\/wp-json\/wp\/v2\/types\/post"}],"author":[{"embeddable":true,"href":"https:\/\/www.europesays.com\/fr\/wp-json\/wp\/v2\/users\/2"}],"replies":[{"embeddable":true,"href":"https:\/\/www.europesays.com\/fr\/wp-json\/wp\/v2\/comments?post=535204"}],"version-history":[{"count":0,"href":"https:\/\/www.europesays.com\/fr\/wp-json\/wp\/v2\/posts\/535204\/revisions"}],"wp:featuredmedia":[{"embeddable":true,"href":"https:\/\/www.europesays.com\/fr\/wp-json\/wp\/v2\/media\/535205"}],"wp:attachment":[{"href":"https:\/\/www.europesays.com\/fr\/wp-json\/wp\/v2\/media?parent=535204"}],"wp:term":[{"taxonomy":"category","embeddable":true,"href":"https:\/\/www.europesays.com\/fr\/wp-json\/wp\/v2\/categories?post=535204"},{"taxonomy":"post_tag","embeddable":true,"href":"https:\/\/www.europesays.com\/fr\/wp-json\/wp\/v2\/tags?post=535204"}],"curies":[{"name":"wp","href":"https:\/\/api.w.org\/{rel}","templated":true}]}}