{"id":535214,"date":"2025-11-15T04:35:45","date_gmt":"2025-11-15T04:35:45","guid":{"rendered":"https:\/\/www.europesays.com\/fr\/535214\/"},"modified":"2025-11-15T04:35:45","modified_gmt":"2025-11-15T04:35:45","slug":"lyon-deux-restaurants-emblematiques-de-la-ville-en-danger","status":"publish","type":"post","link":"https:\/\/www.europesays.com\/fr\/535214\/","title":{"rendered":"Lyon : deux restaurants embl\u00e9matiques de la ville en danger"},"content":{"rendered":"<p>Le restaurant le Caf\u00e9 du Pond, situ\u00e9 dans le 6e arrondissement de Lyon, a \u00e9t\u00e9 plac\u00e9 en redressement judiciaire. Avant cet \u00e9tablissement, c&rsquo;est la brasserie Le R\u00e9publique qui a connu le m\u00eame sort.<\/p>\n<p>Deux restaurants embl\u00e9matiques de Lyon en danger ! <b>Le Caf\u00e9 du Pond<\/b> de la place Mar\u00e9chal Lyautey a \u00e9t\u00e9 plac\u00e9 <b>en redressement judiciaire<\/b>.<\/p>\n<p>Le g\u00e9rant veut s\u00e9curiser la tr\u00e9sorerie<\/p>\n<p>Selon <a class=\"url\" href=\"https:\/\/lyondecideurs.com\/2025\/11\/actu\/le-cafe-du-pond-de-benjamin-lavorel-en-redressement-judiciaire\/\" target=\"_blank\" rel=\"noopener\">Lyon D\u00e9cideurs<\/a>, c&rsquo;est le propri\u00e9taire\u00a0<b>Benjamin Lavorel<\/b> qui en a fait la demande.\u00a0<\/p>\n<p>Celui qui d\u00e9tient le restaurant depuis 2020 veut ainsi s\u00e9curiser la tr\u00e9sorerie et les emplois en attendant de passer l&rsquo;hiver apr\u00e8s un \u00e9t\u00e9 compliqu\u00e9.<\/p>\n<p>L&rsquo;entrepreneur affirme \u00e0 nos confr\u00e8res sa volont\u00e9 d&rsquo;\u00eatre plus serein \u00e0 propos de la tr\u00e9sorerie et des emplois notamment.<\/p>\n<p>Un autre restaurant lyonnais menac\u00e9<\/p>\n<p>La semaine derni\u00e8re, c&rsquo;est un autre restaurant embl\u00e9matique de Lyon qui a \u00e9t\u00e9 plac\u00e9 en redressement judiciaire par le tribunal des activit\u00e9s \u00e9conomiques.<\/p>\n<p>Situ\u00e9e dans le 2e arrondissement, <b>la brasserie Le R\u00e9publique<\/b> avait annonc\u00e9 la cessation de paiements. C&rsquo;est Aur\u00e9lien Liveneau qui en est le propri\u00e9taire depuis 2008.<\/p>\n<p><img loading=\"lazy\" decoding=\"async\" src=\"https:\/\/www.europesays.com\/fr\/wp-content\/uploads\/2025\/11\/1763181345_443_img\" width=\"350\" height=\"200\" border=\"0\" title=\"Le Caf\u00c3\u00a9 Lobut \u00c3\u00a0 Villeurbanne\"\/><\/p>\n<p>\u25baConso<\/p>\n<p style=\"font-size: 22px;\"><b>On conna\u00eet le meilleur bouchon lyonnais de 2025 et il n&rsquo;est pas \u00e0 Lyon<\/b><\/p>\n<p>Le 18 novembre prochain, le prix qui r\u00e9compense&#8230;<\/p>\n<p><\/p>\n","protected":false},"excerpt":{"rendered":"Le restaurant le Caf\u00e9 du Pond, situ\u00e9 dans le 6e arrondissement de Lyon, a \u00e9t\u00e9 plac\u00e9 en redressement&hellip;\n","protected":false},"author":2,"featured_media":535215,"comment_status":"","ping_status":"","sticky":false,"template":"","format":"standard","meta":{"footnotes":""},"categories":[1889],"tags":[1111,11,2430,65471,1777,674,1011,27,65472,2428,12,25,2923],"class_list":{"0":"post-535214","1":"post","2":"type-post","3":"status-publish","4":"format-standard","5":"has-post-thumbnail","7":"category-lyon","8":"tag-actu","9":"tag-actualites","10":"tag-auvergne-rhone-alpes","11":"tag-caf-du-pond","12":"tag-eu","13":"tag-europe","14":"tag-fr","15":"tag-france","16":"tag-le-rpublique","17":"tag-lyon","18":"tag-news","19":"tag-republique-francaise","20":"tag-restaurants"},"share_on_mastodon":{"url":"https:\/\/pubeurope.com\/@fr\/115551858389073588","error":""},"_links":{"self":[{"href":"https:\/\/www.europesays.com\/fr\/wp-json\/wp\/v2\/posts\/535214","targetHints":{"allow":["GET"]}}],"collection":[{"href":"https:\/\/www.europesays.com\/fr\/wp-json\/wp\/v2\/posts"}],"about":[{"href":"https:\/\/www.europesays.com\/fr\/wp-json\/wp\/v2\/types\/post"}],"author":[{"embeddable":true,"href":"https:\/\/www.europesays.com\/fr\/wp-json\/wp\/v2\/users\/2"}],"replies":[{"embeddable":true,"href":"https:\/\/www.europesays.com\/fr\/wp-json\/wp\/v2\/comments?post=535214"}],"version-history":[{"count":0,"href":"https:\/\/www.europesays.com\/fr\/wp-json\/wp\/v2\/posts\/535214\/revisions"}],"wp:featuredmedia":[{"embeddable":true,"href":"https:\/\/www.europesays.com\/fr\/wp-json\/wp\/v2\/media\/535215"}],"wp:attachment":[{"href":"https:\/\/www.europesays.com\/fr\/wp-json\/wp\/v2\/media?parent=535214"}],"wp:term":[{"taxonomy":"category","embeddable":true,"href":"https:\/\/www.europesays.com\/fr\/wp-json\/wp\/v2\/categories?post=535214"},{"taxonomy":"post_tag","embeddable":true,"href":"https:\/\/www.europesays.com\/fr\/wp-json\/wp\/v2\/tags?post=535214"}],"curies":[{"name":"wp","href":"https:\/\/api.w.org\/{rel}","templated":true}]}}