{"id":535216,"date":"2025-11-15T04:39:11","date_gmt":"2025-11-15T04:39:11","guid":{"rendered":"https:\/\/www.europesays.com\/fr\/535216\/"},"modified":"2025-11-15T04:39:11","modified_gmt":"2025-11-15T04:39:11","slug":"le-plus-grand-marche-de-noel-dile-de-france-de-retour-a-la-defense","status":"publish","type":"post","link":"https:\/\/www.europesays.com\/fr\/535216\/","title":{"rendered":"Le plus grand march\u00e9 de No\u00ebl d\u2019Ile-de-France de retour \u00e0 La D\u00e9fense"},"content":{"rendered":"<p>Cette ann\u00e9e encore le quartier d\u2019affaires accueille le plus grand march\u00e9 de No\u00ebl d\u2019Ile-de-France. Ouvert ce jeudi 13 novembre, ce march\u00e9 investit pour plus d\u2019un mois (jusqu\u2019au 28 d\u00e9cembre) le parvis de La D\u00e9fense o\u00f9 son chef d\u2019orchestre (la soci\u00e9t\u00e9 2A Organisation) promet \u00ab une exp\u00e9rience immersive unique \u00bb \u00e0 ses visiteurs (touristes, habitants ou salari\u00e9s du quartier) avec un march\u00e9 \u00ab encore plus XXL et f\u00e9\u00e9rique \u00bb.<\/p>\n<p>\u00c0 l\u2019ombre de la Grande Arche, sur 13 000 m2, le march\u00e9 accueille davantage de chalets (300), des installations in\u00e9dites et une sc\u00e9nographie enti\u00e8rement repens\u00e9e pour proposer \u00ab une v\u00e9ritable promenade enchant\u00e9e \u00bb dans \u00ab un d\u00e9cor spectaculaire m\u00ealant tradition et modernit\u00e9 \u00bb. Le programme d\u2019animations a, lui aussi, \u00e9t\u00e9 renforc\u00e9. La patinoire est plus grande cette ann\u00e9e. Et le march\u00e9 de No\u00ebl accueille aussi quatre man\u00e8ges dont deux nouveaux.<\/p>\n<p>Un \u00e9v\u00e9nement festif mais aussi \u00e9coresponsable, avec \u00ab un usage raisonn\u00e9 de l\u2019\u00e9nergie \u00bb et l\u2019utilisation de mat\u00e9riaux durables, et solidaire via la mise en place d\u2019une \u00ab consigne solidaire \u00bb dont l\u2019int\u00e9gralit\u00e9 des fonds r\u00e9colt\u00e9s sera revers\u00e9e \u00e0 l\u2019association nationale Ruban Rose (engag\u00e9e dans la lutte contre le cancer du sein) et \u00e0 six associations du r\u00e9seau solidaire du quartier d\u2019affaires (ASD, Le Cha\u00eenon Manquant, Proxit\u00e9, Cr\u00e9er Ton Avenir, La Salle \u00e0 Manger et\u00a0 Habitat et Humanisme).<\/p>\n<p>En 2024, l\u2019\u00e9v\u00e9nement avait rassembl\u00e9 plus de 1,5 million de visiteurs. Un record que son organisateur esp\u00e8re bien battre cette ann\u00e9e. R\u00e9ponse fin d\u00e9cembre.<\/p>\n","protected":false},"excerpt":{"rendered":"Cette ann\u00e9e encore le quartier d\u2019affaires accueille le plus grand march\u00e9 de No\u00ebl d\u2019Ile-de-France. Ouvert ce jeudi 13&hellip;\n","protected":false},"author":2,"featured_media":535217,"comment_status":"","ping_status":"","sticky":false,"template":"","format":"standard","meta":{"footnotes":""},"categories":[1592],"tags":[1111,11,1832,1777,674,1011,27,3314,662,58725,65473,12,626,25],"class_list":{"0":"post-535216","1":"post","2":"type-post","3":"status-publish","4":"format-standard","5":"has-post-thumbnail","7":"category-ile-de-france","8":"tag-actu","9":"tag-actualites","10":"tag-animation","11":"tag-eu","12":"tag-europe","13":"tag-fr","14":"tag-france","15":"tag-hauts-de-seine","16":"tag-ile-de-france","17":"tag-la-du00e9fense","18":"tag-marchu00e9-de-nou00ebl","19":"tag-news","20":"tag-paris","21":"tag-republique-francaise"},"share_on_mastodon":{"url":"https:\/\/pubeurope.com\/@fr\/115551873522608312","error":""},"_links":{"self":[{"href":"https:\/\/www.europesays.com\/fr\/wp-json\/wp\/v2\/posts\/535216","targetHints":{"allow":["GET"]}}],"collection":[{"href":"https:\/\/www.europesays.com\/fr\/wp-json\/wp\/v2\/posts"}],"about":[{"href":"https:\/\/www.europesays.com\/fr\/wp-json\/wp\/v2\/types\/post"}],"author":[{"embeddable":true,"href":"https:\/\/www.europesays.com\/fr\/wp-json\/wp\/v2\/users\/2"}],"replies":[{"embeddable":true,"href":"https:\/\/www.europesays.com\/fr\/wp-json\/wp\/v2\/comments?post=535216"}],"version-history":[{"count":0,"href":"https:\/\/www.europesays.com\/fr\/wp-json\/wp\/v2\/posts\/535216\/revisions"}],"wp:featuredmedia":[{"embeddable":true,"href":"https:\/\/www.europesays.com\/fr\/wp-json\/wp\/v2\/media\/535217"}],"wp:attachment":[{"href":"https:\/\/www.europesays.com\/fr\/wp-json\/wp\/v2\/media?parent=535216"}],"wp:term":[{"taxonomy":"category","embeddable":true,"href":"https:\/\/www.europesays.com\/fr\/wp-json\/wp\/v2\/categories?post=535216"},{"taxonomy":"post_tag","embeddable":true,"href":"https:\/\/www.europesays.com\/fr\/wp-json\/wp\/v2\/tags?post=535216"}],"curies":[{"name":"wp","href":"https:\/\/api.w.org\/{rel}","templated":true}]}}