{"id":535218,"date":"2025-11-15T04:40:12","date_gmt":"2025-11-15T04:40:12","guid":{"rendered":"https:\/\/www.europesays.com\/fr\/535218\/"},"modified":"2025-11-15T04:40:12","modified_gmt":"2025-11-15T04:40:12","slug":"ce-que-lon-sait-sur-lhomme-vise-par-des-tirs-policiers-a-la-gare-montparnasse","status":"publish","type":"post","link":"https:\/\/www.europesays.com\/fr\/535218\/","title":{"rendered":"ce que l&rsquo;on sait sur l&rsquo;homme vis\u00e9 par des tirs policiers \u00e0 la gare Montparnasse"},"content":{"rendered":"<p>                    Par<br \/>\n        <strong><br \/>\n            <a href=\"https:\/\/actu.fr\/auteur\/redaction-paris\" title=\"Consulter tous les articles de R\u00e9daction Paris\" target=\"_blank\" rel=\"noopener\">R\u00e9daction Paris<\/a><br \/>\n                    <\/strong><\/p>\n<p>        Publi\u00e9 le<\/p>\n<p>            14 nov. 2025 \u00e0 18h59        <\/p>\n<p>Il <strong>exhibait un couteau<\/strong> lorsque, \u00e0 la descente de son train \u00e0 la <a href=\"https:\/\/actu.fr\/tag\/gare-montparnasse\" target=\"_blank\" rel=\"noopener\">gare Montparnasse<\/a> (Paris), il a \u00e9t\u00e9 la cible de <a href=\"https:\/\/actu.fr\/ile-de-france\/paris_75056\/coups-de-feu-a-la-gare-montparnasse-a-paris-un-homme-abattu-de-deux-balles-en-descendant-d-un-train_63438759.html\" target=\"_blank\" rel=\"noopener\">tirs policiers<\/a> ce vendredi 14\u00a0novembre 2025. Mais que sait-on de cet homme \u00e2g\u00e9 de 44\u00a0ans et qui provenait de Rennes (Ille-et-Vilaine)\u2009? Selon le parquet de Paris, il a \u00e9t\u00e9 condamn\u00e9 en septembre dernier pour des faits de<strong> violence sur sa conjointe et un mineur<\/strong>.<\/p>\n<p>Violences sur conjointe et sur mineur<\/p>\n<p class=\" wall-content\">Selon le parquet de Paris, il a \u00e9t\u00e9\u00a0<strong>condamn\u00e9<\/strong> le 22\u00a0septembre 2025 par le tribunal correctionnel de Cr\u00e9teil, pour les infractions de<strong> violences ayant entra\u00een\u00e9 une incapacit\u00e9 de travail sup\u00e9rieure \u00e0 huit jours<\/strong>, par conjoint, en pr\u00e9sence d\u2019un mineur, pour des faits commis entre janvier\u00a02024 et septembre\u00a02025.<\/p>\n<p class=\" wall-content\">L\u2019homme a \u00e9galement \u00e9t\u00e9 condamn\u00e9 pour avoir prof\u00e9r\u00e9, en septembre dernier, des menaces de mort par conjoint et des violences sur un mineur.<\/p>\n<p class=\" wall-content\">Condamn\u00e9 \u00e0 <strong>18\u00a0mois d\u2019emprisonnement<\/strong> assortis d\u2019un sursis probatoire pendant deux ans, il \u00e9tait dans l\u2019obligation d\u2019exercer une activit\u00e9 professionnelle ou une formation, de<strong> se soumettre \u00e0 des soins<\/strong> et d\u2019indemniser les parties civiles. Il lui \u00e9tait interdit de para\u00eetre au domicile de la victime ainsi que sur son lieu de travail et de d\u00e9tenir une arme. Enfin, il \u00e9tait dans l\u2019obligation d\u2019exercer <a href=\"https:\/\/actu.fr\/faits-divers\/entre-pdagogie-et-dni-au-coeur-des-stages-pour-hommes-violents-en-seine-saint-denis_59603333.html\" target=\"_blank\" rel=\"noopener\">un stage de responsabilisation<\/a> pour la pr\u00e9vention et la lutte contre les violences au sein du couple et les violences sexistes.<\/p>\n<p class=\" wall-content\">Apr\u00e8s l\u2019incident de ce vendredi, deux enqu\u00eates ont \u00e9t\u00e9 ouvertes par le parquet de Paris\u2009: l\u2019une, confi\u00e9e au 3\u1d49 district de police judiciaire, sur la<strong> tentative d\u2019homicide sur personne d\u00e9positaire de l\u2019autorit\u00e9 publique<\/strong>, et l\u2019autre, confi\u00e9e \u00e0 l\u2019IGPN, porte sur le cadre dans lequel il a \u00e9t\u00e9 fait usage de l\u2019arme \u00e0 feu par une personne d\u00e9positaire de l\u2019autorit\u00e9 publique.<\/p>\n<p class=\" wall-content\">Personnalisez votre actualit\u00e9 en ajoutant vos villes et m\u00e9dias en favori avec <a href=\"https:\/\/moncompte.actu.fr\" title=\"D\u00e9couvez Mon Actu\" rel=\"nofollow noopener\" data-trk=\"{&quot;cta&quot;:{&quot;action&quot;:&quot;https:\\\/\\\/moncompte.actu.fr&quot;,&quot;category&quot;:&quot;mon compte&quot;,&quot;from&quot;:&quot;article footer&quot;,&quot;name&quot;:&quot;Mon actu&quot;,&quot;type&quot;:&quot;cta&quot;}}\" target=\"_blank\">Mon Actu<\/a>.<\/p>\n","protected":false},"excerpt":{"rendered":"Par R\u00e9daction Paris Publi\u00e9 le 14 nov. 2025 \u00e0 18h59 Il exhibait un couteau lorsque, \u00e0 la descente&hellip;\n","protected":false},"author":2,"featured_media":535219,"comment_status":"","ping_status":"","sticky":false,"template":"","format":"standard","meta":{"footnotes":""},"categories":[1888],"tags":[1111,1928,11,1927,1777,674,1011,27,8037,12,1926,626,1925,1072,25,104,798],"class_list":{"0":"post-535218","1":"post","2":"type-post","3":"status-publish","4":"format-standard","5":"has-post-thumbnail","7":"category-paris","8":"tag-actu","9":"tag-actu-paris","10":"tag-actualites","11":"tag-actualites-paris","12":"tag-eu","13":"tag-europe","14":"tag-fr","15":"tag-france","16":"tag-gare-montparnasse","17":"tag-news","18":"tag-news-paris","19":"tag-paris","20":"tag-paris-news","21":"tag-police","22":"tag-republique-francaise","23":"tag-societe","24":"tag-violences-conjugales"},"share_on_mastodon":{"url":"https:\/\/pubeurope.com\/@fr\/115551877618875027","error":""},"_links":{"self":[{"href":"https:\/\/www.europesays.com\/fr\/wp-json\/wp\/v2\/posts\/535218","targetHints":{"allow":["GET"]}}],"collection":[{"href":"https:\/\/www.europesays.com\/fr\/wp-json\/wp\/v2\/posts"}],"about":[{"href":"https:\/\/www.europesays.com\/fr\/wp-json\/wp\/v2\/types\/post"}],"author":[{"embeddable":true,"href":"https:\/\/www.europesays.com\/fr\/wp-json\/wp\/v2\/users\/2"}],"replies":[{"embeddable":true,"href":"https:\/\/www.europesays.com\/fr\/wp-json\/wp\/v2\/comments?post=535218"}],"version-history":[{"count":0,"href":"https:\/\/www.europesays.com\/fr\/wp-json\/wp\/v2\/posts\/535218\/revisions"}],"wp:featuredmedia":[{"embeddable":true,"href":"https:\/\/www.europesays.com\/fr\/wp-json\/wp\/v2\/media\/535219"}],"wp:attachment":[{"href":"https:\/\/www.europesays.com\/fr\/wp-json\/wp\/v2\/media?parent=535218"}],"wp:term":[{"taxonomy":"category","embeddable":true,"href":"https:\/\/www.europesays.com\/fr\/wp-json\/wp\/v2\/categories?post=535218"},{"taxonomy":"post_tag","embeddable":true,"href":"https:\/\/www.europesays.com\/fr\/wp-json\/wp\/v2\/tags?post=535218"}],"curies":[{"name":"wp","href":"https:\/\/api.w.org\/{rel}","templated":true}]}}