{"id":535220,"date":"2025-11-15T04:41:17","date_gmt":"2025-11-15T04:41:17","guid":{"rendered":"https:\/\/www.europesays.com\/fr\/535220\/"},"modified":"2025-11-15T04:41:17","modified_gmt":"2025-11-15T04:41:17","slug":"paris-coup-de-feu-gare-montparnasse-la-police-tire-sur-un-homme-qui-exhibait-un-couteau","status":"publish","type":"post","link":"https:\/\/www.europesays.com\/fr\/535220\/","title":{"rendered":"Paris : Coup de feu gare Montparnasse, la police tire sur un homme qui exhibait un couteau"},"content":{"rendered":"<p class=\"mb-4 text-lg md:leading-8 break-words\"><strong>enquete &#8211; Les forces de l\u2019ordre attendaient le suspect qui se rendait \u00e0 Paris apr\u00e8s avoir menac\u00e9 de mort sa femme et ses enfants<\/strong><\/p>\n<p class=\"mb-4 text-lg md:leading-8 break-words\">Panique \u00e0 la <a href=\"https:\/\/www.20minutes.fr\/dossier\/gare-montparnasse?at_medium=RSS%20feed&amp;at_campaign=ynews&amp;utm_source=yahoo&amp;utm_medium=rss&amp;utm_campaign=news_feed&amp;utm_content=in_article_link\" rel=\"nofollow noopener\" target=\"_blank\" data-ylk=\"slk:gare Montparnasse;elm:context_link;itc:0;sec:content-canvas\" class=\"link \">gare Montparnasse<\/a>. Un policier a ouvert le feu, ce vendredi apr\u00e8s-midi, sur un homme qui exhibait un couteau, apprend 20 Minutes aupr\u00e8s du parquet de <a href=\"https:\/\/www.20minutes.fr\/paris\/?at_medium=RSS%20feed&amp;at_campaign=ynews&amp;utm_source=yahoo&amp;utm_medium=rss&amp;utm_campaign=news_feed&amp;utm_content=in_article_link\" rel=\"nofollow noopener\" target=\"_blank\" data-ylk=\"slk:Paris;elm:context_link;itc:0;sec:content-canvas\" class=\"link \">Paris<\/a>, confirmant une information du site <a href=\"https:\/\/actu17.fr\/faits-divers\/paris-un-homme-arme-dun-couteau-neutralise-par-balle-par-la-police-a-la-gare-montparnasse.html?at_medium=RSS%20feed&amp;at_campaign=ynews&amp;utm_source=yahoo&amp;utm_medium=rss&amp;utm_campaign=news_feed&amp;utm_content=in_article_link\" rel=\"nofollow noopener\" target=\"_blank\" data-ylk=\"slk:Actu 17;elm:context_link;itc:0;sec:content-canvas\" class=\"link \">Actu 17<\/a>. Selon nos informations, le suspect, connu de la justice pour des affaires de violences conjugales, avait menac\u00e9 de mort sa femme et ses enfants et projetait de se rendre \u00e0 la capitale pour mettre \u00e0 ex\u00e9cution ses paroles.<\/p>\n<p class=\"mb-4 text-lg md:leading-8 break-words\">Il voyageait \u00e0 bord d\u2019un TGV en provenance de <a href=\"https:\/\/www.20minutes.fr\/rennes\/?at_medium=RSS%20feed&amp;at_campaign=ynews&amp;utm_source=yahoo&amp;utm_medium=rss&amp;utm_campaign=news_feed&amp;utm_content=in_article_link\" rel=\"nofollow noopener\" target=\"_blank\" data-ylk=\"slk:Rennes;elm:context_link;itc:0;sec:content-canvas\" class=\"link \">Rennes<\/a>. A la demande du parquet de Cr\u00e9teil et du commissariat de Cachan (Val-de-Marne), les policiers de la Brigade des R\u00e9seaux Ferr\u00e9s l\u2019attendaient sur le quai pour l\u2019interpeller. En voyant les forces de l\u2019ordre, l\u2019homme, \u00e2g\u00e9 de 44 ans, est parti en courant. Puis il a sorti un couteau et s\u2019est montr\u00e9 mena\u00e7ant.<\/p>\n<p>Des coups de couteau<\/p>\n<p class=\"mb-4 text-lg md:leading-8 break-words\">Un agent a ouvert le feu sur lui \u00ab\u00a0pour l\u2019interrompre\u00a0\u00bb. \u00ab\u00a0L\u2019homme se serait ensuite port\u00e9 coups de couteau\u00a0\u00bb, ajoute le parquet de Paris, pr\u00e9cisant que \u00ab\u00a0les secours ont \u00e9t\u00e9 appel\u00e9s en urgence\u00a0\u00bb. Toujours selon nos informations, une victime collat\u00e9rale aurait pris une balle dans le pied. Des renforts de police ont \u00e9t\u00e9 d\u00e9p\u00each\u00e9s sur place.<\/p>\n<p class=\"mb-4 text-lg md:leading-8 break-words\">Contact\u00e9 par 20 Minutes, le parquet de Cr\u00e9teil n\u2019a pas souhait\u00e9 communiquer \u00e0 ce stade de l\u2019affaire.<\/p>\n<p class=\"mb-4 text-lg md:leading-8 break-words\">Une partie de la gare Montparnasse a \u00e9t\u00e9 \u00e9vacu\u00e9e. \u00ab\u00a0Un p\u00e9rim\u00e8tre de s\u00e9curit\u00e9 a \u00e9t\u00e9 mis en place\u00a0\u00bb, a indiqu\u00e9 une porte-parole de la SNCF \u00e0 l\u2019AFP, pr\u00e9cisant que \u00ab\u00a0le trafic ferroviaire est l\u00e9g\u00e8rement perturb\u00e9 en cons\u00e9quence\u00a0\u00bb.<\/p>\n<p class=\"mb-4 text-lg md:leading-8 break-words\"><a href=\"https:\/\/www.20minutes.fr\/faits_divers\/4185692-20251114-paris-coup-feu-gare-montparnasse-police-tire-homme-exhibait-couteau?at_medium=RSS%20feed&amp;at_campaign=ynews&amp;utm_source=yahoo&amp;utm_medium=rss&amp;utm_campaign=news_feed&amp;utm_content=read_more_link&quot;\" rel=\"nofollow noopener\" target=\"_blank\" data-ylk=\"slk:Lire la suite sur 20minutes;elm:context_link;itc:0;sec:content-canvas\" class=\"link \">Lire la suite sur 20minutes<\/a><\/p>\n<p>\u00c0 lire aussi :<br \/><a href=\"https:\/\/www.20minutes.fr\/faits_divers\/faits-divers-paris\/4185493-20251113-paris-periple-sanglant-haku-haku-rasta-prenait-joker-batman?at_medium=RSS%20feed&amp;at_campaign=ynews&amp;utm_source=yahoo&amp;utm_medium=rss&amp;utm_campaign=news_feed&amp;utm_content=related_content_link\" rel=\"nofollow noopener\" target=\"_blank\" data-ylk=\"slk:Paris\u00a0: Le p\u00e9riple sanglant d\u2019Haku Haku, le \u00ab\u00a0rasta\u00a0\u00bb qui se prenait pour le Joker de Batman;elm:context_link;itc:0;sec:content-canvas\" class=\"link \">Paris\u00a0: Le p\u00e9riple sanglant d\u2019Haku Haku, le \u00ab\u00a0rasta\u00a0\u00bb qui se prenait pour le Joker de Batman<\/a><br \/><a href=\"https:\/\/www.20minutes.fr\/societe\/4185154-20251113-dix-ans-13-novembre-policiers-arrives-premier-lieux-attentats-heros-oublies?at_medium=RSS%20feed&amp;at_campaign=ynews&amp;utm_source=yahoo&amp;utm_medium=rss&amp;utm_campaign=news_feed&amp;utm_content=related_content_link\" rel=\"nofollow noopener\" target=\"_blank\" data-ylk=\"slk:Dix ans du 13-Novembre\u00a0: Ces policiers arriv\u00e9s en premier sur les lieux des attentats \u00ab\u00a0sont des h\u00e9ros oubli\u00e9s\u00a0\u00bb;elm:context_link;itc:0;sec:content-canvas\" class=\"link \">Dix ans du 13-Novembre\u00a0: Ces policiers arriv\u00e9s en premier sur les lieux des attentats \u00ab\u00a0sont des h\u00e9ros oubli\u00e9s\u00a0\u00bb<\/a><\/p>\n","protected":false},"excerpt":{"rendered":"enquete &#8211; Les forces de l\u2019ordre attendaient le suspect qui se rendait \u00e0 Paris apr\u00e8s avoir menac\u00e9 de&hellip;\n","protected":false},"author":2,"featured_media":535221,"comment_status":"","ping_status":"","sticky":false,"template":"","format":"standard","meta":{"footnotes":""},"categories":[1888],"tags":[1111,1928,11,1927,5264,1777,674,3160,1011,27,8037,24088,12,1926,626,1925,15002,25],"class_list":{"0":"post-535220","1":"post","2":"type-post","3":"status-publish","4":"format-standard","5":"has-post-thumbnail","7":"category-paris","8":"tag-actu","9":"tag-actu-paris","10":"tag-actualites","11":"tag-actualites-paris","12":"tag-couteau","13":"tag-eu","14":"tag-europe","15":"tag-forces-de-lordre","16":"tag-fr","17":"tag-france","18":"tag-gare-montparnasse","19":"tag-menace-de-mort","20":"tag-news","21":"tag-news-paris","22":"tag-paris","23":"tag-paris-news","24":"tag-perimetre-de-securite","25":"tag-republique-francaise"},"share_on_mastodon":{"url":"https:\/\/pubeurope.com\/@fr\/115551881386664119","error":""},"_links":{"self":[{"href":"https:\/\/www.europesays.com\/fr\/wp-json\/wp\/v2\/posts\/535220","targetHints":{"allow":["GET"]}}],"collection":[{"href":"https:\/\/www.europesays.com\/fr\/wp-json\/wp\/v2\/posts"}],"about":[{"href":"https:\/\/www.europesays.com\/fr\/wp-json\/wp\/v2\/types\/post"}],"author":[{"embeddable":true,"href":"https:\/\/www.europesays.com\/fr\/wp-json\/wp\/v2\/users\/2"}],"replies":[{"embeddable":true,"href":"https:\/\/www.europesays.com\/fr\/wp-json\/wp\/v2\/comments?post=535220"}],"version-history":[{"count":0,"href":"https:\/\/www.europesays.com\/fr\/wp-json\/wp\/v2\/posts\/535220\/revisions"}],"wp:featuredmedia":[{"embeddable":true,"href":"https:\/\/www.europesays.com\/fr\/wp-json\/wp\/v2\/media\/535221"}],"wp:attachment":[{"href":"https:\/\/www.europesays.com\/fr\/wp-json\/wp\/v2\/media?parent=535220"}],"wp:term":[{"taxonomy":"category","embeddable":true,"href":"https:\/\/www.europesays.com\/fr\/wp-json\/wp\/v2\/categories?post=535220"},{"taxonomy":"post_tag","embeddable":true,"href":"https:\/\/www.europesays.com\/fr\/wp-json\/wp\/v2\/tags?post=535220"}],"curies":[{"name":"wp","href":"https:\/\/api.w.org\/{rel}","templated":true}]}}