{"id":535226,"date":"2025-11-15T04:44:21","date_gmt":"2025-11-15T04:44:21","guid":{"rendered":"https:\/\/www.europesays.com\/fr\/535226\/"},"modified":"2025-11-15T04:44:21","modified_gmt":"2025-11-15T04:44:21","slug":"russie-six-morts-et-15-blesses-dans-une-collision-entre-un-bus-et-un-camion-2","status":"publish","type":"post","link":"https:\/\/www.europesays.com\/fr\/535226\/","title":{"rendered":"Russie : six morts et 15 bless\u00e9s dans une collision entre un bus et un camion"},"content":{"rendered":"<p>Six personnes ont \u00e9t\u00e9 tu\u00e9es et 15 autres bless\u00e9es dans un accident de la route entre un bus et un camion survenu vendredi dans la r\u00e9gion de la Kama, au centre de la Russie.<\/p>\n<p>\u00ab\u00a0Un camion et un bus sont entr\u00e9s en collision \u00e0 hauteur du kilom\u00e8tre 55 sur l&rsquo;autoroute R-243 reliant Kostroma \u00e0 Perm via Kirov\u00a0\u00bb, a expliqu\u00e9 un responsable local \u00e0 l&rsquo;agence de presse Tass.<\/p>\n<p>Des \u00e9quipes de secours se sont rendues sur place. La circulation est perturb\u00e9e dans la zone.<\/p>\n","protected":false},"excerpt":{"rendered":"Six personnes ont \u00e9t\u00e9 tu\u00e9es et 15 autres bless\u00e9es dans un accident de la route entre un bus&hellip;\n","protected":false},"author":2,"featured_media":535227,"comment_status":"","ping_status":"","sticky":false,"template":"","format":"standard","meta":{"footnotes":""},"categories":[1591],"tags":[11,1887,12,1885,1886,132],"class_list":{"0":"post-535226","1":"post","2":"type-post","3":"status-publish","4":"format-standard","5":"has-post-thumbnail","7":"category-russie","8":"tag-actualites","9":"tag-federation-de-russie","10":"tag-news","11":"tag-russia","12":"tag-russian-federation","13":"tag-russie"},"share_on_mastodon":{"url":"https:\/\/pubeurope.com\/@fr\/115551893240207532","error":""},"_links":{"self":[{"href":"https:\/\/www.europesays.com\/fr\/wp-json\/wp\/v2\/posts\/535226","targetHints":{"allow":["GET"]}}],"collection":[{"href":"https:\/\/www.europesays.com\/fr\/wp-json\/wp\/v2\/posts"}],"about":[{"href":"https:\/\/www.europesays.com\/fr\/wp-json\/wp\/v2\/types\/post"}],"author":[{"embeddable":true,"href":"https:\/\/www.europesays.com\/fr\/wp-json\/wp\/v2\/users\/2"}],"replies":[{"embeddable":true,"href":"https:\/\/www.europesays.com\/fr\/wp-json\/wp\/v2\/comments?post=535226"}],"version-history":[{"count":0,"href":"https:\/\/www.europesays.com\/fr\/wp-json\/wp\/v2\/posts\/535226\/revisions"}],"wp:featuredmedia":[{"embeddable":true,"href":"https:\/\/www.europesays.com\/fr\/wp-json\/wp\/v2\/media\/535227"}],"wp:attachment":[{"href":"https:\/\/www.europesays.com\/fr\/wp-json\/wp\/v2\/media?parent=535226"}],"wp:term":[{"taxonomy":"category","embeddable":true,"href":"https:\/\/www.europesays.com\/fr\/wp-json\/wp\/v2\/categories?post=535226"},{"taxonomy":"post_tag","embeddable":true,"href":"https:\/\/www.europesays.com\/fr\/wp-json\/wp\/v2\/tags?post=535226"}],"curies":[{"name":"wp","href":"https:\/\/api.w.org\/{rel}","templated":true}]}}