{"id":535229,"date":"2025-11-15T04:46:14","date_gmt":"2025-11-15T04:46:14","guid":{"rendered":"https:\/\/www.europesays.com\/fr\/535229\/"},"modified":"2025-11-15T04:46:14","modified_gmt":"2025-11-15T04:46:14","slug":"trump-exempte-de-droits-de-douane-de-nombreuses-denrees-importees","status":"publish","type":"post","link":"https:\/\/www.europesays.com\/fr\/535229\/","title":{"rendered":"Trump exempte de droits de douane de nombreuses denr\u00e9es import\u00e9es"},"content":{"rendered":"<p>WASHINGTON (Reuters) -Le pr\u00e9sident am\u00e9ricain Donald Trump a sign\u00e9 vendredi un d\u00e9cret exemptant de droits de douane \u00ab\u00a0r\u00e9ciproques\u00a0\u00bb une vaste palette de denr\u00e9es import\u00e9es comme le boeuf, les tomates, le caf\u00e9 ou les bananes, sur fond de m\u00e9contentement croissant des Am\u00e9ricains face \u00e0 la hausse du co\u00fbt de la vie. <\/p>\n<p>\n              Ces mesures marquent un revirement de la part de Donald Trump, qui a toujours assur\u00e9 que sa politique tarifaire n&rsquo;alimentait pas l&rsquo;inflation. <\/p>\n<p>\n              Elles interviennent apr\u00e8s une s\u00e9rie de succ\u00e8s \u00e9lectoraux engrang\u00e9s par les d\u00e9mocrates le 4 novembre \u00e0 l&rsquo;issue d&rsquo;une campagne ax\u00e9e notamment sur le caract\u00e8re \u00ab\u00a0abordable\u00a0\u00bb (\u00ab\u00a0affordability\u00a0\u00bb) des produits du quotidien.<\/p>\n<p>\n              Depuis, le pr\u00e9sident am\u00e9ricain s&#8217;emploie \u00e0 annoncer des mesures pour r\u00e9duire le co\u00fbt de la vie, tout en continuant \u00e0 affirmer que la hausse des prix est due \u00e0 la politique de son pr\u00e9d\u00e9cesseur Joe Biden. <\/p>\n<p>\n              \u00ab\u00a0L&rsquo;Administration Trump admet enfin publiquement ce que nous savons tous depuis le d\u00e9part : la guerre commerciale de Trump rench\u00e9rit le co\u00fbt de la vie pour les Am\u00e9ricains\u00a0\u00bb, a d\u00e9clar\u00e9 le d\u00e9mocrate Richard Neal, pr\u00e9sident de la commission des voies et moyens \u00e0 la Chambre des repr\u00e9sentants. \u00ab\u00a0Depuis la mise en place de ces taxes douani\u00e8res, l&rsquo;inflation a augment\u00e9 et l&rsquo;industrie s&rsquo;est contract\u00e9e mois apr\u00e8s mois.\u00a0\u00bb    <\/p>\n<p>\n              Donald Trump a impos\u00e9 en avril dernier des droits de douane \u00ab\u00a0r\u00e9ciproques\u00a0\u00bb de 10% \u00e0 la plupart des pays du globe ainsi que des surtaxes cibl\u00e9es en fonction de chaque Etat, utilis\u00e9es comme levier pour n\u00e9gocier des accords commerciaux \u00e0 l&rsquo;avantage des Etats-Unis.<\/p>\n<p>\n               (Andrea Shalal et Costas Pitas, Jean-St\u00e9phane Brosse pour la version fran\u00e7aise)<\/p>\n","protected":false},"excerpt":{"rendered":"WASHINGTON (Reuters) -Le pr\u00e9sident am\u00e9ricain Donald Trump a sign\u00e9 vendredi un d\u00e9cret exemptant de droits de douane \u00ab\u00a0r\u00e9ciproques\u00a0\u00bb&hellip;\n","protected":false},"author":2,"featured_media":535230,"comment_status":"","ping_status":"","sticky":false,"template":"","format":"standard","meta":{"footnotes":""},"categories":[1589],"tags":[11,340,73,1866,12,1864,1865,1863,308],"class_list":{"0":"post-535229","1":"post","2":"type-post","3":"status-publish","4":"format-standard","5":"has-post-thumbnail","7":"category-etats-unis","8":"tag-actualites","9":"tag-bourse","10":"tag-etats-unis","11":"tag-etats-unis-damerique","12":"tag-news","13":"tag-united-states","14":"tag-united-states-of-america","15":"tag-us","16":"tag-usa"},"share_on_mastodon":{"url":"https:\/\/pubeurope.com\/@fr\/115551901080540564","error":""},"_links":{"self":[{"href":"https:\/\/www.europesays.com\/fr\/wp-json\/wp\/v2\/posts\/535229","targetHints":{"allow":["GET"]}}],"collection":[{"href":"https:\/\/www.europesays.com\/fr\/wp-json\/wp\/v2\/posts"}],"about":[{"href":"https:\/\/www.europesays.com\/fr\/wp-json\/wp\/v2\/types\/post"}],"author":[{"embeddable":true,"href":"https:\/\/www.europesays.com\/fr\/wp-json\/wp\/v2\/users\/2"}],"replies":[{"embeddable":true,"href":"https:\/\/www.europesays.com\/fr\/wp-json\/wp\/v2\/comments?post=535229"}],"version-history":[{"count":0,"href":"https:\/\/www.europesays.com\/fr\/wp-json\/wp\/v2\/posts\/535229\/revisions"}],"wp:featuredmedia":[{"embeddable":true,"href":"https:\/\/www.europesays.com\/fr\/wp-json\/wp\/v2\/media\/535230"}],"wp:attachment":[{"href":"https:\/\/www.europesays.com\/fr\/wp-json\/wp\/v2\/media?parent=535229"}],"wp:term":[{"taxonomy":"category","embeddable":true,"href":"https:\/\/www.europesays.com\/fr\/wp-json\/wp\/v2\/categories?post=535229"},{"taxonomy":"post_tag","embeddable":true,"href":"https:\/\/www.europesays.com\/fr\/wp-json\/wp\/v2\/tags?post=535229"}],"curies":[{"name":"wp","href":"https:\/\/api.w.org\/{rel}","templated":true}]}}