{"id":535256,"date":"2025-11-15T05:07:16","date_gmt":"2025-11-15T05:07:16","guid":{"rendered":"https:\/\/www.europesays.com\/fr\/535256\/"},"modified":"2025-11-15T05:07:16","modified_gmt":"2025-11-15T05:07:16","slug":"les-beatmakers-nouvelles-stars-du-rap-liberation","status":"publish","type":"post","link":"https:\/\/www.europesays.com\/fr\/535256\/","title":{"rendered":"Les beatmakers, nouvelles stars du rap \u2013 Lib\u00e9ration"},"content":{"rendered":"<p class=\"sc-cPiKLX AiZTS text-element\"><a href=\"https:\/\/www.liberation.fr\/musique\/2018\/05\/04\/beatmakers-les-hommes-de-l-ombre_1647887\/?redirected=1\" target=\"_blank\" rel=\"noopener\" title=\"https:\/\/www.liberation.fr\/musique\/2018\/05\/04\/beatmakers-les-hommes-de-l-ombre_1647887\/?redirected=1\">\u00abBeatmakers, les hommes de l\u2019ombre\u00bb, titrait Lib\u00e9ration en 2018<\/a>, auscultant les difficult\u00e9s rencontr\u00e9es par les metteurs en son des plus grands hits rap. Un m\u00e9tier \u00e0 l\u2019\u00e9poque encore peu connu et en mal de respectabilit\u00e9, souvent confront\u00e9 \u00e0 la difficult\u00e9 de faire respecter ses droits. Sept ans plus tard la donne a chang\u00e9, sous l\u2019impulsion des r\u00e9seaux sociaux et d\u2019un rap devenu le style musical le plus populaire de tous. Le succ\u00e8s est tel aujourd\u2019hui qu\u2019il d\u00e9passe les seuls rappeurs eux-m\u00eames, consacr\u00e9s rock stars absolues, et braque aussi les projecteurs sur tous ceux qui les entourent et participent \u00e0 leur succ\u00e8s\u200a: managers, r\u00e9alisateurs de clips ou beatmakers, les architectes de leurs tubes. Signe de cet engouement croissant, la Sacem et Apple Music d\u00e9voilaient en juin dernier une collaboration in\u00e9dite, destin\u00e9e \u00e0 mettre en avant ceux qui fa\u00e7onnent les tubes rap \u00e0 travers une s\u00e9rie d\u2019interviews et de playlists exclusives.<\/p>\n<p class=\"sc-cPiKLX AiZTS text-element\">En s\u2019exposant, la jeune g\u00e9n\u00e9ration de beatmakers rompue aux codes des r\u00e9seaux sociaux, l\u00e8ve le voile sur leur profession, et en finit avec le clich\u00e9 du producteur geek cantonn\u00e9 \u00e0 l\u2019obscurit\u00e9 de son studio. Jeez Suave (fr\u00e8re de l\u2019artiste <a href=\"https:\/\/www.liberation.fr\/culture\/theodora-pour-sen-sortir-il-faut-etre&lt;\/p&gt;&lt;\/div&gt;&lt;\/article&gt;&lt;\/div&gt;&lt;div data-fusion-lazy-id=\" f0f8vgvlad832fw=\"\" target=\"_blank\" rel=\"noopener\"><\/p>\n","protected":false},"excerpt":{"rendered":"\u00abBeatmakers, les hommes de l\u2019ombre\u00bb, titrait Lib\u00e9ration en 2018, auscultant les difficult\u00e9s rencontr\u00e9es par les metteurs en son&hellip;\n","protected":false},"author":2,"featured_media":535257,"comment_status":"","ping_status":"","sticky":false,"template":"","format":"standard","meta":{"footnotes":""},"categories":[1355],"tags":[58,59,1011,27,1361,873,22600],"class_list":{"0":"post-535256","1":"post","2":"type-post","3":"status-publish","4":"format-standard","5":"has-post-thumbnail","7":"category-musique","8":"tag-divertissement","9":"tag-entertainment","10":"tag-fr","11":"tag-france","12":"tag-music","13":"tag-musique","14":"tag-rap-hip-hop"},"share_on_mastodon":{"url":"https:\/\/pubeurope.com\/@fr\/115551983626892190","error":""},"_links":{"self":[{"href":"https:\/\/www.europesays.com\/fr\/wp-json\/wp\/v2\/posts\/535256","targetHints":{"allow":["GET"]}}],"collection":[{"href":"https:\/\/www.europesays.com\/fr\/wp-json\/wp\/v2\/posts"}],"about":[{"href":"https:\/\/www.europesays.com\/fr\/wp-json\/wp\/v2\/types\/post"}],"author":[{"embeddable":true,"href":"https:\/\/www.europesays.com\/fr\/wp-json\/wp\/v2\/users\/2"}],"replies":[{"embeddable":true,"href":"https:\/\/www.europesays.com\/fr\/wp-json\/wp\/v2\/comments?post=535256"}],"version-history":[{"count":0,"href":"https:\/\/www.europesays.com\/fr\/wp-json\/wp\/v2\/posts\/535256\/revisions"}],"wp:featuredmedia":[{"embeddable":true,"href":"https:\/\/www.europesays.com\/fr\/wp-json\/wp\/v2\/media\/535257"}],"wp:attachment":[{"href":"https:\/\/www.europesays.com\/fr\/wp-json\/wp\/v2\/media?parent=535256"}],"wp:term":[{"taxonomy":"category","embeddable":true,"href":"https:\/\/www.europesays.com\/fr\/wp-json\/wp\/v2\/categories?post=535256"},{"taxonomy":"post_tag","embeddable":true,"href":"https:\/\/www.europesays.com\/fr\/wp-json\/wp\/v2\/tags?post=535256"}],"curies":[{"name":"wp","href":"https:\/\/api.w.org\/{rel}","templated":true}]}}