{"id":535260,"date":"2025-11-15T05:09:14","date_gmt":"2025-11-15T05:09:14","guid":{"rendered":"https:\/\/www.europesays.com\/fr\/535260\/"},"modified":"2025-11-15T05:09:14","modified_gmt":"2025-11-15T05:09:14","slug":"covid-19-la-carte-des-departements-ou-le-virus-resiste","status":"publish","type":"post","link":"https:\/\/www.europesays.com\/fr\/535260\/","title":{"rendered":"Covid-19 : la carte des d\u00e9partements o\u00f9 le virus r\u00e9siste"},"content":{"rendered":"<p class=\"mb-4 text-lg md:leading-8 break-words\">La fin d&rsquo;ann\u00e9e sera-t-elle tranquille sur le front du Covid ? C&rsquo;est en tout cas la tendance actuelle puisque selon <a data-i13n=\"cpos:1;pos:1\" href=\"https:\/\/www.santepubliquefrance.fr\/maladies-et-traumatismes\/maladies-et-infections-respiratoires\/grippe\/documents\/bulletin-national\/infections-respiratoires-aigues-grippe-bronchiolite-covid-19-.-bulletin-du-13-novembre-2025\" rel=\"nofollow noopener\" target=\"_blank\" data-ylk=\"slk:Sant\u00e9 Publique France;cpos:1;pos:1;elm:context_link;itc:0;sec:content-canvas\" class=\"link \">Sant\u00e9 Publique France<\/a>, les indicateurs poursuivent leur baisse, semaine apr\u00e8s semaine, alors que se profilent les derniers jours du mois de novembre.<\/p>\n<p class=\"mb-4 text-lg md:leading-8 break-words\">Dans son habituel bulletin hebdomadaire, consacr\u00e9 aux infections respiratoires dont le Covid fait partie au m\u00eame titre que <a data-i13n=\"cpos:2;pos:1\" href=\"https:\/\/fr.yahoo.com\/news\/grippe--la-carte-des-departements-les-plus-touches-143930254.html\" data-ylk=\"slk:la grippe;cpos:2;pos:1;elm:context_link;itc:0;sec:content-canvas;outcm:mb_qualified_link;_E:mb_qualified_link;ct:story;\" class=\"link  yahoo-link\" rel=\"nofollow noopener\" target=\"_blank\">la grippe<\/a>, Sant\u00e9 Publique France \u00e9crit que l'\u00a0\u00bbactivit\u00e9 syndromique et virologique\u00a0\u00bb du Covid est \u00ab\u00a0en diminution en ville et \u00e0 l&rsquo;h\u00f4pital\u00a0\u00bb.<\/p>\n<p>Aucun d\u00e9partement ne d\u00e9passe 1% des cas de Covid dans les passages aux urgences<\/p>\n<p class=\"mb-4 text-lg md:leading-8 break-words\">Comme on peut le constater sur la carte ci-dessous, plus aucun d\u00e9partement ne d\u00e9passe la part de 1% des cas de Covid aux urgences. Le d\u00e9partement le plus touch\u00e9, l&rsquo;Allier, voit 0,77% des passages aux urgences \u00eatre d\u00fbs au Covid. Les autres d\u00e9partement les plus touch\u00e9s, la Haute-Savoie, le Bas-Rhin, l&rsquo;Ain ou encore l&rsquo;Aveyron, n&rsquo;atteignent pas 0,5%.<\/p>\n<p>0,7% des consultations SOS M\u00e9decins dues au Covid<\/p>\n<p class=\"mb-4 text-lg md:leading-8 break-words\">En moyenne, 0,2% des passages aux urgences sont d\u00fbs au Covid, contre 0,3% la semaine pr\u00e9c\u00e9dente. Du c\u00f4t\u00e9 des m\u00e9decins, SOS M\u00e9decins consacre 0,7% de ses interventions au Covid, contre 0,9% la semaine pr\u00e9c\u00e9dente.<\/p>\n<p class=\"mb-4 text-lg md:leading-8 break-words\">En terme d&rsquo;\u00e9volution sur une semaine, on note un fort recul de la part du Covid dans les passages aux urgences dans les d\u00e9partements du Centre-Ouest : -47% en Vend\u00e9e, -37% en Gironde, &#8211; 35% dans la Vienne et en Indre-et-Loire.<\/p>\n<p>L\u00e9g\u00e8re hausse en Normandie<\/p>\n<p class=\"mb-4 text-lg md:leading-8 break-words\">\u00c0 l&rsquo;inverse, on note une l\u00e9g\u00e8re augmentation dans les d\u00e9partements des r\u00e9gions Normandie et Bretagne, ainsi que dans quelques d\u00e9partements frontaliers avec l&rsquo;Espagne : +103% dans le Calvados, +183% dans la Manche, + 118% dans les C\u00f4tes-d&rsquo;Armor et + 200% dans l&rsquo;Ari\u00e8ge et les Hautes-Pyr\u00e9n\u00e9es, et + 160% dans les Pyr\u00e9n\u00e9es-Orientales comme vous pouvez le constater sur la carte ci-dessous.<\/p>\n<p>Vaccination jusqu&rsquo;au 31 janvier<\/p>\n<p class=\"mb-4 text-lg md:leading-8 break-words\">Depuis le mardi 14 octobre et jusqu&rsquo;au 31 janvier, la campagne de vaccination contre le Covid-19, mais aussi contre la grippe, a lieu et cible comme chaque ann\u00e9e les plus de 65 ans, mais aussi les personnes jug\u00e9es \u00e0 risque, dont font partie les personnes immunod\u00e9prim\u00e9es.<\/p>\n<p class=\"mb-4 text-lg md:leading-8 break-words\">Pour b\u00e9n\u00e9ficier d&rsquo;une prise en charge totale par l&rsquo;Assurance maladie du vaccin contre le Covid-19, il faut pr\u00e9senter le courrier re\u00e7u \u00e0 son domicile. Au total, 19 millions de personnes sont concern\u00e9es par cette campagne de vaccination prise en charge \u00e0 100%, selon les estimations de l&rsquo;Assurance maladie disponibles sur leur site.<\/p>\n","protected":false},"excerpt":{"rendered":"La fin d&rsquo;ann\u00e9e sera-t-elle tranquille sur le front du Covid ? C&rsquo;est en tout cas la tendance actuelle&hellip;\n","protected":false},"author":2,"featured_media":535261,"comment_status":"","ping_status":"","sticky":false,"template":"","format":"standard","meta":{"footnotes":""},"categories":[10],"tags":[4400,1011,27,72,62323,9046,71,37885],"class_list":{"0":"post-535260","1":"post","2":"type-post","3":"status-publish","4":"format-standard","5":"has-post-thumbnail","7":"category-sante","8":"tag-covid","9":"tag-fr","10":"tag-france","11":"tag-health","12":"tag-la-grippe","13":"tag-le-front","14":"tag-sante","15":"tag-sos-medecins"},"share_on_mastodon":{"url":"https:\/\/pubeurope.com\/@fr\/115551991466488286","error":""},"_links":{"self":[{"href":"https:\/\/www.europesays.com\/fr\/wp-json\/wp\/v2\/posts\/535260","targetHints":{"allow":["GET"]}}],"collection":[{"href":"https:\/\/www.europesays.com\/fr\/wp-json\/wp\/v2\/posts"}],"about":[{"href":"https:\/\/www.europesays.com\/fr\/wp-json\/wp\/v2\/types\/post"}],"author":[{"embeddable":true,"href":"https:\/\/www.europesays.com\/fr\/wp-json\/wp\/v2\/users\/2"}],"replies":[{"embeddable":true,"href":"https:\/\/www.europesays.com\/fr\/wp-json\/wp\/v2\/comments?post=535260"}],"version-history":[{"count":0,"href":"https:\/\/www.europesays.com\/fr\/wp-json\/wp\/v2\/posts\/535260\/revisions"}],"wp:featuredmedia":[{"embeddable":true,"href":"https:\/\/www.europesays.com\/fr\/wp-json\/wp\/v2\/media\/535261"}],"wp:attachment":[{"href":"https:\/\/www.europesays.com\/fr\/wp-json\/wp\/v2\/media?parent=535260"}],"wp:term":[{"taxonomy":"category","embeddable":true,"href":"https:\/\/www.europesays.com\/fr\/wp-json\/wp\/v2\/categories?post=535260"},{"taxonomy":"post_tag","embeddable":true,"href":"https:\/\/www.europesays.com\/fr\/wp-json\/wp\/v2\/tags?post=535260"}],"curies":[{"name":"wp","href":"https:\/\/api.w.org\/{rel}","templated":true}]}}