{"id":535269,"date":"2025-11-15T05:14:20","date_gmt":"2025-11-15T05:14:20","guid":{"rendered":"https:\/\/www.europesays.com\/fr\/535269\/"},"modified":"2025-11-15T05:14:20","modified_gmt":"2025-11-15T05:14:20","slug":"la-grippe-aviaire-decime-la-population-mondiale-delephants-de-mer-liberation","status":"publish","type":"post","link":"https:\/\/www.europesays.com\/fr\/535269\/","title":{"rendered":"la grippe aviaire d\u00e9cime la population mondiale d\u2019\u00e9l\u00e9phants de mer \u2013 Lib\u00e9ration"},"content":{"rendered":"<p class=\"sc-cPiKLX AiZTS text-element\">De nombreuses esp\u00e8ces sauvages sont touch\u00e9es par la grippe aviaire : alors que l\u2019on constate par exemple en France <a href=\"https:\/\/www.liberation.fr\/environnement\/biodiversite\/hecatombe-de-grues-cendrees-causee-par-linfluenza-aviaire-au-lac-du-der-cest-sans-precedent-20251111_2WNJW5HBIBHFTFNWM4RBEE6HFU\/\" target=\"_blank\" rel=\"noreferrer noopener\" title=\"https:\/\/www.liberation.fr\/environnement\/biodiversite\/hecatombe-de-grues-cendrees-causee-par-linfluenza-aviaire-au-lac-du-der-cest-sans-precedent-20251111_2WNJW5HBIBHFTFNWM4RBEE6HFU\/\">une h\u00e9catombe chez les grues cendr\u00e9es<\/a>, dans l\u2019Atlantique Sud, ce sont les \u00e9l\u00e9phants de mer qui se trouvent d\u00e9cim\u00e9s. Le constat est sans appel selon <a href=\"https:\/\/www.nature.com\/articles\/s42003-025-09014-7#ref-CR3\" target=\"_blank\" rel=\"noopener\" title=\"https:\/\/www.nature.com\/articles\/s42003-025-09014-7#ref-CR3\">l\u2019\u00e9tude publi\u00e9e le 13 novembre par la revue Communications Biology<\/a>, et men\u00e9e sur la principale esp\u00e8ce de phoques mondiale, en G\u00e9orgie du Sud.<\/p>\n<p class=\"sc-cPiKLX AiZTS text-element\">Il y a trente ans, la derni\u00e8re estimation en date soutenait que plus de 50 % de la population totale des \u00e9l\u00e9phants s\u2019y trouvait, avec plusieurs sites de reproduction r\u00e9partis sur l\u2019\u00eele subantarctique de 3 700 km carr\u00e9s.<\/p>\n<p class=\"sc-cPiKLX AiZTS text-element\">Depuis l\u2019arriv\u00e9e du virus de la grippe aviaire sur le morceau de terre isol\u00e9 \u2013 dont la premi\u00e8re suspicion d\u2019infection remonte au mois de septembre 2023 \u2013 le nombre de femelles reproductrices pr\u00e9sentes sur les plages a chut\u00e9 de 47 %, soit environ 53 000 \u00e9l\u00e9phants de mer. Les nouveaux-n\u00e9s dont les m\u00e8res ont \u00e9t\u00e9 touch\u00e9es par la grippe aviaire meurent \u00e0 leur tour, nourrissant le cercle vicieux.<\/p>\n<p class=\"sc-cPiKLX AiZTS text-element\">Une autre \u00e9tude men\u00e9e sur la presqu\u2019\u00eele de Vald\u00e9s, dans le Sud de l\u2019Argentine, a d\u00e9termin\u00e9 que <a href=\"https:\/\/conbio.onlinelibrary.wiley.com\/doi\/10.1111\/cobi.70052\" target=\"_blank\" rel=\"noopener\" title=\"https:\/\/conbio.onlinelibrary.wiley.com\/doi\/10.1111\/cobi.70052\">97 % des jeunes sont morts<\/a> (soit plus de 17 000 individus), soit par abandon, soit apr\u00e8s avoir contract\u00e9 la grippe aviaire. Cette population avait \u00e9t\u00e9 r\u00e9duite de 60 % par le virus, repr\u00e9sentant ainsi le plus grand \u00e9v\u00e9nement de mortalit\u00e9 enregistr\u00e9 pour cette esp\u00e8ce. Les r\u00e9sultats concernant la G\u00e9orgie du Sud \u00absugg\u00e8rent que l\u2019impact de l\u2019\u00e9pid\u00e9mie est probablement comparable aux mortalit\u00e9s massives\u00bb de la p\u00e9ninsule de Vald\u00e9s, identifie le rapport. <\/p>\n<p class=\"sc-cPiKLX AiZTS text-element\">Selon les chercheurs, les phoques, qui passent le plus clair de leur temps \u00e0 se nourrir en mer et qui se reproduisent en nombre sur les plages, se transmettent le virus entre eux par les gouttelettes d\u2019eau. Une \u00absituation d\u00e9chirante\u00bb pour l\u2019esp\u00e8ce, a d\u00e9clar\u00e9 \u00e0 l\u2019AFP Connor Bamford, auteur principal de l\u2019\u00e9tude et membre de l\u2019institut national de recherche polaire du Royaume-Uni. Il rapporte qu\u2019ils \u00absont des milliers \u00e0 cracher et tousser\u00bb. Ce dernier n\u2019estime cependant pas que l\u2019esp\u00e8ce est proche de l\u2019extinction, mais souligne que \u00ables impacts sur cette population se sentiront pendant de nombreuses ann\u00e9es\u00bb.<\/p>\n<p class=\"sc-cPiKLX AiZTS text-element\">Les premiers virus de la grippe aviaire \u00e0 travers le monde ont \u00e9t\u00e9 d\u00e9tect\u00e9s pour la premi\u00e8re fois en Europe, en 2020, avant de se r\u00e9pandre \u00e0 l\u2019\u00e9chelle mondiale, passant par l\u2019Am\u00e9rique du Nord, avant d\u2019arriver en Am\u00e9rique du Sud. Cette propagation a entra\u00een\u00e9 des <a href=\"https:\/\/www.liberation.fr\/environnement\/biodiversite\/hecatombe-de-grues-cendrees-causee-par-linfluenza-aviaire-au-lac-du-der-cest-sans-precedent-20251111_2WNJW5HBIBHFTFNWM4RBEE6HFU\/\" target=\"_blank\" rel=\"noopener\" title=\"https:\/\/www.liberation.fr\/environnement\/biodiversite\/hecatombe-de-grues-cendrees-causee-par-linfluenza-aviaire-au-lac-du-der-cest-sans-precedent-20251111_2WNJW5HBIBHFTFNWM4RBEE6HFU\/\">mortalit\u00e9s massives d\u2019oiseaux<\/a> et de mammif\u00e8res, et de plusieurs \u00eatres humains.<\/p>\n","protected":false},"excerpt":{"rendered":"De nombreuses esp\u00e8ces sauvages sont touch\u00e9es par la grippe aviaire : alors que l\u2019on constate par exemple en&hellip;\n","protected":false},"author":2,"featured_media":535270,"comment_status":"","ping_status":"","sticky":false,"template":"","format":"standard","meta":{"footnotes":""},"categories":[5],"tags":[11,1011,27,5698,14,12,28],"class_list":{"0":"post-535269","1":"post","2":"type-post","3":"status-publish","4":"format-standard","5":"has-post-thumbnail","7":"category-international","8":"tag-actualites","9":"tag-fr","10":"tag-france","11":"tag-grippe-aviaire","12":"tag-international","13":"tag-news","14":"tag-world"},"share_on_mastodon":{"url":"https:\/\/pubeurope.com\/@fr\/115552011158095476","error":""},"_links":{"self":[{"href":"https:\/\/www.europesays.com\/fr\/wp-json\/wp\/v2\/posts\/535269","targetHints":{"allow":["GET"]}}],"collection":[{"href":"https:\/\/www.europesays.com\/fr\/wp-json\/wp\/v2\/posts"}],"about":[{"href":"https:\/\/www.europesays.com\/fr\/wp-json\/wp\/v2\/types\/post"}],"author":[{"embeddable":true,"href":"https:\/\/www.europesays.com\/fr\/wp-json\/wp\/v2\/users\/2"}],"replies":[{"embeddable":true,"href":"https:\/\/www.europesays.com\/fr\/wp-json\/wp\/v2\/comments?post=535269"}],"version-history":[{"count":0,"href":"https:\/\/www.europesays.com\/fr\/wp-json\/wp\/v2\/posts\/535269\/revisions"}],"wp:featuredmedia":[{"embeddable":true,"href":"https:\/\/www.europesays.com\/fr\/wp-json\/wp\/v2\/media\/535270"}],"wp:attachment":[{"href":"https:\/\/www.europesays.com\/fr\/wp-json\/wp\/v2\/media?parent=535269"}],"wp:term":[{"taxonomy":"category","embeddable":true,"href":"https:\/\/www.europesays.com\/fr\/wp-json\/wp\/v2\/categories?post=535269"},{"taxonomy":"post_tag","embeddable":true,"href":"https:\/\/www.europesays.com\/fr\/wp-json\/wp\/v2\/tags?post=535269"}],"curies":[{"name":"wp","href":"https:\/\/api.w.org\/{rel}","templated":true}]}}