{"id":535275,"date":"2025-11-15T05:17:18","date_gmt":"2025-11-15T05:17:18","guid":{"rendered":"https:\/\/www.europesays.com\/fr\/535275\/"},"modified":"2025-11-15T05:17:18","modified_gmt":"2025-11-15T05:17:18","slug":"saint-etienne-ils-ouvrent-un-nouveau-restaurant-gastronomique-et-un-cafe-au-sein-du-musee-dart-moderne","status":"publish","type":"post","link":"https:\/\/www.europesays.com\/fr\/535275\/","title":{"rendered":"Saint-\u00c9tienne. Ils ouvrent un nouveau restaurant gastronomique et un caf\u00e9 au sein du Mus\u00e9e d\u2019art moderne"},"content":{"rendered":"<p>Apr\u00e8s quelques semaines de fermeture, le Mus\u00e9e d\u2019art moderne et contemporain (MAMC), \u00e0 Saint-Priest-en-Jarez, a rouvert ses portes voici quelques jours. Avec de nouvelles expositions\u2026 et un nouveau restaurant\u00a0: Planque a accueilli ses premiers convives ce mercredi 12\u00a0novembre.<\/p>\n<p>\u00c0 la t\u00eate de ce nouvel \u00e9tablissement gourmand, deux personnalit\u00e9s qui sont loin d\u2019\u00eatre inconnues des gourmets st\u00e9phanois. Benjamin Guillaume est le patron du restaurant-bar \u00e0 vins et de l\u2019\u00e9picerie Pampille, rue Denis-Escoffier, ouverts respectivement en juin\u00a02017 et septembre\u00a02019. Il s\u2019\u00e9tait associ\u00e9 une premi\u00e8re fois avec le chef cuistot Baptiste Berger pour ouvrir Grabuge, rue L\u00e9on-Nautin, en janvier\u00a02023 (<a href=\"https:\/\/www.leprogres.fr\/economie\/2025\/06\/28\/le-restaurant-feu-a-remplace-grabuge-rue-leon-nautin\" target=\"_blank\" rel=\"noopener\">devenu Feu\u00a0!! en juin dernier<\/a>). Les deux comparses organisent aussi <a href=\"https:\/\/www.leprogres.fr\/economie\/2024\/01\/11\/tables-secretes-une-experience-culinaire-dans-un-cadre-insolite\" target=\"_blank\" rel=\"noopener\">les \u00ab\u00a0Tables secr\u00e8tes\u00a0\u00bb, des soir\u00e9es m\u00ealant gastronomie et culture<\/a> dans des lieux insolites.<\/p>\n<p>  Deux premi\u00e8res exp\u00e9riences positives<\/p>\n<p>Et ce n\u2019est pas la premi\u00e8re fois qu\u2019ils installent leurs fourneaux au MAMC. Ils y avaient justement organis\u00e9 une \u00ab\u00a0Table secr\u00e8te\u00a0\u00bb en mars\u00a02024, <a href=\"https:\/\/www.leprogres.fr\/economie\/2024\/11\/09\/grabuge-lance-le-concept-des-restos-ephemeres-au-musee-d-art-moderne\" target=\"_blank\" rel=\"noopener\">avant de revenir pour trois mois<\/a>, sous le nom de Grabuge au mus\u00e9e, de novembre\u00a02024 \u00e0 janvier\u00a02025. Le mus\u00e9e avait en effet d\u00e9cid\u00e9, \u00e0 l\u2019\u00e9poque, d\u2019opter pour un format \u00ab\u00a0pop-up\u00a0\u00bb, avec de nouveaux chefs appel\u00e9s \u00e0 se succ\u00e9der tous les 3 ou 6 mois.<\/p>\n<p>Cette formule a rapidement \u00e9t\u00e9 abandonn\u00e9e, et voici donc Benjamin Guillaume, Baptiste Berger et leur \u00e9quipe (8 salari\u00e9s ont \u00e9t\u00e9 recrut\u00e9s) d\u00e9sormais install\u00e9s dans les lieux de mani\u00e8re p\u00e9renne. \u00ab\u00a0On avait \u00e9t\u00e9 super contents de notre premier passage ici, et puis on s\u2019\u00e9tait attach\u00e9s au lieu. Alors on a r\u00e9pondu \u00e0 l\u2019appel d\u2019offres et on a remport\u00e9 la concession pour une p\u00e9riode de 4 ans renouvelable\u00a0\u00bb, explique Benjamin Guillaume.<\/p>\n<p>  La d\u00e9co enti\u00e8rement revue<\/p>\n<p>Si l\u2019\u00e9quipe est de retour, Planque n\u2019a plus rien \u00e0 voir avec Grabuge. La d\u00e9co a enti\u00e8rement \u00e9t\u00e9 revue, dans un style tr\u00e8s \u00e9pur\u00e9, avec des mati\u00e8res et des textures chaudes.\u00a0Le r\u00e9sultat est superbe, jusque dans le choix des arts de la table et jusqu\u2019\u00e0 l\u2019am\u00e9nagement ext\u00e9rieur, avec une terrasse v\u00e9g\u00e9talis\u00e9e d\u2019une cinquantaine de couverts et un joli petit jardin d\u2019hiver o\u00f9 siroter un ap\u00e9ritif ou un digestif.<\/p>\n<p>Au niveau de l\u2019assiette, \u00ab\u00a0on est sur une offre beaucoup plus gastronomique\u00a0\u00bb, assure Benjamin Guillaume. Trois menus sont propos\u00e9s\u00a0: le menu du Mus\u00e9e (entr\u00e9e-plat-dessert) \u00e0 29\u00a0\u20ac (seulement le midi), le menu Planque (entr\u00e9e-poisson-viande-fromage-dessert) \u00e0 49\u00a0\u20ac et le menu Catimini (en sept s\u00e9quences) \u00e0 79\u00a0\u20ac. Pour chacun, un accord mets-vins est possible avec 3, 5 ou 7 verres.<\/p>\n<p>La carte sera bien entendu r\u00e9guli\u00e8rement renouvel\u00e9e. \u00ab\u00a0On propose toujours une cuisine cr\u00e9ative, avec des go\u00fbts assez prononc\u00e9s, mais sans fioritures. Le tout \u00e0 base de produits frais et locaux\u00a0\u00bb, explique le chef.<\/p>\n<p>  Caf\u00e9 du mus\u00e9e\u00a0: \u00ab\u00a0Une offre accessible mais qualitative\u00a0\u00bb<\/p>\n<p>En plus de Planque, Benjamin Guillaume et Baptiste Berger ont \u00e9galement souhait\u00e9 innover en ouvrant le Caf\u00e9 du mus\u00e9e, dans le hall d\u2019accueil du MAMC, avec borne de commande et comptoir de retrait.<\/p>\n<p>Ils y proposent une formule petit-d\u00e9jeuner (viennoiserie-boisson chaude-jus de fruits) \u00e0 6\u00a0\u20ac le matin et une offre de snacking tout au long de la journ\u00e9e, avec salades, sandwichs\u2026, pour ceux qui veulent manger sur le pouce. \u00ab\u00a0On est sur une offre accessible au niveau des tarifs, mais qui reste qualitative puisque tout est pr\u00e9par\u00e9 par la m\u00eame \u00e9quipe que le restaurant\u00a0\u00bb, pr\u00e9cise Benjamin Guillaume.<\/p>\n<p>Le Caf\u00e9 du mus\u00e9e propose aussi des brunchs tous les dimanches \u00e0 11 heures et \u00e0 13 heures, au prix de 25\u00a0\u20ac pour les adultes et 15\u00a0\u20ac pour les enfants.<\/p>\n<p class=\"note\">Restaurant ouvert du lundi au vendredi \u00e0 midi et les jeudis et vendredis soir. Caf\u00e9 ouvert tous les jours, sauf le mardi, de 10 \u00e0 17 heures.<\/p>\n<p class=\"insetTitle\">Le troisi\u00e8me restaurant depuis 1999<\/p>\n<p>Si l\u2019on excepte les deux exp\u00e9riences de restaurants \u00e9ph\u00e9m\u00e8res (Grabuge au mus\u00e9e et <a href=\"https:\/\/www.leprogres.fr\/economie\/2025\/02\/15\/kitchen-street-installe-son-coffee-shop-le-petit-oeuf-au-mamc\" target=\"_blank\" rel=\"noopener\">Le Petit \u0152uf par Kitchen Street<\/a> ) entre novembre\u00a02024 et ao\u00fbt\u00a02025, Planque est le troisi\u00e8me restaurant du MAMC depuis la fin des ann\u00e9es 1990.<\/p>\n<p>St\u00e9phane Laurier, l\u2019ancien chef \u00e9toil\u00e9 du restaurant Nouvelle, rue Saint-Jean, y a offici\u00e9 de 1999 \u00e0 2018, avant de laisser la place au <a href=\"https:\/\/www.leprogres.fr\/economie\/2022\/09\/21\/au-mamc-a-l-opera-et-a-la-cite-du-design-les-restaurants-ferment\" target=\"_blank\" rel=\"noopener\">Carr\u00e9 des nuances, g\u00e9r\u00e9 par Beno\u00eet Masson, de 2018 \u00e0 2022<\/a> (le mus\u00e9e est ensuite rest\u00e9 ferm\u00e9 d\u2019avril\u00a02023 \u00e0 novembre\u00a02024 pour cause de travaux de r\u00e9novation).<\/p>\n<p>Comme leurs pr\u00e9d\u00e9cesseurs, Benjamin Guillaume et Baptiste Berger ont sign\u00e9 une convention d\u2019occupation avec Saint-\u00c9tienne M\u00e9tropole, propri\u00e9taire des lieux.<\/p>\n","protected":false},"excerpt":{"rendered":"Apr\u00e8s quelques semaines de fermeture, le Mus\u00e9e d\u2019art moderne et contemporain (MAMC), \u00e0 Saint-Priest-en-Jarez, a rouvert ses portes&hellip;\n","protected":false},"author":2,"featured_media":535276,"comment_status":"","ping_status":"","sticky":false,"template":"","format":"standard","meta":{"footnotes":""},"categories":[9653],"tags":[1111,11,2430,4406,33,7539,1777,674,1011,27,3367,1031,6016,12,25,4001,7538,15696],"class_list":{"0":"post-535275","1":"post","2":"type-post","3":"status-publish","4":"format-standard","5":"has-post-thumbnail","7":"category-saint-etienne","8":"tag-actu","9":"tag-actualites","10":"tag-auvergne-rhone-alpes","11":"tag-commerce-et-services","12":"tag-economie","13":"tag-edition-loire-sud","14":"tag-eu","15":"tag-europe","16":"tag-fr","17":"tag-france","18":"tag-loire","19":"tag-magazine","20":"tag-magazine-cuisine-et-vins","21":"tag-news","22":"tag-republique-francaise","23":"tag-saint-etienne","24":"tag-saint-etienne-ville","25":"tag-saint-priest-en-jarez"},"share_on_mastodon":{"url":"https:\/\/pubeurope.com\/@fr\/115552022938770021","error":""},"_links":{"self":[{"href":"https:\/\/www.europesays.com\/fr\/wp-json\/wp\/v2\/posts\/535275","targetHints":{"allow":["GET"]}}],"collection":[{"href":"https:\/\/www.europesays.com\/fr\/wp-json\/wp\/v2\/posts"}],"about":[{"href":"https:\/\/www.europesays.com\/fr\/wp-json\/wp\/v2\/types\/post"}],"author":[{"embeddable":true,"href":"https:\/\/www.europesays.com\/fr\/wp-json\/wp\/v2\/users\/2"}],"replies":[{"embeddable":true,"href":"https:\/\/www.europesays.com\/fr\/wp-json\/wp\/v2\/comments?post=535275"}],"version-history":[{"count":0,"href":"https:\/\/www.europesays.com\/fr\/wp-json\/wp\/v2\/posts\/535275\/revisions"}],"wp:featuredmedia":[{"embeddable":true,"href":"https:\/\/www.europesays.com\/fr\/wp-json\/wp\/v2\/media\/535276"}],"wp:attachment":[{"href":"https:\/\/www.europesays.com\/fr\/wp-json\/wp\/v2\/media?parent=535275"}],"wp:term":[{"taxonomy":"category","embeddable":true,"href":"https:\/\/www.europesays.com\/fr\/wp-json\/wp\/v2\/categories?post=535275"},{"taxonomy":"post_tag","embeddable":true,"href":"https:\/\/www.europesays.com\/fr\/wp-json\/wp\/v2\/tags?post=535275"}],"curies":[{"name":"wp","href":"https:\/\/api.w.org\/{rel}","templated":true}]}}