{"id":535277,"date":"2025-11-15T05:18:14","date_gmt":"2025-11-15T05:18:14","guid":{"rendered":"https:\/\/www.europesays.com\/fr\/535277\/"},"modified":"2025-11-15T05:18:14","modified_gmt":"2025-11-15T05:18:14","slug":"saint-etienne-animations-de-noel-dans-le-centre-ville-des-le-21-novembre","status":"publish","type":"post","link":"https:\/\/www.europesays.com\/fr\/535277\/","title":{"rendered":"Saint-\u00c9tienne : animations de No\u00ebl dans le centre-ville d\u00e8s le 21 novembre"},"content":{"rendered":"<p><img loading=\"lazy\" decoding=\"async\" alt=\"\u00a9 Nahim Idir - Le grand sapin est d\u00e9j\u00e0 pr\u00e9sent sur la place Jean-Jaur\u00e8s \u00e0 Saint-\u00c9tienne.\" data-zoom-src=\"https:\/\/www.europesays.com\/fr\/wp-content\/uploads\/2025\/11\/initial-place-ville-batiment-sapin-noel.jpg\" data-zoomable=\"\" height=\"702\" src=\"https:\/\/www.europesays.com\/fr\/wp-content\/uploads\/2025\/11\/initial-place-ville-batiment-sapin-noel.jpg\" width=\"1248\"\/>  <\/p>\n<p class=\"article-desc\">\u00a9 Nahim Idir &#8211; Le grand sapin est d\u00e9j\u00e0 pr\u00e9sent sur la place Jean-Jaur\u00e8s \u00e0 Saint-\u00c9tienne. <\/p>\n<p>Fan de la grande roue, de la patinoire ou du traditionnel <strong>march\u00e9 de No\u00ebl<\/strong>, rassurez-vous la Ville de Saint-\u00c9tienne a pr\u00e9vu de r\u00e9it\u00e9rer les recettes qui marchent pour ce nouveau No\u00ebl dans le centre-ville. <\/p>\n<p>C\u2019est le <strong>21 novembre <\/strong>que le top d\u00e9part sera donn\u00e9 pour des animations qui vont s&rsquo;\u00e9tendre jusqu\u2019au <strong>31 d\u00e9cembre<\/strong>. L\u2019installation du village des chalets, au nombre de <strong>50 cette ann\u00e9e<\/strong>, se fera comme toujours place de l\u2019H\u00f4tel de Ville. <\/p>\n<p>Tout comme la grande roue ou le Carrousel : \u00ab\u00a0Des animations et des spectacles de rue rythmeront toute cette p\u00e9riode de festivit\u00e9s, note Marc Chassaub\u00e9n\u00e9, adjoint \u00e0 la culture. Si nous nous appuyons sur les bases solides des pr\u00e9c\u00e9dentes ann\u00e9es, nous faisons toujours en sorte de nous renouveler et d\u2019optimiser des lieux comme la patinoire, pour satisfaire tout le monde.\u00a0\u00bb<\/p>\n<p> La Ville de Saint-\u00c9tienne remet la gratuit\u00e9 totale de la Stas pour deux week-ends durant les festivit\u00e9s de No\u00ebl <\/p>\n<p>Des spectacles de rue seront \u00e9galement au rendez-vous et les commer\u00e7ants aussi. Ces derniers pourront <strong>ouvrir chaque dimanche de d\u00e9cembre<\/strong> pour cr\u00e9er une dynamique commerciale durant cette p\u00e9riode de No\u00ebl. <\/p>\n<p>Pour ce faire la Ville de Saint-\u00c9tienne a remis en place la gratuit\u00e9 totale du r\u00e9seau Stas pour les week-ends du 13-14 et du 20-21 d\u00e9cembre. Marie-Jo Perez, adjointe \u00e0 la tranquillit\u00e9 publique, a quant \u00e0 elle affirm\u00e9 que les effectifs de police municipale vont \u00eatre doubl\u00e9s durant les festivit\u00e9s et que : \u00ab\u00a0les moyens seront mis en place pour que tout se passe bien.\u00a0\u00bb <\/p>\n","protected":false},"excerpt":{"rendered":"\u00a9 Nahim Idir &#8211; Le grand sapin est d\u00e9j\u00e0 pr\u00e9sent sur la place Jean-Jaur\u00e8s \u00e0 Saint-\u00c9tienne. Fan de&hellip;\n","protected":false},"author":2,"featured_media":535278,"comment_status":"","ping_status":"","sticky":false,"template":"","format":"standard","meta":{"footnotes":""},"categories":[9653],"tags":[1111,11,1063,2430,1777,674,1011,27,12,64981,25,4001],"class_list":{"0":"post-535277","1":"post","2":"type-post","3":"status-publish","4":"format-standard","5":"has-post-thumbnail","7":"category-saint-etienne","8":"tag-actu","9":"tag-actualites","10":"tag-animations","11":"tag-auvergne-rhone-alpes","12":"tag-eu","13":"tag-europe","14":"tag-fr","15":"tag-france","16":"tag-news","17":"tag-nou00ebl","18":"tag-republique-francaise","19":"tag-saint-etienne"},"share_on_mastodon":{"url":"https:\/\/pubeurope.com\/@fr\/115552027417524983","error":""},"_links":{"self":[{"href":"https:\/\/www.europesays.com\/fr\/wp-json\/wp\/v2\/posts\/535277","targetHints":{"allow":["GET"]}}],"collection":[{"href":"https:\/\/www.europesays.com\/fr\/wp-json\/wp\/v2\/posts"}],"about":[{"href":"https:\/\/www.europesays.com\/fr\/wp-json\/wp\/v2\/types\/post"}],"author":[{"embeddable":true,"href":"https:\/\/www.europesays.com\/fr\/wp-json\/wp\/v2\/users\/2"}],"replies":[{"embeddable":true,"href":"https:\/\/www.europesays.com\/fr\/wp-json\/wp\/v2\/comments?post=535277"}],"version-history":[{"count":0,"href":"https:\/\/www.europesays.com\/fr\/wp-json\/wp\/v2\/posts\/535277\/revisions"}],"wp:featuredmedia":[{"embeddable":true,"href":"https:\/\/www.europesays.com\/fr\/wp-json\/wp\/v2\/media\/535278"}],"wp:attachment":[{"href":"https:\/\/www.europesays.com\/fr\/wp-json\/wp\/v2\/media?parent=535277"}],"wp:term":[{"taxonomy":"category","embeddable":true,"href":"https:\/\/www.europesays.com\/fr\/wp-json\/wp\/v2\/categories?post=535277"},{"taxonomy":"post_tag","embeddable":true,"href":"https:\/\/www.europesays.com\/fr\/wp-json\/wp\/v2\/tags?post=535277"}],"curies":[{"name":"wp","href":"https:\/\/api.w.org\/{rel}","templated":true}]}}