{"id":535279,"date":"2025-11-15T05:19:41","date_gmt":"2025-11-15T05:19:41","guid":{"rendered":"https:\/\/www.europesays.com\/fr\/535279\/"},"modified":"2025-11-15T05:19:41","modified_gmt":"2025-11-15T05:19:41","slug":"spectacle-jeune-public-capitaine-frimousse-et-le-tresor-des-oceans","status":"publish","type":"post","link":"https:\/\/www.europesays.com\/fr\/535279\/","title":{"rendered":"Spectacle jeune public Capitaine Frimousse et le tr\u00e9sor des oc\u00e9ans"},"content":{"rendered":"<p>Le Th\u00e9\u00e2tre de la Foucotte propose aux enfants de moins de 12 ans une com\u00e9die musicale d\u2019aventure de Jean Goltier. L\u2019histoire les transportera des for\u00eats tropicales luxuriantes aux profondeurs des mers les plus f\u00e9eriques. Capitaine Frimousse, petit capitaine de la marine fran\u00e7aise, vit paisiblement avec son ami Bernard l\u2019escargot. Mais, une nuit, Bernard est enlev\u00e9 par un pirate, James Took, le roi des mers.<\/p>\n<p class=\"note\">Samedi 22\u00a0novembre, \u00e0 16\u00a0h\u00a030, au th\u00e9\u00e2tre de la Foucotte, 3, rue de la Foucotte, \u00e0 Nancy. Tarif\u00a0: 11\u00a0\u20ac. R\u00e9servations sur <a href=\"https:\/\/grand-est-spectacles.fr\/\" title=\"grand-est-spectacles.fr\" target=\"_blank\" rel=\"noopener\">https:\/\/grand-est-spectacles.fr<\/a><\/p>\n","protected":false},"excerpt":{"rendered":"Le Th\u00e9\u00e2tre de la Foucotte propose aux enfants de moins de 12 ans une com\u00e9die musicale d\u2019aventure de&hellip;\n","protected":false},"author":2,"featured_media":535280,"comment_status":"","ping_status":"","sticky":false,"template":"","format":"standard","meta":{"footnotes":""},"categories":[9635],"tags":[1111,11,1687,1704,1777,674,1011,27,775,1702,1703,12,25,3140],"class_list":{"0":"post-535279","1":"post","2":"type-post","3":"status-publish","4":"format-standard","5":"has-post-thumbnail","7":"category-nancy","8":"tag-actu","9":"tag-actualites","10":"tag-culture-loisirs","11":"tag-edition-nancy-et-agglomeration","12":"tag-eu","13":"tag-europe","14":"tag-fr","15":"tag-france","16":"tag-grand-est","17":"tag-nancy","18":"tag-nancy-ville-54b","19":"tag-news","20":"tag-republique-francaise","21":"tag-spectacle"},"share_on_mastodon":{"url":"https:\/\/pubeurope.com\/@fr\/115552030717756888","error":""},"_links":{"self":[{"href":"https:\/\/www.europesays.com\/fr\/wp-json\/wp\/v2\/posts\/535279","targetHints":{"allow":["GET"]}}],"collection":[{"href":"https:\/\/www.europesays.com\/fr\/wp-json\/wp\/v2\/posts"}],"about":[{"href":"https:\/\/www.europesays.com\/fr\/wp-json\/wp\/v2\/types\/post"}],"author":[{"embeddable":true,"href":"https:\/\/www.europesays.com\/fr\/wp-json\/wp\/v2\/users\/2"}],"replies":[{"embeddable":true,"href":"https:\/\/www.europesays.com\/fr\/wp-json\/wp\/v2\/comments?post=535279"}],"version-history":[{"count":0,"href":"https:\/\/www.europesays.com\/fr\/wp-json\/wp\/v2\/posts\/535279\/revisions"}],"wp:featuredmedia":[{"embeddable":true,"href":"https:\/\/www.europesays.com\/fr\/wp-json\/wp\/v2\/media\/535280"}],"wp:attachment":[{"href":"https:\/\/www.europesays.com\/fr\/wp-json\/wp\/v2\/media?parent=535279"}],"wp:term":[{"taxonomy":"category","embeddable":true,"href":"https:\/\/www.europesays.com\/fr\/wp-json\/wp\/v2\/categories?post=535279"},{"taxonomy":"post_tag","embeddable":true,"href":"https:\/\/www.europesays.com\/fr\/wp-json\/wp\/v2\/tags?post=535279"}],"curies":[{"name":"wp","href":"https:\/\/api.w.org\/{rel}","templated":true}]}}