{"id":535295,"date":"2025-11-15T05:30:45","date_gmt":"2025-11-15T05:30:45","guid":{"rendered":"https:\/\/www.europesays.com\/fr\/535295\/"},"modified":"2025-11-15T05:30:45","modified_gmt":"2025-11-15T05:30:45","slug":"et-si-un-ouragan-sabattait-sur-rennes-voici-comment-les-futures-catastrophes-naturelles-seront-gerees-par-la-metropole","status":"publish","type":"post","link":"https:\/\/www.europesays.com\/fr\/535295\/","title":{"rendered":"Et si un ouragan s\u2019abattait sur Rennes\u00a0?\u00a0 Voici comment les futures catastrophes naturelles seront g\u00e9r\u00e9es par la M\u00e9tropole"},"content":{"rendered":"<p>\u00ab Je vous propose de vivre ensemble une crise fictive mais parfaitement plausible : l\u2019arriv\u00e9e d\u2019un ouragan sur Rennes M\u00e9tropole en janvier 2026 \u00bb. Le conseiller m\u00e9tropolitain Cyrille Morel s\u2019est livr\u00e9 \u00e0 un dr\u00f4le d\u2019exercice, jeudi 13 novembre 2025, lors du conseil m\u00e9tropolitain. Invit\u00e9 \u00e0 pr\u00e9senter le nouveau Plan intercommunal de sauvegarde (PICS), un outil strat\u00e9gique de coordination entre les communes en cas de crise, l\u2019\u00e9lu a racont\u00e9, au jour le jour, le d\u00e9roul\u00e9 de cette catastrophe naturelle fictive, mais de grande ampleur. Une mani\u00e8re p\u00e9dagogique d\u2019illustrer l\u2019utilit\u00e9 de ce document, \u00e9labor\u00e9 \u00e0 l\u2019\u00e9chelle d\u2019un bassin de vie.<\/p>\n<p>\u00ab Les crises d\u00e9passent le cadre communal \u00bb<\/p>\n<p>\u00ab Les crises d\u00e9passent le cadre communal et appellent une r\u00e9ponse solidaire et coordonn\u00e9e \u00e0 l\u2019\u00e9chelle du bassin de vie. Les inondations majeures du d\u00e9but d\u2019ann\u00e9e 2025 ont mis \u00e0 l\u2019\u00e9preuve notre territoire et touch\u00e9 simultan\u00e9ment plusieurs secteurs, r\u00e9v\u00e9lant \u00e0 quel point la solidarit\u00e9 intercommunale est devenue un r\u00e9flexe essentiel. La coordination intercommunale est un levier d\u00e9cisif, les \u00e9changes entre communes et la mutualisation des moyens doivent \u00eatre structur\u00e9s d\u00e8s le d\u00e9clenchement de la crise et la phase de retour \u00e0 la normale doit \u00eatre anticip\u00e9e. C\u2019est pour r\u00e9pondre \u00e0 ces besoins que le PICS de Rennes M\u00e9tropole est \u00e9labor\u00e9. Ce n\u2019est pas un document administratif de plus, mais la traduction concr\u00e8te d\u2019un projet de territoire protecteur et solidaire. \u00bb<\/p>\n<p>Mais alors, \u00e7a donnerait quoi, concr\u00e8tement ? Dans le sc\u00e9nario imagin\u00e9 par Cyrille Morel, un ouragan \u00ab exceptionnellement puissant \u00bb s\u2019abat sur Rennes et ses alentours en janvier 2026. Le tableau est sombre : des rafales \u00e0 160 km\/h, des arbres au sol, des coupures d\u2019\u00e9lectricit\u00e9, des inondations et des communes isol\u00e9es. Certaines sont fortement touch\u00e9es, comme Bruz, Mordelles ou Pont-P\u00e9an. D\u2019autres sont \u00e9pargn\u00e9es, comme Chevaign\u00e9. \u00ab Les Plans communaux de sauvegarde sont d\u00e9clench\u00e9s, mais rapidement, la crise et les besoins d\u00e9passent le p\u00e9rim\u00e8tre communal. C\u2019est l\u00e0 que le PICS prend tout son sens \u00bb, raconte Cyrille Morel.<\/p>\n<p>Le Libert\u00e9 en centre d\u2019urgence m\u00e9tropolitain<\/p>\n<p>Certaines d\u00e9cisions sont alors prises \u00e0 l\u2019\u00e9chelle du territoire. La maire de Chevaign\u00e9 met \u00e0 disposition quatre agents communaux, qui sont envoy\u00e9s dans les zones les plus touch\u00e9es pour participer au d\u00e9blaiement. La maire de Rennes, elle, transforme la salle du Libert\u00e9 en centre d\u2019accueil d\u2019urgence pour h\u00e9berger les 500 personnes dont le logement est devenu inhabitable. <\/p>\n<p>\u00ab Le PICS est en lien avec le Pr\u00e9fet pour coordonner les solutions de secours. Il vient au soutien des maires pour trouver des h\u00e9bergements d\u2019urgence ou pour les demandes de d\u00e9claration d\u2019\u00e9tat de catastrophe naturelle. Aucun acteur ne peut faire face seul. C\u2019est le sens du PICS, chaque maire conserve ses pouvoirs, mais chaque commune est reli\u00e9e aux autres et \u00e0 la m\u00e9tropole par un m\u00eame dispositif. \u00bb<\/p>\n<p>Un nouveau dispositif salu\u00e9 par la maire de Rennes et pr\u00e9sidente de la M\u00e9tropole Nathalie App\u00e9r\u00e9, qui a rappel\u00e9 que, si \u00ab la m\u00e9tropole n\u2019a pas attendu le PICS pour \u00e9prouver dans les crises la mutualisation et la solidarit\u00e9, nous l\u2019avons fait lors des inondations de janvier de mani\u00e8re relativement empirique. On sait combien la r\u00e9activit\u00e9 est un \u00e9l\u00e9ment majeur dans la r\u00e9ponse aux crises. Les \u00e9pisodes climatiques extr\u00eames ont malheureusement vocation \u00e0 se reproduire. Ce mode de pilotage n\u2019\u00e9vite pas les crises mais permet de g\u00e9rer et prot\u00e9ger au mieux. \u00bb<\/p>\n<p>Pour \u00e9prouver ce nouveau dispositif grandeur nature, un exercice associant les communes aura lieu du 17 au 19 novembre 2026. \u00c0 moins qu\u2019un ouragan frappe Rennes en janvier prochain.<\/p>\n","protected":false},"excerpt":{"rendered":"\u00ab Je vous propose de vivre ensemble une crise fictive mais parfaitement plausible : l\u2019arriv\u00e9e d\u2019un ouragan sur&hellip;\n","protected":false},"author":2,"featured_media":535296,"comment_status":"","ping_status":"","sticky":false,"template":"","format":"standard","meta":{"footnotes":""},"categories":[2821],"tags":[1111,11,829,1777,674,1011,27,848,12,584,25],"class_list":{"0":"post-535295","1":"post","2":"type-post","3":"status-publish","4":"format-standard","5":"has-post-thumbnail","7":"category-rennes","8":"tag-actu","9":"tag-actualites","10":"tag-bretagne","11":"tag-eu","12":"tag-europe","13":"tag-fr","14":"tag-france","15":"tag-ille-et-vilaine","16":"tag-news","17":"tag-rennes","18":"tag-republique-francaise"},"share_on_mastodon":{"url":"https:\/\/pubeurope.com\/@fr\/115552077929229040","error":""},"_links":{"self":[{"href":"https:\/\/www.europesays.com\/fr\/wp-json\/wp\/v2\/posts\/535295","targetHints":{"allow":["GET"]}}],"collection":[{"href":"https:\/\/www.europesays.com\/fr\/wp-json\/wp\/v2\/posts"}],"about":[{"href":"https:\/\/www.europesays.com\/fr\/wp-json\/wp\/v2\/types\/post"}],"author":[{"embeddable":true,"href":"https:\/\/www.europesays.com\/fr\/wp-json\/wp\/v2\/users\/2"}],"replies":[{"embeddable":true,"href":"https:\/\/www.europesays.com\/fr\/wp-json\/wp\/v2\/comments?post=535295"}],"version-history":[{"count":0,"href":"https:\/\/www.europesays.com\/fr\/wp-json\/wp\/v2\/posts\/535295\/revisions"}],"wp:featuredmedia":[{"embeddable":true,"href":"https:\/\/www.europesays.com\/fr\/wp-json\/wp\/v2\/media\/535296"}],"wp:attachment":[{"href":"https:\/\/www.europesays.com\/fr\/wp-json\/wp\/v2\/media?parent=535295"}],"wp:term":[{"taxonomy":"category","embeddable":true,"href":"https:\/\/www.europesays.com\/fr\/wp-json\/wp\/v2\/categories?post=535295"},{"taxonomy":"post_tag","embeddable":true,"href":"https:\/\/www.europesays.com\/fr\/wp-json\/wp\/v2\/tags?post=535295"}],"curies":[{"name":"wp","href":"https:\/\/api.w.org\/{rel}","templated":true}]}}