{"id":535318,"date":"2025-11-15T05:45:48","date_gmt":"2025-11-15T05:45:48","guid":{"rendered":"https:\/\/www.europesays.com\/fr\/535318\/"},"modified":"2025-11-15T05:45:48","modified_gmt":"2025-11-15T05:45:48","slug":"lenquete-publique-court-jusquen-janvier-2026-donnez-votre-avis","status":"publish","type":"post","link":"https:\/\/www.europesays.com\/fr\/535318\/","title":{"rendered":"l\u2019enqu\u00eate publique court jusqu&rsquo;en janvier 2026, donnez votre avis"},"content":{"rendered":"<p>                    Par<br \/>\n        <strong><br \/>\n            <a href=\"https:\/\/actu.fr\/auteur\/annesophie-2\" title=\"Consulter tous les articles de Anne-Sophie Hourdeaux\" target=\"_blank\" rel=\"noopener\">Anne-Sophie Hourdeaux<\/a><br \/>\n                    <\/strong><\/p>\n<p>        Publi\u00e9 le<\/p>\n<p>            13 nov. 2025 \u00e0 17h36        <\/p>\n<p><b>Le <a href=\"https:\/\/actu.fr\/hauts-de-france\/lille_59350\/futur-tramway-de-lille-le-trace-est-definitif-et-va-traverser-11-villes_63323443.html\" target=\"_blank\" rel=\"noopener\">nouveau tramway<\/a><\/b><a href=\"https:\/\/actu.fr\/hauts-de-france\/lille_59350\/futur-tramway-de-lille-le-trace-est-definitif-et-va-traverser-11-villes_63323443.html\" target=\"_blank\" rel=\"noopener\"> sur la m\u00e9tropole de Lille<\/a> est pr\u00e9vu pour 2035. <b>La branche concernant Roubaix, Tourcoing, Wattrelos, Hem et Neuville-en-Ferrain<\/b> vit une nouvelle \u00e9tape, avec <b>l\u2019enqu\u00eate publique, du 19\u00a0novembre 2025 au 14\u00a0janvier 2026<\/b>. Tout le monde pourra, pendant ce temps, <b>consulter le gros dossier<\/b> avec le trac\u00e9, les co\u00fbt, le financement, l\u2019emplacement des stations, les d\u00e9tails de l\u2019emprise fonci\u00e8re, les pistes cyclables, le stationnement\u2026 Vous pouvez le <b>d\u00e9couvrir et y r\u00e9agir en ligne, mais aussi dans 6 lieux.<\/b><\/p>\n<p>Une concertation pour un avis \u00ab\u00a0favorable\u00a0\u00bb ou \u00ab\u00a0d\u00e9favorable\u00a0\u00bb rendu par une commission d\u2019enqu\u00eate<\/p>\n<p class=\" wall-content\">\u00c7a y est, le dossier du tramway sur la branche Roubaix-Tourcoing vit une \u00e9tape d\u00e9cisive, apr\u00e8s la concertation pr\u00e9alable en 2022, l\u2019\u00e9tude compl\u00e9mentaire, 3 d\u00e9lib\u00e9rations depuis 2019 et la concertation continue depuis 2023. Voil\u00e0 le temps de l\u2019enqu\u00eate publique, et cela devient plus concret\u2009!<\/p>\n<blockquote class=\"ac-article-quote wall-content\">\n<p>On y trouvera tous les \u00e9l\u00e9ments du projet, de son historique, la m\u00e9thode de travail, le trac\u00e9 pr\u00e9cis rue par rue, son co\u00fbt, son impact environnemental, jusqu\u2019\u00e0 la situation pr\u00e9cise des pistes cyclables et voies de circulation des v\u00e9hicules.<\/p>\n<p>S\u00e9bastien Lepr\u00eatre, vice-pr\u00e9sident en charge des transports \u00e0 la MEL<\/p><\/blockquote>\n<p class=\" wall-content\">Le but est que les citoyens consultent ce dossier de plusieurs centaines de pages, et fassent remonter des questions, remarques, doutes, points noirs\u2026<\/p>\n<p class=\" wall-content\">La branche du tram Roubaix-Tourcoing compte 38 stations, un site de maintenance et remisage \u00e0 la gare de Tourcoing, dessert 110 000 habitants dans 5 villes, sur 20,5 km.<\/p>\n<p class=\" wall-content\">Des acquisitions de maisons sont en cours rue Soult \u00e0 Roubaix et chauss\u00e9e Gramme\/rue de Gand \u00e0 Tourcoing.<\/p>\n<p>Votre r\u00e9gion, votre actu !<\/p>\n<p>Recevez chaque jour les infos qui comptent pour vous.<\/p>\n<p>\t<a href=\"https:\/\/actu.fr\/newsletter\" class=\"ac-btn ac-btn--corner ac-btn--medium ac-btn--blue800\" target=\"_blank\" rel=\"noopener\">S&rsquo;incrire<\/a><\/p>\n<p>    <img   decoding=\"async\" loading=\"lazy\" class=\"size-large\" src=\"https:\/\/www.europesays.com\/fr\/wp-content\/uploads\/2025\/11\/00982069b5196f3982069b519d7982v-960x640.jpeg\" alt=\"enqu\u00eate publique tramway\" width=\"960\" height=\"640\"\/><br \/>\n    S\u00e9bastien Lepr\u00eatre, vice-pr\u00e9sident de la ML en charge du transport, a pr\u00e9sent\u00e9 la d\u00e9marche d\u2019enqu\u00eate publique. \u00a9Anne-Sophie Hourdeaux\/Croix du NordO\u00f9 consulter le dossier\u2009?<\/p>\n<p class=\" wall-content\">Le dossier est consultable dans les mairies des villes concern\u00e9es aux horaires d\u2019ouverture, sauf \u00e0 Neuville-en-Ferrain o\u00f9 la mairie est en travaux. En plus, des permanences de la commission d\u2019enqu\u00eate\u2009:<\/p>\n<ul class=\" wall-content\">\n<li>Si\u00e8ge de la MEL, 2 boulevard des Cit\u00e9s Unies \u00e0 Lille\u2009: mercredi 19\u00a0novembre 9\u2009h -12\u2009h, mercredi 14\u00a0janvier 14\u2009h \u2013 17\u2009h.<\/li>\n<li>Centre technique et municipal de Neuville-en-Ferrain (rue Henri Dunant)\u2009: jeudis 20\u00a0novembre et 4\u00a0d\u00e9cembre 14\u2009h \u2013 17\u2009h\u2009; mardis 16\u00a0d\u00e9cembre et 13\u00a0janvier 9\u2009h \u2013 12\u2009h.<\/li>\n<li>Mairie de Roubaix (Grand Place)\u2009: vendredi 21\u00a0novembre et samedi 13\u00a0d\u00e9cembre 9\u2009h-12\u2009h\u2009; mercredi 3\u00a0d\u00e9cembre, vendredi\u00a09 et mardi 13\u00a0janvier 14\u2009h \u2013 17\u2009h.<\/li>\n<li>Mairie de Hem (rue du g\u00e9n\u00e9ral Leclerc)\u2009: mercredi 19\u00a0novembre, jeudi 18\u00a0d\u00e9cembre, vendredi 9\u00a0janvier 14\u2009h \u2013 17\u2009h\u2009; samedi 6\u00a0d\u00e9cembre et mercredi 14\u00a0janvier 9\u2009h \u2013 12\u2009h.<\/li>\n<li>Mairie de Tourcoing (place Hassebroucq)\u2009: vendredi 21\u00a0novembre, mercredi 10\u00a0d\u00e9cembre, vendredi 9\u00a0janvier 9\u2009h \u2013 12\u2009h\u2009; jeudi 18\u00a0d\u00e9cembre et mardi 13\u00a0janvier 14\u2009h \u2013 17\u2009h.<\/li>\n<li>Mairie de Wattrelos (place Delvainqui\u00e8re)\u2009: mercredi 19\u00a0novembre, samedi 13\u00a0d\u00e9cembre, jeudi\u00a08 et mercredi 14\u00a0janvier 9\u2009h \u2013 12\u2009h\u2009; mardi 2\u00a0d\u00e9cembre 14\u2009h \u2013 17\u2009h.<\/li>\n<\/ul>\n<p>Et apr\u00e8s\u2009?<\/p>\n<p class=\" wall-content\">Apr\u00e8s l\u2019enqu\u00eate publique close mi janvier 2026, que se passera-t-il\u2009? La commission d\u2019enqu\u00eate (ind\u00e9pendante de la MEL, nomm\u00e9e par le tribunal administratif) va statuer\u2009: \u00ab\u2009Soit elle donne un accord favorable, soit favorable avec r\u00e9serve, soit d\u00e9favorable\u2009\u00bb, r\u00e9sume S\u00e9bastien Lepr\u00eatre.<\/p>\n<p class=\" wall-content\">En cas d\u2019accord avec r\u00e9serve, la MEL peut r\u00e9pondre avec un argumentaire. L\u2019avis d\u00e9favorable enterrera le projet, \u00ab\u2009et peut-\u00eatre qu\u2019on n\u2019en proposera pas un nouveau\u2009\u00bb confie le vice-pr\u00e9sident. Si tout va bien, la MEL \u00e9tablit alors une \u00ab\u2009d\u00e9claration de projet\u2009\u00bb.<\/p>\n<p class=\" wall-content\">Ensuite, la balle est dans le camp du pr\u00e9fet, qui donnera ou non la d\u00e9claration d\u2019utilit\u00e9 publique en 2026, avant la demande d\u2019autorisation environnementale en 2027.<\/p>\n<p class=\" wall-content\"><b>Les travaux commenceront alors en 2027<\/b>.<\/p>\n<p>Et la branche Lille-Wambrechies\u2009?<\/p>\n<p class=\" wall-content\">L\u2019autre nouvelle branche de tramway pr\u00e9vue sur la m\u00e9tropole de Lille, menant de Templemars \u00e0 Wambrechies, est toujours en concertation continue. L\u2019enqu\u00eate publique sur cette branche n\u2019est pas encore lanc\u00e9e. Pourquoi\u2009?<\/p>\n<p class=\" wall-content\">\u00ab\u2009Suivre deux enqu\u00eates publiques en m\u00eame temps, ce serait tr\u00e8s lourd\u2009\u00bb, explique S\u00e9bastien Lepr\u00eatre. \u00ab\u2009Cela signifierait aussi que les travaux concernent toute la m\u00e9tropole lilloise en m\u00eame temps, on ne veut pas paralyser le secteur\u2009!\u2009\u00bb<\/p>\n<p class=\" wall-content\">Cela sous-entend-t-il que la ligne lilloise est report\u00e9e dans le temps\u2009? \u00ab\u2009Pour l\u2019instant, on pr\u00e9voit toujours 2035\u2026\u2009\u00bb \u00c0 suivre.<\/p>\n<p>Participer \u00e0 l\u2019enqu\u00eate publique\u2009: <a href=\"https:\/\/www.registre-numerique.fr\/enquete-publique-TRT\" target=\"_blank\" rel=\"noopener\">https:\/\/www.registre-numerique.fr\/enquete-publique-TRT<\/a><\/p>\n<p class=\" wall-content\">Personnalisez votre actualit\u00e9 en ajoutant vos villes et m\u00e9dias en favori avec <a href=\"https:\/\/moncompte.actu.fr\" title=\"D\u00e9couvez Mon Actu\" rel=\"nofollow noopener\" data-trk=\"{&quot;cta&quot;:{&quot;action&quot;:&quot;https:\\\/\\\/moncompte.actu.fr&quot;,&quot;category&quot;:&quot;mon compte&quot;,&quot;from&quot;:&quot;article footer&quot;,&quot;name&quot;:&quot;Mon actu&quot;,&quot;type&quot;:&quot;cta&quot;}}\" target=\"_blank\">Mon Actu<\/a>.<\/p>\n","protected":false},"excerpt":{"rendered":"Par Anne-Sophie Hourdeaux Publi\u00e9 le 13 nov. 2025 \u00e0 17h36 Le nouveau tramway sur la m\u00e9tropole de Lille&hellip;\n","protected":false},"author":2,"featured_media":535319,"comment_status":"","ping_status":"","sticky":false,"template":"","format":"standard","meta":{"footnotes":""},"categories":[2815],"tags":[1111,11,1777,674,1011,27,811,1307,4863,12,25,104,2803,2086],"class_list":{"0":"post-535318","1":"post","2":"type-post","3":"status-publish","4":"format-standard","5":"has-post-thumbnail","7":"category-lille","8":"tag-actu","9":"tag-actualites","10":"tag-eu","11":"tag-europe","12":"tag-fr","13":"tag-france","14":"tag-hauts-de-france","15":"tag-lille","16":"tag-metropole-europeenne-de-lille","17":"tag-news","18":"tag-republique-francaise","19":"tag-societe","20":"tag-transport","21":"tag-travaux"},"share_on_mastodon":{"url":"https:\/\/pubeurope.com\/@fr\/115552137557533642","error":""},"_links":{"self":[{"href":"https:\/\/www.europesays.com\/fr\/wp-json\/wp\/v2\/posts\/535318","targetHints":{"allow":["GET"]}}],"collection":[{"href":"https:\/\/www.europesays.com\/fr\/wp-json\/wp\/v2\/posts"}],"about":[{"href":"https:\/\/www.europesays.com\/fr\/wp-json\/wp\/v2\/types\/post"}],"author":[{"embeddable":true,"href":"https:\/\/www.europesays.com\/fr\/wp-json\/wp\/v2\/users\/2"}],"replies":[{"embeddable":true,"href":"https:\/\/www.europesays.com\/fr\/wp-json\/wp\/v2\/comments?post=535318"}],"version-history":[{"count":0,"href":"https:\/\/www.europesays.com\/fr\/wp-json\/wp\/v2\/posts\/535318\/revisions"}],"wp:featuredmedia":[{"embeddable":true,"href":"https:\/\/www.europesays.com\/fr\/wp-json\/wp\/v2\/media\/535319"}],"wp:attachment":[{"href":"https:\/\/www.europesays.com\/fr\/wp-json\/wp\/v2\/media?parent=535318"}],"wp:term":[{"taxonomy":"category","embeddable":true,"href":"https:\/\/www.europesays.com\/fr\/wp-json\/wp\/v2\/categories?post=535318"},{"taxonomy":"post_tag","embeddable":true,"href":"https:\/\/www.europesays.com\/fr\/wp-json\/wp\/v2\/tags?post=535318"}],"curies":[{"name":"wp","href":"https:\/\/api.w.org\/{rel}","templated":true}]}}