{"id":535326,"date":"2025-11-15T05:49:12","date_gmt":"2025-11-15T05:49:12","guid":{"rendered":"https:\/\/www.europesays.com\/fr\/535326\/"},"modified":"2025-11-15T05:49:12","modified_gmt":"2025-11-15T05:49:12","slug":"meteo-les-temperatures-vont-seffondrer-dun-coup-a-lyon-et-dans-le-rhone-les-previsions","status":"publish","type":"post","link":"https:\/\/www.europesays.com\/fr\/535326\/","title":{"rendered":"M\u00e9t\u00e9o. Les temp\u00e9ratures vont s&rsquo;effondrer d&rsquo;un coup \u00e0 Lyon et dans le Rh\u00f4ne, les pr\u00e9visions"},"content":{"rendered":"<p>                    Par<br \/>\n        <strong><br \/>\n            <a href=\"https:\/\/actu.fr\/auteur\/theo-zuili\" title=\"Consulter tous les articles de Th\u00e9o Zuili\" rel=\"nofollow noopener\" target=\"_blank\">Th\u00e9o Zuili<\/a><br \/>\n                    <\/strong><\/p>\n<p>        Publi\u00e9 le<\/p>\n<p>            15 nov. 2025 \u00e0 6h22        <\/p>\n<p>Il ne fallait surtout pas s\u2019habituer <a href=\"https:\/\/actu.fr\/meteo\/une-meteo-hallucinante-va-toucher-lyon-et-le-rhone-cette-semaine-a-quoi-s-attendre_63416941.html\" rel=\"nofollow noopener\" target=\"_blank\">aux 20\u00b0C ressentis cette semaine<\/a> \u00e0 <a href=\"https:\/\/actu.fr\/auvergne-rhone-alpes\/lyon_69123\" rel=\"nofollow noopener\" target=\"_blank\">Lyon<\/a> et dans le Rh\u00f4ne. Si ces temp\u00e9ratures exceptionnellement chaudes pour un mois de novembre ont pu faire oublier les normales attendues en automne, la <a href=\"https:\/\/actu.fr\/lyon\/meteo\" rel=\"nofollow noopener\" target=\"_blank\">m\u00e9t\u00e9o<\/a> va se charger de faire une piq\u00fbre de rappel aux habitants de Lyon et son d\u00e9partement. Pour r\u00e9sumer, il va <strong>brusquement faire froid<\/strong> : voici les d\u00e9tails et les pr\u00e9visions de <a href=\"https:\/\/actu.fr\/tag\/meteo-france\" rel=\"nofollow noopener\" target=\"_blank\">M\u00e9t\u00e9o-France<\/a>.<\/p>\n<p>Un net rafra\u00eechissement d\u00e8s lundi<\/p>\n<p class=\" wall-content\">Si la chaleur port\u00e9e par le vent du sud joue les prolongations ce week-end du 15 au 16 novembre \u00e0 Lyon et dans le Rh\u00f4ne, elle s\u2019appr\u00eate \u00e0<strong> laisser place \u00e0 un tout autre temps<\/strong> d\u00e8s ce lundi avec un net rafra\u00eechissement. La faute au vent, qui bascule en flux de nord.<\/p>\n<p class=\" wall-content\">La m\u00e9t\u00e9o laissera place \u00e0 des pluies faibles et averses \u00e0 travers le d\u00e9partement du Rh\u00f4ne le 17 novembre, avec <strong>10\u00b0C pr\u00e9vus \u00e0 Lyon<\/strong> dans l\u2019apr\u00e8s-midi. Un retour bienvenu aux normales de saison. Mais le mercure continuera de chuter cette semaine et l\u2019\u00e9cart va se creuser dans le sens inverse.<\/p>\n<p>La barre des 0\u00b0C franchie en une semaine<\/p>\n<p class=\" wall-content\">Mardi, on aura froid d\u00e8s le r\u00e9veil avec<strong> 2\u00b0C en minimales<\/strong> \u00e0 Lyon. Il fera sec et le soleil dominant dans le Rh\u00f4ne pourra ravir les habitants, mais le mercure ne montera pas au-dessus des 8\u00b0C, soit 3 \u00e0 4\u00b0C en dessous des normales. Au plus chaud de la journ\u00e9e, il fera 3\u00b0C dans les alentours de Thizy, Tarare ou Beaujeu.<\/p>\n<p class=\" wall-content\">Il faudra s\u2019accrocher encore \u00e0 partir de jeudi 20 novembre :<strong> la pluie fera son retour partout<\/strong> dans le Rh\u00f4ne, et de la neige pourrait m\u00eame tomber sur les hauteurs du d\u00e9partement. La maximale sera de 5\u00b0C.<\/p>\n<p class=\" wall-content\">D\u00e8s vendredi, et le week-end prochain, la douceur ne sera plus qu\u2019un lointain souvenir. La barre des 0\u00b0C pourra \u00eatre franchie (dans le mauvais sens) dans la plupart du Rh\u00f4ne. Le mercure pourra grimper un petit peu d\u00e8s lundi 24, mais les pr\u00e9visions sont moins fiables.\u00a0<\/p>\n<p class=\" wall-content\">Personnalisez votre actualit\u00e9 en ajoutant vos villes et m\u00e9dias en favori avec <a href=\"https:\/\/moncompte.actu.fr\" title=\"D\u00e9couvez Mon Actu\" rel=\"nofollow noopener\" data-trk=\"{&quot;cta&quot;:{&quot;action&quot;:&quot;https:\\\/\\\/moncompte.actu.fr&quot;,&quot;category&quot;:&quot;mon compte&quot;,&quot;from&quot;:&quot;article footer&quot;,&quot;name&quot;:&quot;Mon actu&quot;,&quot;type&quot;:&quot;cta&quot;}}\" target=\"_blank\">Mon Actu<\/a>.<\/p>\n","protected":false},"excerpt":{"rendered":"Par Th\u00e9o Zuili Publi\u00e9 le 15 nov. 2025 \u00e0 6h22 Il ne fallait surtout pas s\u2019habituer aux 20\u00b0C&hellip;\n","protected":false},"author":2,"featured_media":535327,"comment_status":"","ping_status":"","sticky":false,"template":"","format":"standard","meta":{"footnotes":""},"categories":[1889],"tags":[1111,11,2430,1777,674,1011,27,2428,2487,2357,12,25],"class_list":{"0":"post-535326","1":"post","2":"type-post","3":"status-publish","4":"format-standard","5":"has-post-thumbnail","7":"category-lyon","8":"tag-actu","9":"tag-actualites","10":"tag-auvergne-rhone-alpes","11":"tag-eu","12":"tag-europe","13":"tag-fr","14":"tag-france","15":"tag-lyon","16":"tag-meteo","17":"tag-meteo-france","18":"tag-news","19":"tag-republique-francaise"},"share_on_mastodon":{"url":"https:\/\/pubeurope.com\/@fr\/115552148975706621","error":""},"_links":{"self":[{"href":"https:\/\/www.europesays.com\/fr\/wp-json\/wp\/v2\/posts\/535326","targetHints":{"allow":["GET"]}}],"collection":[{"href":"https:\/\/www.europesays.com\/fr\/wp-json\/wp\/v2\/posts"}],"about":[{"href":"https:\/\/www.europesays.com\/fr\/wp-json\/wp\/v2\/types\/post"}],"author":[{"embeddable":true,"href":"https:\/\/www.europesays.com\/fr\/wp-json\/wp\/v2\/users\/2"}],"replies":[{"embeddable":true,"href":"https:\/\/www.europesays.com\/fr\/wp-json\/wp\/v2\/comments?post=535326"}],"version-history":[{"count":0,"href":"https:\/\/www.europesays.com\/fr\/wp-json\/wp\/v2\/posts\/535326\/revisions"}],"wp:featuredmedia":[{"embeddable":true,"href":"https:\/\/www.europesays.com\/fr\/wp-json\/wp\/v2\/media\/535327"}],"wp:attachment":[{"href":"https:\/\/www.europesays.com\/fr\/wp-json\/wp\/v2\/media?parent=535326"}],"wp:term":[{"taxonomy":"category","embeddable":true,"href":"https:\/\/www.europesays.com\/fr\/wp-json\/wp\/v2\/categories?post=535326"},{"taxonomy":"post_tag","embeddable":true,"href":"https:\/\/www.europesays.com\/fr\/wp-json\/wp\/v2\/tags?post=535326"}],"curies":[{"name":"wp","href":"https:\/\/api.w.org\/{rel}","templated":true}]}}