{"id":535328,"date":"2025-11-15T05:50:19","date_gmt":"2025-11-15T05:50:19","guid":{"rendered":"https:\/\/www.europesays.com\/fr\/535328\/"},"modified":"2025-11-15T05:50:19","modified_gmt":"2025-11-15T05:50:19","slug":"lyon-apres-10-ans-ce-bar-populaire-menace-appelle-a-laide-une-question-de-survie","status":"publish","type":"post","link":"https:\/\/www.europesays.com\/fr\/535328\/","title":{"rendered":"Lyon. Apr\u00e8s 10 ans, ce bar populaire menac\u00e9 appelle \u00e0 l&rsquo;aide : \u00ab\u00a0Une question de survie\u00a0\u00bb"},"content":{"rendered":"<p>                    Par<br \/>\n        <strong><br \/>\n            <a href=\"https:\/\/actu.fr\/auteur\/theo-zuili\" title=\"Consulter tous les articles de Th\u00e9o Zuili\" target=\"_blank\" rel=\"noopener\">Th\u00e9o Zuili<\/a><br \/>\n                    <\/strong><\/p>\n<p>        Publi\u00e9 le<\/p>\n<p>            15 nov. 2025 \u00e0 6h08        <\/p>\n<p>Le <strong>Bieristan<\/strong>, bar restaurant embl\u00e9matique du quartier des Gratte-Ciel \u00e0 <a href=\"https:\/\/actu.fr\/auvergne-rhone-alpes\/villeurbanne_69266\" target=\"_blank\" rel=\"noopener\">Villeurbanne<\/a>, pr\u00e8s de <a href=\"https:\/\/actu.fr\/auvergne-rhone-alpes\/lyon_69123\" target=\"_blank\" rel=\"noopener\">Lyon<\/a>, traverse une \u00ab\u00a0crise \u00e9conomique grave\u00a0\u00bb. L\u2019\u00e9quipe de cet \u00e9tablissement coop\u00e9ratif qui a f\u00eat\u00e9 ses dix ans d\u2019existence cet \u00e9t\u00e9 parle ouvertement de \u00ab\u00a0question de survie\u00a0\u00bb et appelle \u00e0 l\u2019aide \u00ab\u00a0pour passer l\u2019hiver\u00a0\u00bb.<\/p>\n<p>    <a href=\"https:\/\/www.google.com\/maps\/embed?pb=!1m18!1m12!1m3!1d5222.2117048464415!2d4.881576815393867!3d45.76774230712912!2m3!1f0!2f0!3f0!3m2!1i1024!2i768!4f13.1!3m3!1m2!1s0x47f4c02e3d1da029%3A0xdac07b0981e7f17c!2sLe%20Bieristan!5e1!3m2!1sfr!2sfr!4v1763113055654!5m2!1sfr!2sfr\" title=\"Ouvrie le lien\" target=\"_blank\" rel=\"noopener\">Cliquez ici pour visualiser le contenu<\/a><\/p>\n<p>Des probl\u00e8mes de tr\u00e9sorerie<\/p>\n<p class=\" wall-content\">Autog\u00e9r\u00e9 par onze amis attach\u00e9s \u00e0 fournir un service local, artisanal, de saison et accessible, le Bieristan d\u00e9crit une situation financi\u00e8re qui s\u2019enlise depuis le Covid-19. Si la fr\u00e9quentation reste stable, les hausses des co\u00fbts de l\u2019\u00e9nergie et des mati\u00e8res premi\u00e8res s\u2019ajoutant \u00e0 la <strong>baisse du pouvoir d\u2019achat<\/strong> font peser la note alors que le mat\u00e9riel vieillissant doit \u00eatre remplac\u00e9 ou r\u00e9par\u00e9.<\/p>\n<p class=\" wall-content\">Contraint de fermer l\u2019activit\u00e9 de restauration le midi ou encore d\u2019augmenter certains prix, l\u2019\u00e9tablissement garde l\u2019espoir de faire pencher la balance de la rentabilit\u00e9 dans un sens moins inqui\u00e9tant.<\/p>\n<p>Des solutions pour renflouer les caisses<\/p>\n<p class=\" wall-content\">Ne voulant \u00ab\u00a0pas sacrifier son \u00e9thique ni augmenter ind\u00e9finiment ses prix\u00a0\u00bb, le Bieristan a lanc\u00e9<strong> une cagnotte avec contreparties<\/strong> le 10 novembre dans l\u2019espoir de \u00ab\u00a0passer l\u2019hiver\u00a0\u00bb apr\u00e8s \u00ab\u00a0une haute saison (pas si haute que \u00e7a\u2026)\u00a0\u00bb et \u00ab\u00a0des frais inhabituels et \u00e9lev\u00e9s \u00e0 engager pour remplacer notre mat\u00e9riel de travail quotidien (environ 10 000 \u20ac pour plonge, machine \u00e0 caf\u00e9, lave-verre, tout y est pass\u00e9 en m\u00eame temps !)\u00a0\u00bb.<\/p>\n<p class=\" wall-content\">L\u2019\u00e9quipe annonce compter sur la mobilisation locale pour \u00e9viter la fermeture. \u00ab\u00a0Gr\u00e2ce \u00e0 ton aide, on peut continuer \u00e0 faire (sur)vivre l\u2019utopie qui anime notre collectif\u00a0\u00bb : l\u2019objectif est de r\u00e9colter <strong>20 000\u20ac d\u2019ici au 11 d\u00e9cembre<\/strong>.<\/p>\n<p>Votre r\u00e9gion, votre actu !<\/p>\n<p>Recevez chaque jour les infos qui comptent pour vous.<\/p>\n<p>\t<a href=\"https:\/\/actu.fr\/newsletter\" class=\"ac-btn ac-btn--corner ac-btn--medium ac-btn--blue800\" target=\"_blank\" rel=\"noopener\">S&rsquo;incrire<\/a><\/p>\n<p>    <a href=\"https:\/\/www.facebook.com\/plugins\/video.php?height=476&amp;href=https%3A%2F%2Fwww.facebook.com%2Freel%2F1480138439767473%2F&amp;show_text=false&amp;width=350&amp;t=0\" title=\"Ouvrie le lien\" target=\"_blank\" rel=\"noopener\">Cliquez ici pour visualiser le contenu<\/a><\/p>\n<p class=\" wall-content\">Et \u00e0 l\u2019heure de l\u2019\u00e9criture de ces lignes, environ 200 contributeurs ont d\u00e9j\u00e0 donn\u00e9 pr\u00e8s de 10 000\u20ac. Un tel succ\u00e8s en moins d\u2019une semaine permet de se donner un objectif fou, mais all\u00e9chant : \u00ab\u00a0Avec 600 000\u20ac, on rach\u00e8te le lieu !\u00a0\u00bb<\/p>\n<p>Bieristan,<br \/>\n14 Rue Paul Lafargue, 69100 Villeurbanne.<br \/><a href=\"https:\/\/bluebees.fr\/fr\/project\/1418-le-bieristan\" target=\"_blank\" rel=\"noopener\">Lien de la cagnotte en ligne<\/a>.<\/p>\n<p class=\" wall-content\">Personnalisez votre actualit\u00e9 en ajoutant vos villes et m\u00e9dias en favori avec <a href=\"https:\/\/moncompte.actu.fr\" title=\"D\u00e9couvez Mon Actu\" rel=\"nofollow noopener\" data-trk=\"{&quot;cta&quot;:{&quot;action&quot;:&quot;https:\\\/\\\/moncompte.actu.fr&quot;,&quot;category&quot;:&quot;mon compte&quot;,&quot;from&quot;:&quot;article footer&quot;,&quot;name&quot;:&quot;Mon actu&quot;,&quot;type&quot;:&quot;cta&quot;}}\" target=\"_blank\">Mon Actu<\/a>.<\/p>\n","protected":false},"excerpt":{"rendered":"Par Th\u00e9o Zuili Publi\u00e9 le 15 nov. 2025 \u00e0 6h08 Le Bieristan, bar restaurant embl\u00e9matique du quartier des&hellip;\n","protected":false},"author":2,"featured_media":535329,"comment_status":"","ping_status":"","sticky":false,"template":"","format":"standard","meta":{"footnotes":""},"categories":[1889],"tags":[1111,11,2430,130,33,1777,674,1011,27,2428,12,25,3400],"class_list":{"0":"post-535328","1":"post","2":"type-post","3":"status-publish","4":"format-standard","5":"has-post-thumbnail","7":"category-lyon","8":"tag-actu","9":"tag-actualites","10":"tag-auvergne-rhone-alpes","11":"tag-consommation","12":"tag-economie","13":"tag-eu","14":"tag-europe","15":"tag-fr","16":"tag-france","17":"tag-lyon","18":"tag-news","19":"tag-republique-francaise","20":"tag-solidarite"},"share_on_mastodon":{"url":"https:\/\/pubeurope.com\/@fr\/115552152639425261","error":""},"_links":{"self":[{"href":"https:\/\/www.europesays.com\/fr\/wp-json\/wp\/v2\/posts\/535328","targetHints":{"allow":["GET"]}}],"collection":[{"href":"https:\/\/www.europesays.com\/fr\/wp-json\/wp\/v2\/posts"}],"about":[{"href":"https:\/\/www.europesays.com\/fr\/wp-json\/wp\/v2\/types\/post"}],"author":[{"embeddable":true,"href":"https:\/\/www.europesays.com\/fr\/wp-json\/wp\/v2\/users\/2"}],"replies":[{"embeddable":true,"href":"https:\/\/www.europesays.com\/fr\/wp-json\/wp\/v2\/comments?post=535328"}],"version-history":[{"count":0,"href":"https:\/\/www.europesays.com\/fr\/wp-json\/wp\/v2\/posts\/535328\/revisions"}],"wp:featuredmedia":[{"embeddable":true,"href":"https:\/\/www.europesays.com\/fr\/wp-json\/wp\/v2\/media\/535329"}],"wp:attachment":[{"href":"https:\/\/www.europesays.com\/fr\/wp-json\/wp\/v2\/media?parent=535328"}],"wp:term":[{"taxonomy":"category","embeddable":true,"href":"https:\/\/www.europesays.com\/fr\/wp-json\/wp\/v2\/categories?post=535328"},{"taxonomy":"post_tag","embeddable":true,"href":"https:\/\/www.europesays.com\/fr\/wp-json\/wp\/v2\/tags?post=535328"}],"curies":[{"name":"wp","href":"https:\/\/api.w.org\/{rel}","templated":true}]}}