{"id":535330,"date":"2025-11-15T05:52:12","date_gmt":"2025-11-15T05:52:12","guid":{"rendered":"https:\/\/www.europesays.com\/fr\/535330\/"},"modified":"2025-11-15T05:52:12","modified_gmt":"2025-11-15T05:52:12","slug":"brochettes-de-viande-vente-a-la-sauvette-quais-bondes-garges-sarcelles-pire-gare-dile-de-france","status":"publish","type":"post","link":"https:\/\/www.europesays.com\/fr\/535330\/","title":{"rendered":"Brochettes de viande, vente \u00e0 la sauvette, quais bond\u00e9s\u2026 Garges &#8211; Sarcelles, \u00ab\u00a0pire gare d\u2019\u00cele-de-France\u00a0\u00bb\u00a0?"},"content":{"rendered":"<p class=\"paragraph text_align_left lp-f-body-02\"><a href=\"https:\/\/www.leparisien.fr\/faits-divers\/de-la-viande-decoupee-et-vendue-sur-le-trottoir-a-vitry-la-boucherie-clandestine-fait-le-plein-de-clients-27-01-2025-YN4Y2VPWFRHYHNVO2XL3UXH6VI.php\" target=\"_self\" rel=\"noopener\">Brochettes de viandes qui gr\u00e9sillent<\/a>, bouteilles de bissap (jus d\u2019hibiscus) et ma\u00efs grill\u00e9s. Non, nous ne sommes pas dans la cuisine d\u2019un restaurant mais bien s\u00fbr le parvis de la gare de Garges &#8211; Sarcelles (<a href=\"https:\/\/www.leparisien.fr\/val-d-oise-95\/\" target=\"_blank\" rel=\"noreferrer noopener\">Val-d\u2019Oise<\/a>), sur la ligne du <a href=\"https:\/\/www.leparisien.fr\/info-paris-ile-de-france-oise\/transports\/rer-d\/\" target=\"_blank\" rel=\"noreferrer noopener\">RER D<\/a>. Ce vendredi midi, c\u2019est l\u2019\u00e9bullition d\u00e8s la sortie des portiques. Dans la foule, Nadia, 42 ans, se faufile entre les braseros de fortune install\u00e9s dans des caddies. \u00ab C\u2019est s\u00fbr que c\u2019est folklorique, livre-t-elle. Je trouve \u00e7a m\u00eame pratique. Tu peux grignoter un bout avant de prendre ton train. \u00bb<\/p>\n<p class=\"paragraph text_align_left lp-f-body-02\">Ce fourmillement est r\u00e9guli\u00e8rement point\u00e9 du doigt par des vid\u00e9os tourn\u00e9es aux abords de la gare et partag\u00e9es sur les r\u00e9seaux sociaux par des comptes affili\u00e9s \u00e0 l\u2019extr\u00eame droite. Des contenus qu\u2019Ahmed relativise : \u00ab Quand tu ne viens pas d\u2019ici, tu peux \u00eatre choqu\u00e9. Je vois les commentaires sur les r\u00e9seaux qui te disent que ce n\u2019est pas la France, que c\u2019est une zone de non-droit\u2026 Il ne m\u2019est jamais rien arriv\u00e9 ici personnellement \u00bb.<\/p>\n","protected":false},"excerpt":{"rendered":"Brochettes de viandes qui gr\u00e9sillent, bouteilles de bissap (jus d\u2019hibiscus) et ma\u00efs grill\u00e9s. Non, nous ne sommes pas&hellip;\n","protected":false},"author":2,"featured_media":535331,"comment_status":"","ping_status":"","sticky":false,"template":"","format":"standard","meta":{"footnotes":""},"categories":[1592],"tags":[1111,11,1777,674,1011,27,662,1944,12,626,25,6601],"class_list":{"0":"post-535330","1":"post","2":"type-post","3":"status-publish","4":"format-standard","5":"has-post-thumbnail","7":"category-ile-de-france","8":"tag-actu","9":"tag-actualites","10":"tag-eu","11":"tag-europe","12":"tag-fr","13":"tag-france","14":"tag-ile-de-france","15":"tag-ma-ville","16":"tag-news","17":"tag-paris","18":"tag-republique-francaise","19":"tag-val-d-oise"},"share_on_mastodon":{"url":"https:\/\/pubeurope.com\/@fr\/115552160961384640","error":""},"_links":{"self":[{"href":"https:\/\/www.europesays.com\/fr\/wp-json\/wp\/v2\/posts\/535330","targetHints":{"allow":["GET"]}}],"collection":[{"href":"https:\/\/www.europesays.com\/fr\/wp-json\/wp\/v2\/posts"}],"about":[{"href":"https:\/\/www.europesays.com\/fr\/wp-json\/wp\/v2\/types\/post"}],"author":[{"embeddable":true,"href":"https:\/\/www.europesays.com\/fr\/wp-json\/wp\/v2\/users\/2"}],"replies":[{"embeddable":true,"href":"https:\/\/www.europesays.com\/fr\/wp-json\/wp\/v2\/comments?post=535330"}],"version-history":[{"count":0,"href":"https:\/\/www.europesays.com\/fr\/wp-json\/wp\/v2\/posts\/535330\/revisions"}],"wp:featuredmedia":[{"embeddable":true,"href":"https:\/\/www.europesays.com\/fr\/wp-json\/wp\/v2\/media\/535331"}],"wp:attachment":[{"href":"https:\/\/www.europesays.com\/fr\/wp-json\/wp\/v2\/media?parent=535330"}],"wp:term":[{"taxonomy":"category","embeddable":true,"href":"https:\/\/www.europesays.com\/fr\/wp-json\/wp\/v2\/categories?post=535330"},{"taxonomy":"post_tag","embeddable":true,"href":"https:\/\/www.europesays.com\/fr\/wp-json\/wp\/v2\/tags?post=535330"}],"curies":[{"name":"wp","href":"https:\/\/api.w.org\/{rel}","templated":true}]}}