{"id":535340,"date":"2025-11-15T05:57:13","date_gmt":"2025-11-15T05:57:13","guid":{"rendered":"https:\/\/www.europesays.com\/fr\/535340\/"},"modified":"2025-11-15T05:57:13","modified_gmt":"2025-11-15T05:57:13","slug":"en-direct-guerre-ukraine-russie-la-menace-des-attaques-de-drone-plane","status":"publish","type":"post","link":"https:\/\/www.europesays.com\/fr\/535340\/","title":{"rendered":"EN DIRECT &#8211; Guerre Ukraine-Russie : la menace des attaques de drone plane"},"content":{"rendered":"<ul class=\"jsx-862013697 ArticleChapo__List\">\n<li class=\"jsx-862013697 ArticleChapo__List_Item flex\">\u00c0 Kiev, 6 personnes sont mortes dans en fin de semaine dans une attaque russe d&rsquo;ampleur sur des quartiers r\u00e9sidentiels.<\/li>\n<li class=\"jsx-862013697 ArticleChapo__List_Item flex\">Moscou a dit avoir d\u00e9truit plus de 200 drones ukrainiens sur son territoire.<\/li>\n<li class=\"jsx-862013697 ArticleChapo__List_Item flex\">Retrouvez les derni\u00e8res informations.<\/li>\n<\/ul>\n<p data-module=\"article-paragraph\" class=\"jsx-3046738180 Paragraph\">Une attaque russe massive a cibl\u00e9 des quartiers r\u00e9sidentiels dans toute la ville de Kiev pendant la nuit de jeudi \u00e0 vendredi, faisant au moins six morts dans un m\u00eame immeuble, ont annonc\u00e9 vendredi 15 novembre les autorit\u00e9s ukrainiennes, tandis que Moscou a dit avoir d\u00e9truit plus de 200 <a href=\"https:\/\/www.tf1info.fr\/international\/en-direct-guerre-ukraine-russie-la-situation-aujourd-hui-entre-zelensky-et-poutine-les-informations-du-vendredi-14-novembre-2025-2406623.html\" target=\"_blank\" rel=\"noopener\">drones ukrainiens<\/a> sur son territoire.<\/p>\n<p data-module=\"article-paragraph\" class=\"jsx-3046738180 Paragraph Paragraph__End\">\u00ab\u00a0La Russie continue de terroriser les villes ukrainiennes (&#8230;) et les cibles principales de la Russie la nuit derni\u00e8re \u00e9taient les zones r\u00e9sidentielles \u00e0 Kiev et <a href=\"https:\/\/www.tf1info.fr\/international\/russie-des-frappes-ukrainiennes-touchent-des-infrastructures-energetiques-plus-de-20-000-foyers-prives-d-electricite-2405621.html\" target=\"_blank\" rel=\"noopener\">des installations \u00e9nerg\u00e9tiques<\/a>\u00ab\u00a0, a d\u00e9plor\u00e9 le pr\u00e9sident ukrainien Volodymyr Zelensky.<\/p>\n<p>Minute par minute<\/p>\n<p data-module=\"article-paragraph\" class=\"jsx-3046738180 Paragraph\">Moscou a r\u00e9torqu\u00e9, comme \u00e0 son habitude, avoir vis\u00e9 \u00ab\u00a0des installations du complexe militaro-industriel et \u00e9nerg\u00e9tique\u00a0\u00bb de l&rsquo;Ukraine. La Russie pilonne quotidiennement les villes ukrainiennes depuis le d\u00e9but de son invasion de ce pays en f\u00e9vrier 2022.<\/p>\n<p data-module=\"article-paragraph\" class=\"jsx-3046738180 Paragraph Paragraph__End\"><strong>Retrouvez les derni\u00e8res informations dans le fil ci-dessus.<\/strong><\/p>\n<p>La r\u00e9daction de TF1info<\/p>\n","protected":false},"excerpt":{"rendered":"\u00c0 Kiev, 6 personnes sont mortes dans en fin de semaine dans une attaque russe d&rsquo;ampleur sur des&hellip;\n","protected":false},"author":2,"featured_media":144709,"comment_status":"","ping_status":"","sticky":false,"template":"","format":"standard","meta":{"footnotes":""},"categories":[1591],"tags":[1111,11,1921,1887,1922,12,1885,1886,132,220,1917,59253,364,133,1920,135,134],"class_list":{"0":"post-535340","1":"post","2":"type-post","3":"status-publish","4":"format-standard","5":"has-post-thumbnail","7":"category-russie","8":"tag-actu","9":"tag-actualites","10":"tag-article-video","11":"tag-federation-de-russie","12":"tag-info","13":"tag-news","14":"tag-russia","15":"tag-russian-federation","16":"tag-russie","17":"tag-ukraine","18":"tag-ukraine-4-annee-de-guerre","19":"tag-ukraine-russie-lespoir-de-negociations-au-point-mort","20":"tag-union-europeenne","21":"tag-video","22":"tag-video-international","23":"tag-vladimir-poutine","24":"tag-volodymyr-zelensky"},"share_on_mastodon":{"url":"https:\/\/pubeurope.com\/@fr\/115552180294354958","error":""},"_links":{"self":[{"href":"https:\/\/www.europesays.com\/fr\/wp-json\/wp\/v2\/posts\/535340","targetHints":{"allow":["GET"]}}],"collection":[{"href":"https:\/\/www.europesays.com\/fr\/wp-json\/wp\/v2\/posts"}],"about":[{"href":"https:\/\/www.europesays.com\/fr\/wp-json\/wp\/v2\/types\/post"}],"author":[{"embeddable":true,"href":"https:\/\/www.europesays.com\/fr\/wp-json\/wp\/v2\/users\/2"}],"replies":[{"embeddable":true,"href":"https:\/\/www.europesays.com\/fr\/wp-json\/wp\/v2\/comments?post=535340"}],"version-history":[{"count":0,"href":"https:\/\/www.europesays.com\/fr\/wp-json\/wp\/v2\/posts\/535340\/revisions"}],"wp:featuredmedia":[{"embeddable":true,"href":"https:\/\/www.europesays.com\/fr\/wp-json\/wp\/v2\/media\/144709"}],"wp:attachment":[{"href":"https:\/\/www.europesays.com\/fr\/wp-json\/wp\/v2\/media?parent=535340"}],"wp:term":[{"taxonomy":"category","embeddable":true,"href":"https:\/\/www.europesays.com\/fr\/wp-json\/wp\/v2\/categories?post=535340"},{"taxonomy":"post_tag","embeddable":true,"href":"https:\/\/www.europesays.com\/fr\/wp-json\/wp\/v2\/tags?post=535340"}],"curies":[{"name":"wp","href":"https:\/\/api.w.org\/{rel}","templated":true}]}}