{"id":535343,"date":"2025-11-15T05:59:12","date_gmt":"2025-11-15T05:59:12","guid":{"rendered":"https:\/\/www.europesays.com\/fr\/535343\/"},"modified":"2025-11-15T05:59:12","modified_gmt":"2025-11-15T05:59:12","slug":"washington-a-mene-41-changements-de-regime-en-amerique-latine","status":"publish","type":"post","link":"https:\/\/www.europesays.com\/fr\/535343\/","title":{"rendered":"Washington a men\u00e9 41 changements de r\u00e9gime en Am\u00e9rique latine"},"content":{"rendered":"<dl class=\"post-meta-box flex flex-wrap items-top border-grey-lighter border-b post-meta relative z-20\">&#13;<br \/>\n                                    &#13;<br \/>\n                                    &#13;<br \/>\n                                    &#13;<\/p>\n<dt class=\"inline-block py-1 leading-5 w-1\/5 sm:1\/6 xl:w-3\/10 flex items-top font-sans text-3xs text-grey tracking-wider uppercase border-grey-lighter border-t\">&#13;<br \/>\n                                      Date                                    <\/dt>\n<p>&#13;<\/p>\n<dd class=\"inline-block w-4\/5 sm:5\/6 xl:w-7\/10 pl-1u lg:pl-0 flex-grow  py-1 font-sans text-xs leading-5 border-grey-lighter border-t\">&#13;<br \/>\n                                      15 novembre 2025&#13;\n                                    <\/dd>\n<p>&#13;\n                                  <\/dl>\n<p>                                        &#13;<br \/>\n        &#13;<br \/>\n            &#13;<br \/>\n        &#13;<br \/>\n        &#13;<br \/>\n            &#13;<br \/>\n            &#13;<br \/>\n        &#13;<br \/>\n        Ajouter&#13;<br \/>\n        Article ajout\u00e9&#13;<\/p>\n<p>    &#13;<br \/>\n        T\u00e9l\u00e9charger le PDF&#13;<br \/>\n        &#13;<br \/>\n            &#13;<br \/>\n            &#13;<br \/>\n            &#13;<br \/>\n        &#13;<br \/>\n&#13;<br \/>\n&#13;<\/p>\n<dl class=\"post-meta-box flex flex-wrap items-top border-grey-lighter border-b post-meta relative z-20 mt-4\">&#13;<\/p>\n<dt class=\"partager inline-block py-1 leading-5 w-1\/5 sm:1\/6 xl:w-3\/10 flex items-top font-sans text-3xs text-grey tracking-wider uppercase border-grey-lighter border-t\">&#13;<br \/>\n                                      Partager                                    <\/dt>\n<p>&#13;<\/p>\n<dd class=\"partager inline-block w-4\/5 sm:5\/6 xl:w-7\/10 pl-1u lg:pl-0 flex-grow  py-1 font-sans text-xs leading-5 border-grey-lighter border-t\">&#13;<br \/>\n                                      <a target=\"_blank\" data-social=\"twitter\" class=\"text-red no-underline inline-block w-4 h-4 mr-2\" href=\"https:\/\/twitter.com\/intent\/tweet\/?text=Les+%C3%89tats-Unis+ont+men%C3%A9+41+changements+de+r%C3%A9gime+en+Am%C3%A9rique+latine+au+cours+du+XXe+si%C3%A8cle&amp;url=https%3A%2F%2Flegrandcontinent.eu%2Ffr%2F2025%2F11%2F15%2Fles-etats-unis-ont-mene-41-changements-de-regime-en-amerique-latine-au-cours-du-xxe-siecle%2F\" rel=\"nofollow noopener\">&#13;<br \/>\n                                          &#13;<br \/>\n                                        <\/a>&#13;<br \/>\n                                      <a target=\"_blank\" data-social=\"facebook\" class=\"text-red no-underline inline-block w-4 h-4 mr-2\" href=\"https:\/\/facebook.com\/sharer\/sharer.php?u=https%3A%2F%2Flegrandcontinent.eu%2Ffr%2F2025%2F11%2F15%2Fles-etats-unis-ont-mene-41-changements-de-regime-en-amerique-latine-au-cours-du-xxe-siecle%2F\" rel=\"nofollow noopener\">&#13;<br \/>\n                                          &#13;<br \/>\n                                        <\/a>&#13;<br \/>\n                                      <a target=\"_blank\" data-social=\"linkedin\" class=\"text-red no-underline inline-block w-4 h-4 mr-2\" href=\"https:\/\/www.linkedin.com\/shareArticle?title=Les+%C3%89tats-Unis+ont+men%C3%A9+41+changements+de+r%C3%A9gime+en+Am%C3%A9rique+latine+au+cours+du+XXe+si%C3%A8cle&amp;url=https%3A%2F%2Flegrandcontinent.eu%2Ffr%2F2025%2F11%2F15%2Fles-etats-unis-ont-mene-41-changements-de-regime-en-amerique-latine-au-cours-du-xxe-siecle%2F\" rel=\"nofollow noopener\">&#13;<br \/>\n                                          &#13;<br \/>\n                                        <\/a>&#13;<br \/>\n&#13;<br \/>\n&#13;\n                                    <\/dd>\n<p>&#13;<br \/>\n                                    &#13;\n                                  <\/dl>\n<p>Entre 1898 et 1994, les \u00c9tats-Unis sont intervenus \u00e0 41 reprises en Am\u00e9rique latine pour provoquer des changements de gouvernement, selon un d\u00e9compte r\u00e9alis\u00e9 par l\u2019historien John Coatsworth. Parmi ces interventions, 17 \u00e9taient directes (financement de groupes arm\u00e9s, d\u00e9ploiement de forces am\u00e9ricaines\u2026) et 24 indirectes \u2014 soit lorsque le gouvernement en place aurait probablement surv\u00e9cu en l\u2019absence \u00ab\u00a0d\u2019hostilit\u00e9\u00a0\u00bb am\u00e9ricaine\u00a0.<\/p>\n<ul class=\"wp-block-list\">\n<li>Au cours de la d\u00e9cennie 1960, Washington a contribu\u00e9 au renversement de neuf r\u00e9gimes tomb\u00e9s aux mains de dirigeants militaires \u2014 soit un tous les 13 mois en moyenne.<\/li>\n<li>Le pays le plus vis\u00e9 est le Nicaragua, avec six interventions entre 1910 et 1990, suivi par Cuba, la R\u00e9publique dominicaine et le Panama, avec cinq chacun.<\/li>\n<li>Sur les 20 pays que compte l\u2019Am\u00e9rique latine, en excluant les pays n\u00e9erlandophones, francophones et anglophones, 11 ont subi l\u2019interventionnisme am\u00e9ricain, soit 55\u00a0% de la r\u00e9gion.<\/li>\n<\/ul>\n<p>On retrouve parmi ces interventions l\u2019assassinat en 1961 du pr\u00e9sident de la R\u00e9publique dominicaine Rafael Trujillo, la d\u00e9cision prise en janvier 1963 par John F. Kennedy d\u2019inciter l\u2019arm\u00e9e au Guatemala \u00e0 renverser Miguel Yd\u00edgoras Fuentes, ou bien le soutien apport\u00e9 par Washington \u00e0 l\u2019opposition anti-Pinochet au Chili en 1989-1990.<\/p>\n<p>Les renversements n\u2019ayant pas abouti, comme la tentative d\u2019empoisonnement du dirigeant cubain Fidel Castro avec un milk-shake en 1963, ne sont pas prises en compte ici\u00a0.<\/p>\n<ul class=\"wp-block-list\">\n<li>Les travaux de Coatsworth montrent qu\u2019une part importante de ces interventions \u00e9tait au moins en partie motiv\u00e9e par la volont\u00e9 de servir les entreprises am\u00e9ricaines, notamment dans les secteurs agricoles et miniers.<\/li>\n<li>Le renversement en 1954 du gouvernement \u00e9lu du Guatemala visait ainsi \u00e0 prot\u00e9ger United Fruit Company, une multinationale dont les int\u00e9r\u00eats \u00e9taient menac\u00e9s par une r\u00e9forme agraire ainsi que d\u2019autres politiques du gouvernement en place.<\/li>\n<li>\u00c0 l\u2019exception du pr\u00e9sident Dwight Eisenhower, tous les d\u00e9cideurs am\u00e9ricains ayant pris part \u00e0 ce renversement entretenaient des liens familiaux, commerciaux ou professionnels avec la United Fruit Company.<\/li>\n<\/ul>\n<p>Si certains d\u00e9noncent le r\u00f4le de ces int\u00e9r\u00eats priv\u00e9s am\u00e9ricains \u2014 notamment p\u00e9troliers \u2014 dans <a href=\"https:\/\/legrandcontinent.eu\/fr\/2025\/11\/12\/quels-scenarios-pour-une-intervention-armee-americaine-au-venezuela\/\" rel=\"nofollow noopener\" target=\"_blank\">la menace, qui s\u2019amplifie depuis quelques semaines, de destitution du r\u00e9gime de Maduro<\/a>, l\u2019administration Trump concentre ses critiques sur le r\u00f4le suppos\u00e9 du pr\u00e9sident v\u00e9n\u00e9zu\u00e9lien dans le trafic de drogue vers les \u00c9tats-Unis.<\/p>\n<ul class=\"wp-block-list\">\n<li>Une \u00e9ventuelle intervention militaire am\u00e9ricaine au Venezuela, rendue cr\u00e9dible par le d\u00e9ploiement de 15 navires de guerre, dont un porte-avions, s\u2019inscrit dans une vision messanique des \u00c9tats-Unis affirm\u00e9e d\u00e8s le retour au pouvoir de Trump.<\/li>\n<li>Dans <a href=\"https:\/\/legrandcontinent.eu\/fr\/2025\/01\/20\/donald-trump-lage-dor-de-lamerique-commence-aujourdhui-le-discours-dinvestiture-en-integralite\/\" rel=\"nofollow noopener\" target=\"_blank\">son discours d\u2019investiture, prononc\u00e9 le 20 janvier<\/a>, il affirmait\u00a0: \u00ab\u00a0Les \u00c9tats-Unis se consid\u00e9reront \u00e0 nouveau comme une nation en pleine croissance, une nation qui accro\u00eet sa richesse, \u00e9tend son territoire, construit ses villes, \u00e9l\u00e8ve ses attentes et porte son drapeau vers de nouveaux et magnifiques horizons\u00a0\u00bb.<\/li>\n<li>Il ajoute\u00a0: \u00ab\u00a0Et nous poursuivrons notre destin\u00e9e manifeste vers les \u00e9toiles, en lan\u00e7ant des astronautes am\u00e9ricains pour planter les \u00e9toiles et les rayures [en r\u00e9f\u00e9rence au Stars and Stripes, le surnom du drapeau am\u00e9ricain, ndlr] sur la plan\u00e8te Mars\u00a0\u00bb.<\/li>\n<\/ul>\n<p>                            <script async src=\"https:\/\/platform.twitter.com\/widgets.js\" charset=\"utf-8\"><\/script><\/p>\n","protected":false},"excerpt":{"rendered":"&#13; &#13; &#13; &#13; &#13; Date &#13; &#13; 15 novembre 2025&#13; &#13; &#13; &#13; &#13; &#13; &#13; &#13;&hellip;\n","protected":false},"author":2,"featured_media":535344,"comment_status":"","ping_status":"","sticky":false,"template":"","format":"standard","meta":{"footnotes":""},"categories":[1589],"tags":[11,73,1866,12,1864,1865,1863,308],"class_list":{"0":"post-535343","1":"post","2":"type-post","3":"status-publish","4":"format-standard","5":"has-post-thumbnail","7":"category-etats-unis","8":"tag-actualites","9":"tag-etats-unis","10":"tag-etats-unis-damerique","11":"tag-news","12":"tag-united-states","13":"tag-united-states-of-america","14":"tag-us","15":"tag-usa"},"share_on_mastodon":{"url":"https:\/\/pubeurope.com\/@fr\/115552188175023006","error":""},"_links":{"self":[{"href":"https:\/\/www.europesays.com\/fr\/wp-json\/wp\/v2\/posts\/535343","targetHints":{"allow":["GET"]}}],"collection":[{"href":"https:\/\/www.europesays.com\/fr\/wp-json\/wp\/v2\/posts"}],"about":[{"href":"https:\/\/www.europesays.com\/fr\/wp-json\/wp\/v2\/types\/post"}],"author":[{"embeddable":true,"href":"https:\/\/www.europesays.com\/fr\/wp-json\/wp\/v2\/users\/2"}],"replies":[{"embeddable":true,"href":"https:\/\/www.europesays.com\/fr\/wp-json\/wp\/v2\/comments?post=535343"}],"version-history":[{"count":0,"href":"https:\/\/www.europesays.com\/fr\/wp-json\/wp\/v2\/posts\/535343\/revisions"}],"wp:featuredmedia":[{"embeddable":true,"href":"https:\/\/www.europesays.com\/fr\/wp-json\/wp\/v2\/media\/535344"}],"wp:attachment":[{"href":"https:\/\/www.europesays.com\/fr\/wp-json\/wp\/v2\/media?parent=535343"}],"wp:term":[{"taxonomy":"category","embeddable":true,"href":"https:\/\/www.europesays.com\/fr\/wp-json\/wp\/v2\/categories?post=535343"},{"taxonomy":"post_tag","embeddable":true,"href":"https:\/\/www.europesays.com\/fr\/wp-json\/wp\/v2\/tags?post=535343"}],"curies":[{"name":"wp","href":"https:\/\/api.w.org\/{rel}","templated":true}]}}