{"id":535346,"date":"2025-11-15T06:01:20","date_gmt":"2025-11-15T06:01:20","guid":{"rendered":"https:\/\/www.europesays.com\/fr\/535346\/"},"modified":"2025-11-15T06:01:20","modified_gmt":"2025-11-15T06:01:20","slug":"jour-de-deuil-en-allemagne-les-editions-bibliomonde","status":"publish","type":"post","link":"https:\/\/www.europesays.com\/fr\/535346\/","title":{"rendered":"jour de deuil en Allemagne \u2014 Les \u00e9ditions Bibliomonde"},"content":{"rendered":"<p class=\"sqsrte-large\" style=\"white-space:pre-wrap;\">En Allemagne, c\u2019est la <strong>Journ\u00e9e nationale de deuil <\/strong>(Volkstrauertag).<\/p>\n<p class=\"sqsrte-large\" style=\"white-space:pre-wrap;\">Ce jour des souvenirs a \u00e9t\u00e9 c\u00e9l\u00e9br\u00e9 en Allemagne de 1922 \u00e0 1934 en f\u00e9vrier ou en mars (pr\u00e9cis\u00e9ment le cinqui\u00e8me dimanche avant P\u00e2ques). \u00c0 l&rsquo;origine, c\u2019\u00e9tait les soldats allemands tu\u00e9s pendant la Premi\u00e8re Guerre mondiale qui \u00e9taient comm\u00e9mor\u00e9s. En 1934, sous les nazis, sur d\u00e9cision de\u00a0Joseph Goebbels, le 14 novembre a \u00e9t\u00e9\u00a0rebaptis\u00e9 \u201cJour du\u00a0souvenir des h\u00e9ros\u201d et a bien s\u00fbr compl\u00e8tement chang\u00e9 de sens. Puis, en 1939, Hitler d\u00e9pla\u00e7a ce jour du souvenir au 16 mars, anniversaire\u00a0 de la r\u00e9introduction du service militaire obligatoire en 1935.<\/p>\n<p class=\"sqsrte-large\" style=\"white-space:pre-wrap;\">\u00c0 partir de 1946, une journ\u00e9e de deuil national a \u00e9t\u00e9 remise en place, toujours en f\u00e9vrier ou mars. C\u2019est au d\u00e9but des ann\u00e9es 1950, qu\u2019il est fix\u00e9 l\u2019avant-dernier dimanche avant le premier de l\u2019Avent, qui est sa date actuelle, qui tombe aujourd\u2019hui. \u00a0La RDA comm\u00e9morait les victimes du fascisme, c\u2019est-\u00e0-dire avant tout les r\u00e9sistants communistes, plut\u00f4t que les soldats tomb\u00e9s \u00e0 la guerre comme en RFA. Depuis 1987, le Volkstrauertag a \u00e9largi son champ pour comm\u00e9morer les victimes de la\u00a0guerre, de la tyrannie et du terrorisme\u00a0en g\u00e9n\u00e9ral. Sans oublier les soldats allemands morts dans les missions \u00e9trang\u00e8res de la Bundeswehr.<\/p>\n<p class=\"sqsrte-large\" style=\"white-space:pre-wrap;\">Ce dimanche de deuil ne doit pas \u00eatre confondu avec le Dimanche des morts (Totensonntag), f\u00eate religieuse qui sera c\u00e9l\u00e9br\u00e9e dimanche prochain, 23 novembre.<\/p>\n<p class=\"sqsrte-large\" style=\"white-space:pre-wrap;\">Les prochaines dates : 15 novembre 2026, 14 novembre 2027, 19 novembre 2028, 18 novembre 2029\u2026<\/p>\n<p class=\"sqsrte-large\" style=\"white-space:pre-wrap;\">Un article de l&rsquo;<a href=\"https:\/\/www.bibliomonde.fr\/lalmanach\" target=\"_blank\" rel=\"noopener\">Almanach international<\/a> des \u00e9ditions <a href=\"https:\/\/www.bibliomonde.fr\/\" target=\"_blank\" rel=\"noopener\">BiblioMonde<\/a>, 14 novembre 2025<\/p>\n","protected":false},"excerpt":{"rendered":"En Allemagne, c\u2019est la Journ\u00e9e nationale de deuil (Volkstrauertag). Ce jour des souvenirs a \u00e9t\u00e9 c\u00e9l\u00e9br\u00e9 en Allemagne&hellip;\n","protected":false},"author":2,"featured_media":535347,"comment_status":"","ping_status":"","sticky":false,"template":"","format":"standard","meta":{"footnotes":""},"categories":[1587],"tags":[11,672,1804,1805,1803,1777,674,1801,12,1802],"class_list":{"0":"post-535346","1":"post","2":"type-post","3":"status-publish","4":"format-standard","5":"has-post-thumbnail","7":"category-allemagne","8":"tag-actualites","9":"tag-allemagne","10":"tag-bundesrepublik-deutschland","11":"tag-de","12":"tag-deutschland","13":"tag-eu","14":"tag-europe","15":"tag-germany","16":"tag-news","17":"tag-republique-federale-dallemagne"},"share_on_mastodon":{"url":"https:\/\/pubeurope.com\/@fr\/115552196122254493","error":""},"_links":{"self":[{"href":"https:\/\/www.europesays.com\/fr\/wp-json\/wp\/v2\/posts\/535346","targetHints":{"allow":["GET"]}}],"collection":[{"href":"https:\/\/www.europesays.com\/fr\/wp-json\/wp\/v2\/posts"}],"about":[{"href":"https:\/\/www.europesays.com\/fr\/wp-json\/wp\/v2\/types\/post"}],"author":[{"embeddable":true,"href":"https:\/\/www.europesays.com\/fr\/wp-json\/wp\/v2\/users\/2"}],"replies":[{"embeddable":true,"href":"https:\/\/www.europesays.com\/fr\/wp-json\/wp\/v2\/comments?post=535346"}],"version-history":[{"count":0,"href":"https:\/\/www.europesays.com\/fr\/wp-json\/wp\/v2\/posts\/535346\/revisions"}],"wp:featuredmedia":[{"embeddable":true,"href":"https:\/\/www.europesays.com\/fr\/wp-json\/wp\/v2\/media\/535347"}],"wp:attachment":[{"href":"https:\/\/www.europesays.com\/fr\/wp-json\/wp\/v2\/media?parent=535346"}],"wp:term":[{"taxonomy":"category","embeddable":true,"href":"https:\/\/www.europesays.com\/fr\/wp-json\/wp\/v2\/categories?post=535346"},{"taxonomy":"post_tag","embeddable":true,"href":"https:\/\/www.europesays.com\/fr\/wp-json\/wp\/v2\/tags?post=535346"}],"curies":[{"name":"wp","href":"https:\/\/api.w.org\/{rel}","templated":true}]}}