{"id":535350,"date":"2025-11-15T06:03:30","date_gmt":"2025-11-15T06:03:30","guid":{"rendered":"https:\/\/www.europesays.com\/fr\/535350\/"},"modified":"2025-11-15T06:03:30","modified_gmt":"2025-11-15T06:03:30","slug":"il-ny-a-pas-eu-deffet-jo-a-carhaix-le-club-descrime-en-quete-de-nouveaux-adherents","status":"publish","type":"post","link":"https:\/\/www.europesays.com\/fr\/535350\/","title":{"rendered":"\u00ab\u00a0Il n\u2019y a pas eu d\u2019effet JO\u00a0\u00bb\u00a0: \u00e0 Carhaix, le club d\u2019escrime en qu\u00eate de nouveaux adh\u00e9rents"},"content":{"rendered":"<p>Tous les mercredis soir, les tintements m\u00e9talliques r\u00e9sonnent dans le gymnase de Persivien \u00e0 Carhaix, rythm\u00e9s par les pas vifs des escrimeurs. D\u00e9butants curieux ou comp\u00e9titeurs plus aguerris, les adh\u00e9rents de la Riposte, se retrouvent autour d\u2019une m\u00eame passion\u00a0: l\u2019art du fleuret et de l\u2019\u00e9p\u00e9e. Guid\u00e9s par un ma\u00eetre d\u2019armes exp\u00e9riment\u00e9, Ewen Foucher, les membres perfectionnent leurs gestes, aff\u00fbtent leurs r\u00e9flexes et partagent un moment de convivialit\u00e9 o\u00f9 le respect de l\u2019adversaire reste la plus belle des victoires.<\/p>\n<p>Le club d\u2019escrime carhaisien ne compte \u00e9videmment <a href=\"https:\/\/www.letelegramme.fr\/sports\/rugby\/avec-pres-de-14-000-licencies-le-rugby-breton-ne-cesse-de-croitre-porte-par-le-rc-vannes-6840502.php\" title=\"www.letelegramme.fr\" target=\"_blank\" rel=\"noopener\">pas autant d\u2019adh\u00e9rents que le football ou le rugby.<\/a> \u00ab\u00a0Il r\u00e9unit aujourd\u2019hui une dizaine d\u2019adultes et autant d\u2019enfants licenci\u00e9s\u00a0\u00bb, confirme son pr\u00e9sident Fabrice Le Ny. Ici, les groupes sont plus petits, les visages familiers, et chaque nouveau venu est rapidement int\u00e9gr\u00e9. Il n\u2019y a pas d\u2019\u00e2ge pour pratiquer. Petits (\u00e0 partir de 6 ans) ou grands, chacun trouve sa place sur la piste.<\/p>\n<p>Sport physique et c\u00e9r\u00e9bral<\/p>\n<p>Ce que les escrimeurs manquent en nombre, ils le compensent par la passion. \u00ab\u00a0L\u2019escrime, c\u2019est un sport d\u2019\u00e9motion et de r\u00e9flexion. Il faut observer, anticiper, r\u00e9agir en une fraction de seconde\u00a0\u00bb, explique Fabrice Le Ny. C\u2019est un dialogue sans paroles, un jeu d\u2019\u00e9quilibre entre attaque et d\u00e9fense. Et ceux qui le pratiquent le savent bien\u00a0: derri\u00e8re le masque, on apprend autant sur soi que sur les autres.<\/p>\n<p>\u00ab\u00a0\u00c0 l\u2019image des \u00e9checs, l\u2019escrime d\u00e9veloppe la concentration et oblige \u00e0 \u00e9laborer une v\u00e9ritable strat\u00e9gie pour surprendre ou pi\u00e9ger l\u2019adversaire. Le parall\u00e8le avec le judo n\u2019est pas non plus d\u00e9nu\u00e9 de sens\u00a0: on y retrouve des phases calmes, d\u2019observation, suivies de moments d\u2019action plus intenses\u00a0\u00bb, confirme l\u2019ancien arbitre international. Un sport complet, \u00e0 la fois physique et c\u00e9r\u00e9bral.<\/p>\n<p>\u00ab\u00a0Les pr\u00e9jug\u00e9s ont la vie dure\u00a0\u00bb<\/p>\n<p>Fond\u00e9e en 2014, la Riposte s\u2019est solidement implant\u00e9e dans le paysage sportif carhaisien. Le club a m\u00eame accueilli r\u00e9cemment le pr\u00e9sident de la F\u00e9d\u00e9ration fran\u00e7aise \u00e0 l\u2019occasion de l\u2019assembl\u00e9e g\u00e9n\u00e9rale de la Ligue de Bretagne, marque de reconnaissance ultime. Pourtant, il peine aujourd\u2019hui \u00e0 s\u00e9duire de nouveaux adh\u00e9rents. Cette saison, aucun nouveau jeune n\u2019a franchi la porte de la salle d\u2019armes.<\/p>\n<p>De quoi attrister le pr\u00e9sident du club. \u00ab\u00a0L\u2019escrime souffre encore probablement d\u2019une image un peu \u00e9litiste, un peu comme le golf. Et les pr\u00e9jug\u00e9s ont la vie dure, alors que nous disposons du mat\u00e9riel et des infrastructures n\u00e9cessaires. Parmi ces id\u00e9es re\u00e7ues, celle que l\u2019escrime serait un sport co\u00fbteux revient aussi souvent. C\u2019est compl\u00e8tement faux.\u00a0\u00bb<\/p>\n<p>Pas d\u2019effet JO<\/p>\n<p>M\u00eame les Jeux Olympiques de 2024, pourtant cens\u00e9s stimuler les vocations sportives, n\u2019ont pas eu l\u2019effet escompt\u00e9. \u00ab\u00a0\u00c0 Carhaix, il y a beaucoup de disciplines, donc une forte concurrence. Les habitants ont le choix\u00a0\u00bb, constate le dirigeant. Seule note positive\u00a0: les jeunes tireurs inscrits \u00e0 la rentr\u00e9e 2024 ont renouvel\u00e9 leur licence cette ann\u00e9e. \u00ab\u00a0Ce n\u2019\u00e9tait pas gagn\u00e9, car les enfants sont souvent voyageurs et aiment d\u00e9couvrir de nouvelles disciplines\u00a0\u00bb, sourit le pr\u00e9sident de la Riposte. Malgr\u00e9 les difficult\u00e9s, le club reste pourtant d\u00e9termin\u00e9 \u00e0 faire d\u00e9couvrir ce sport alliant pr\u00e9cision, respect et ma\u00eetrise de soi et lance un appel du pied aux curieux qui voudraient, \u00e0 leur tour, enfiler le masque et brandir le fleuret.<\/p>\n<p>Pratique<\/p>\n<p class=\"note\">Escrime, s\u00e9ances au gymnase de Persivien, le mercredi de 17\u00a0h\u00a045 \u00e0 18\u00a0h\u00a045 pour les enfants et de 18\u00a0h\u00a030 \u00e0 20\u00a0h pour les adultes ainsi que le samedi de 17\u00a0h\u00a045 \u00e0 19\u00a0h\u00a030 pour les adultes. Deux s\u00e9ances de d\u00e9couvertes possibles. Contact : Fabrice Le Ny, 06\u00a026\u00a001\u00a073\u00a050.<\/p>\n","protected":false},"excerpt":{"rendered":"Tous les mercredis soir, les tintements m\u00e9talliques r\u00e9sonnent dans le gymnase de Persivien \u00e0 Carhaix, rythm\u00e9s par les&hellip;\n","protected":false},"author":2,"featured_media":535351,"comment_status":"","ping_status":"","sticky":false,"template":"","format":"standard","meta":{"footnotes":""},"categories":[1586],"tags":[11,5934,1946,1777,674,1779,1011,27,12,25,1778,364],"class_list":{"0":"post-535350","1":"post","2":"type-post","3":"status-publish","4":"format-standard","5":"has-post-thumbnail","7":"category-europe","8":"tag-actualites","9":"tag-carhaix-plouguer","10":"tag-escrime","11":"tag-eu","12":"tag-europe","13":"tag-european-union","14":"tag-fr","15":"tag-france","16":"tag-news","17":"tag-republique-francaise","18":"tag-ue","19":"tag-union-europeenne"},"share_on_mastodon":{"url":"https:\/\/pubeurope.com\/@fr\/115552203870188861","error":""},"_links":{"self":[{"href":"https:\/\/www.europesays.com\/fr\/wp-json\/wp\/v2\/posts\/535350","targetHints":{"allow":["GET"]}}],"collection":[{"href":"https:\/\/www.europesays.com\/fr\/wp-json\/wp\/v2\/posts"}],"about":[{"href":"https:\/\/www.europesays.com\/fr\/wp-json\/wp\/v2\/types\/post"}],"author":[{"embeddable":true,"href":"https:\/\/www.europesays.com\/fr\/wp-json\/wp\/v2\/users\/2"}],"replies":[{"embeddable":true,"href":"https:\/\/www.europesays.com\/fr\/wp-json\/wp\/v2\/comments?post=535350"}],"version-history":[{"count":0,"href":"https:\/\/www.europesays.com\/fr\/wp-json\/wp\/v2\/posts\/535350\/revisions"}],"wp:featuredmedia":[{"embeddable":true,"href":"https:\/\/www.europesays.com\/fr\/wp-json\/wp\/v2\/media\/535351"}],"wp:attachment":[{"href":"https:\/\/www.europesays.com\/fr\/wp-json\/wp\/v2\/media?parent=535350"}],"wp:term":[{"taxonomy":"category","embeddable":true,"href":"https:\/\/www.europesays.com\/fr\/wp-json\/wp\/v2\/categories?post=535350"},{"taxonomy":"post_tag","embeddable":true,"href":"https:\/\/www.europesays.com\/fr\/wp-json\/wp\/v2\/tags?post=535350"}],"curies":[{"name":"wp","href":"https:\/\/api.w.org\/{rel}","templated":true}]}}