{"id":535353,"date":"2025-11-15T06:05:24","date_gmt":"2025-11-15T06:05:24","guid":{"rendered":"https:\/\/www.europesays.com\/fr\/535353\/"},"modified":"2025-11-15T06:05:24","modified_gmt":"2025-11-15T06:05:24","slug":"pourquoi-le-rassemblement-national-netait-il-pas-invite-aux-commemorations-parisiennes-du-13-novembre-liberation","status":"publish","type":"post","link":"https:\/\/www.europesays.com\/fr\/535353\/","title":{"rendered":"Pourquoi le Rassemblement national n\u2019\u00e9tait-il pas invit\u00e9 aux comm\u00e9morations parisiennes du 13 Novembre &#8211; Lib\u00e9ration"},"content":{"rendered":"<ol>\n<li><a href=\"https:\/\/news.google.com\/rss\/articles\/CBMihAJBVV95cUxNUkZ0M3dMXzdxX3FBams5Mks0dkNLcGV6cmVDR2Q5OTJCOVFJeVpscVBxX2Fqa1JpSGdQZTNMbGM4NXkxS0hmMGxRUkxIZkxWSDNNS1M4b2ZwWXdKR1NGZ2FRZFZzMlRIY3BzT2htVjd1eXh4eF83QldMbHlvMUhCWkQtQ3hBM0dtNDB0bC03S3JRcFhsckw3NThLUE9fMkhxTzVXY1NrWkZQb1B3RUVzSzRydV9IMmdsOHB3bWstcVhPeDNWWTFGZFY3d1FZbmFxQ2RqbUg5SkVVbGxTeWFwVWlVTTlPV0JheElmTkpKZE5WR0o4SUlqOTFNUTJROW1YUHpWLQ?oc=5\" target=\"_blank\" rel=\"nofollow noopener\">Pourquoi le Rassemblement national n\u2019\u00e9tait-il pas invit\u00e9 aux comm\u00e9morations parisiennes du 13 Novembre<\/a>&nbsp;&nbsp;Lib\u00e9ration<\/li>\n<li><a href=\"https:\/\/news.google.com\/rss\/articles\/CBMi8gFBVV95cUxNMS00OVVRUzBYdDlIdF9kMG1mQUI3TzFZZHItc2RDOFk2eWEyYmZCMDNzN3FvZFpudTFGX2tJdnNoMF9KeDJsNnFUbWg1enRKTmt1RGE2QmhoYnkyM0t5Z1FxZVNuZ19Ta2ZRaHd6QVh1akVyYzlBbWtYRDdEaGFWNkVhRmN2aHV2TFRVWVRzOHVneUtfaVFRN0JiV3l2bkZZMjJmTHF2WFNWbHRiUkprbHV3N0JDV2dObGFDTUdVTEVhekxKWFgtcGFJbWtyRzZVaU9fd1o5YWNMYnA1d1FKRmFEWXRYcE80MWU2NTExSlNUZw?oc=5\" target=\"_blank\" rel=\"nofollow noopener\">Le Rassemblement national tourne en d\u00e9rision la comm\u00e9moration des dix ans du 13-Novembre<\/a>&nbsp;&nbsp;Le Monde.fr<\/li>\n<li><a href=\"https:\/\/news.google.com\/rss\/articles\/CBMisgJBVV95cUxPUlNLb1JiS1NuUnl5MEtKVUxmeDRSVGFZZVlVaFd5NlpmZE52eWRsbTRFMEpxVkdtOEhCRXdfb0JhbTdQakYyTTl6WTdhcUk3VUNjU0NrM2xJbGVrU0RWQTRUSElVQ2JBbmF2R25MT2dBUUpWeXNKRHp1eFdYSUZSSW9GVmNCbHpmR0h6WXd1Ujk2NGRCYnJidEk5eUVxS0hmNEJoQjVJSWgtYWRpX1hndWdQY2t0cjFrWll5cmE2N0ZFRnNCd082TE9FazRSUVYzTkNxc21LN2YxTEhjQ0wycXVjeFhaRS1aZktFZEhRR1ZwdUVGc3R3Ny1Hbk9ZSExkUjhjUnNLRUZFQVdhRFIydi1tMHE5SE5FNXZ3VTBHRWZwbW01d0lwdG1YTnBxR0J0Vmc?oc=5\" target=\"_blank\" rel=\"nofollow noopener\">13-Novembre: Jordan Bardella se plaint de ne pas avoir \u00e9t\u00e9 invit\u00e9 \u00e0 la c\u00e9r\u00e9monie, la mairie de Paris r\u00e9pond<\/a>&nbsp;&nbsp;BFMTV<\/li>\n<li><a href=\"https:\/\/news.google.com\/rss\/articles\/CBMisgJBVV95cUxPWk5Jei1POXdVUDlvU2xDMmk3aFRnS1lYaWxJOUxyN2ctRFZXQ0ZzSFJEN3JtaEg4aDhWVjRYUWtrYVBUYjI5ek1kVTJXVFp4ZTRsRWI3ZFg3UXFDcTFkZkJHdVdsZGlKc2pzZWFWVUd4RWdYUXNWSWdVWHlEYzVDclpsRmZqeEl5cFQ3RG1kREF2eXFTblZtQkU4TUUtSmxvbzBTdDFVRC04QnFOb1UybHhua1hqaUZGdDFINXNWOXEwdzY0dHRfdzcxRG9tei16aVAwcXEyX2ZyQ0lkOUZ4TEF3UTF2aF9sSWJ0NGR0Q1hyWFlrM3Y5S2poSHFsSE1MSnlZaHRqajljTkZNUHdnazZlTXQ1WmFFYllxOWRSZmNzQTRVNmhySC1kY3ZDTW1CVEE?oc=5\" target=\"_blank\" rel=\"nofollow noopener\">Attentats du 13-Novembre : Jordan Bardella regrette de ne pas avoir \u00e9t\u00e9 invit\u00e9 aux c\u00e9r\u00e9monies, la mairie de Paris r\u00e9pond<\/a>&nbsp;&nbsp;Ouest-France<\/li>\n<li><a href=\"https:\/\/news.google.com\/rss\/articles\/CBMi0wFBVV95cUxORmg0M3IzWHYtMXM1aU02SVB2a1Z0dFU4NUN2ZFJ2NFh4MExUeU5LXzAwUEVyNzlpMHZJaDJPcE9ZT0FwdVdxaWhYUDRuci1COVJHSWI4c0RsQk5LYUFCRFZBYTA4d2FxeTVYazdMblljSDctOUFHWVZJZzFaSGJGYXhiWFI4WHo1UzhmVGtCaHpwNlBrLXZ3MkVPSGVoZTZzaF9hX3BoQkx3ME0xVVZJS19zWkVrcHpKRUIydHdDX3pSTVVQeHBWSlVBLWxSTzh3NXZj?oc=5\" target=\"_blank\" rel=\"nofollow noopener\">Pour les comm\u00e9morations du 13-Novembre, le RN c\u00e8de \u00e0 l\u2019ind\u00e9cence<\/a>&nbsp;&nbsp;Le HuffPost<\/li>\n<\/ol>\n","protected":false},"excerpt":{"rendered":"Pourquoi le Rassemblement national n\u2019\u00e9tait-il pas invit\u00e9 aux comm\u00e9morations parisiennes du 13 Novembre&nbsp;&nbsp;Lib\u00e9ration Le Rassemblement national tourne en&hellip;\n","protected":false},"author":2,"featured_media":535354,"comment_status":"","ping_status":"","sticky":false,"template":"","format":"standard","meta":{"footnotes":""},"categories":[2],"tags":[11,2618,65016,1011,27,1077,12,626,25],"class_list":{"0":"post-535353","1":"post","2":"type-post","3":"status-publish","4":"format-standard","5":"has-post-thumbnail","7":"category-actualites","8":"tag-actualites","9":"tag-anne-hidalgo","10":"tag-attentats-paris-13-novembre","11":"tag-fr","12":"tag-france","13":"tag-jordan-bardella","14":"tag-news","15":"tag-paris","16":"tag-republique-francaise"},"share_on_mastodon":{"url":"https:\/\/pubeurope.com\/@fr\/115552211771140278","error":""},"_links":{"self":[{"href":"https:\/\/www.europesays.com\/fr\/wp-json\/wp\/v2\/posts\/535353","targetHints":{"allow":["GET"]}}],"collection":[{"href":"https:\/\/www.europesays.com\/fr\/wp-json\/wp\/v2\/posts"}],"about":[{"href":"https:\/\/www.europesays.com\/fr\/wp-json\/wp\/v2\/types\/post"}],"author":[{"embeddable":true,"href":"https:\/\/www.europesays.com\/fr\/wp-json\/wp\/v2\/users\/2"}],"replies":[{"embeddable":true,"href":"https:\/\/www.europesays.com\/fr\/wp-json\/wp\/v2\/comments?post=535353"}],"version-history":[{"count":0,"href":"https:\/\/www.europesays.com\/fr\/wp-json\/wp\/v2\/posts\/535353\/revisions"}],"wp:featuredmedia":[{"embeddable":true,"href":"https:\/\/www.europesays.com\/fr\/wp-json\/wp\/v2\/media\/535354"}],"wp:attachment":[{"href":"https:\/\/www.europesays.com\/fr\/wp-json\/wp\/v2\/media?parent=535353"}],"wp:term":[{"taxonomy":"category","embeddable":true,"href":"https:\/\/www.europesays.com\/fr\/wp-json\/wp\/v2\/categories?post=535353"},{"taxonomy":"post_tag","embeddable":true,"href":"https:\/\/www.europesays.com\/fr\/wp-json\/wp\/v2\/tags?post=535353"}],"curies":[{"name":"wp","href":"https:\/\/api.w.org\/{rel}","templated":true}]}}