{"id":535381,"date":"2025-11-15T06:24:20","date_gmt":"2025-11-15T06:24:20","guid":{"rendered":"https:\/\/www.europesays.com\/fr\/535381\/"},"modified":"2025-11-15T06:24:20","modified_gmt":"2025-11-15T06:24:20","slug":"quinte-new-president-la-base-solide-du-quinte-du-samedi-15-novembre","status":"publish","type":"post","link":"https:\/\/www.europesays.com\/fr\/535381\/","title":{"rendered":"Quint\u00e9+: New President, la base solide du Quint\u00e9 du samedi 15 novembre"},"content":{"rendered":"<p><strong>Son profil\u00a0<\/strong><\/p>\n<p style=\"text-align: justify;\">Adepte des pistes p\u00e9nibles, le prot\u00e9g\u00e9 de Fabrice Foucher va voir d&rsquo;un bon oeil les pluies annonc\u00e9es en ce d\u00e9but de week-end. Plusieurs fois laur\u00e9at de Quint\u00e9+, il pourrait en \u00e9pingler un nouveau cette saison. Apr\u00e8s un printemps r\u00e9ussi, il a repris de la fra\u00eecheur et vient d&rsquo;effectuer une belle course de rentr\u00e9e. Sa marge au poids est r\u00e9duite mais il demeure comp\u00e9titif. Thomas Beaurain le connait par coeur et la longue distance ne va pas le d\u00e9ranger. Il faut faire avec lui sur un ticket.\u00a0<\/p>\n<p><strong>Sa derni\u00e8re sortie<\/strong><\/p>\n<p>Septi\u00e8me du Prix Grandlieu, avec un kilo de plus, New President tra\u00e7ait un bon parcours. S&rsquo;il est mont\u00e9 en condition, il ne va pas d\u00e9cevoir.\u00a0<\/p>\n<blockquote align=\"center\" class=\"twitter-tweet\" data-dnt=\"true\">\n<p dir=\"ltr\" lang=\"fr\">(B. Gelhay) fait sien le Quint\u00e9+ du jour \u00e0 Auteuil, le Prix Grandlieu !<\/p>\n<p>Sa derni\u00e8re victoire remontait au 31 octobre 2024, \u00e0 Toulouse. C&rsquo;est un premier Quint\u00e9+ pour l&rsquo;entra\u00eeneur Francis Alloncle en obstacle !<\/p>\n<p>: 12 &#8211; 5 &#8211; 7 &#8211; 15 &#8211; 3 <a href=\"https:\/\/t.co\/mVLkLXK1VT\">pic.twitter.com\/mVLkLXK1VT<\/a><\/p>\n<p>\u2014 Equidia (@equidia) <a href=\"https:\/\/twitter.com\/equidia\/status\/1971929239760130470?ref_src=twsrc%5Etfw\" target=\"_blank\" rel=\"noopener\">September 27, 2025<\/a><\/p><\/blockquote>\n<p>\u00a0<\/p>\n<p><strong>Sa stat&rsquo;<\/strong><\/p>\n<p style=\"text-align: justify;\">\u00c0 Auteuil :\u00a08 courses &#8211; 2 victoires &#8211; 3 places<\/p>\n<p style=\"text-align: justify;\">Adepte de Pau, le prot\u00e9g\u00e9 de <strong>Fabrice Foucher<\/strong> affiche \u00e9galement une belle r\u00e9ussite dans le Temple de l\u2019obstacle. Son score monte \u00e0 5\/8 dans les trois premiers dont deux succ\u00e8s (le 19 mars 2023 et le 30 mars dernier, \u00e0 chaque fois au niveau <strong>Quint\u00e9+<\/strong>).<\/p>\n<p><strong>L&rsquo;avis de son entraineur, Fabrice Foucher\u00a0<\/strong><\/p>\n<p style=\"text-align: justify;\">\u00ab\u00a0New President (2) a r\u00e9alis\u00e9 une course de rentr\u00e9e tr\u00e8s satisfaisante \u00e0 Auteuil derni\u00e8rement, sur une piste qui \u00e9tait trop rapide pour lui. Malgr\u00e9 tout, il s&rsquo;est bien d\u00e9fendu. Avec lui, cela reste surtout une question de terrain. Plus la piste sera lourde, plus il sera performant. Malheureusement, je ne suis pas s\u00fbr que cela sera le cas ce samedi \u00e0 Auteuil. Je peux vous dire que le cheval est au top et qu&rsquo;il demeure comp\u00e9titif, mais ces conditions ne facilitent pas sa t\u00e2che car il n&rsquo;a pas de marge au poids. Il peut tirer son \u00e9pingle du jeu, mais je l&rsquo;envisage plut\u00f4t pour les places.\u00a0\u00bb<\/p>\n<p><strong>Sa cote probable : 10\/1<\/strong><\/p>\n<p><strong>Sa note Equidia : 14\/20<\/strong><\/p>\n<p><img decoding=\"async\" src=\"https:\/\/www.europesays.com\/fr\/wp-content\/uploads\/2025\/11\/Note2_DigitalV219:10.jpg\" style=\"vertical-align : middle;\"\/><\/p>\n<p><script async src=\"https:\/\/platform.twitter.com\/widgets.js\" charset=\"utf-8\"><\/script><\/p>\n","protected":false},"excerpt":{"rendered":"Son profil\u00a0 Adepte des pistes p\u00e9nibles, le prot\u00e9g\u00e9 de Fabrice Foucher va voir d&rsquo;un bon oeil les pluies&hellip;\n","protected":false},"author":2,"featured_media":535382,"comment_status":"","ping_status":"","sticky":false,"template":"","format":"standard","meta":{"footnotes":""},"categories":[8],"tags":[58,59,1011,27,10339,25851,2623],"class_list":{"0":"post-535381","1":"post","2":"type-post","3":"status-publish","4":"format-standard","5":"has-post-thumbnail","7":"category-divertissement","8":"tag-divertissement","9":"tag-entertainment","10":"tag-fr","11":"tag-france","12":"tag-haies","13":"tag-la-base-solide","14":"tag-quinte"},"share_on_mastodon":{"url":"https:\/\/pubeurope.com\/@fr\/115552287336010466","error":""},"_links":{"self":[{"href":"https:\/\/www.europesays.com\/fr\/wp-json\/wp\/v2\/posts\/535381","targetHints":{"allow":["GET"]}}],"collection":[{"href":"https:\/\/www.europesays.com\/fr\/wp-json\/wp\/v2\/posts"}],"about":[{"href":"https:\/\/www.europesays.com\/fr\/wp-json\/wp\/v2\/types\/post"}],"author":[{"embeddable":true,"href":"https:\/\/www.europesays.com\/fr\/wp-json\/wp\/v2\/users\/2"}],"replies":[{"embeddable":true,"href":"https:\/\/www.europesays.com\/fr\/wp-json\/wp\/v2\/comments?post=535381"}],"version-history":[{"count":0,"href":"https:\/\/www.europesays.com\/fr\/wp-json\/wp\/v2\/posts\/535381\/revisions"}],"wp:featuredmedia":[{"embeddable":true,"href":"https:\/\/www.europesays.com\/fr\/wp-json\/wp\/v2\/media\/535382"}],"wp:attachment":[{"href":"https:\/\/www.europesays.com\/fr\/wp-json\/wp\/v2\/media?parent=535381"}],"wp:term":[{"taxonomy":"category","embeddable":true,"href":"https:\/\/www.europesays.com\/fr\/wp-json\/wp\/v2\/categories?post=535381"},{"taxonomy":"post_tag","embeddable":true,"href":"https:\/\/www.europesays.com\/fr\/wp-json\/wp\/v2\/tags?post=535381"}],"curies":[{"name":"wp","href":"https:\/\/api.w.org\/{rel}","templated":true}]}}