{"id":535385,"date":"2025-11-15T06:26:14","date_gmt":"2025-11-15T06:26:14","guid":{"rendered":"https:\/\/www.europesays.com\/fr\/535385\/"},"modified":"2025-11-15T06:26:14","modified_gmt":"2025-11-15T06:26:14","slug":"vous-attendez-le-cheque-energie-2025-voici-pourquoi-il-tarde-a-arriver-et-comment-reagir-pour-ne-pas-perdre-cette-aide-precieuse","status":"publish","type":"post","link":"https:\/\/www.europesays.com\/fr\/535385\/","title":{"rendered":"Vous attendez le ch\u00e8que \u00e9nergie 2025 ? Voici pourquoi il tarde \u00e0 arriver\u2026 et comment r\u00e9agir pour ne pas perdre cette aide pr\u00e9cieuse"},"content":{"rendered":"<p>Alors que les temp\u00e9ratures s&rsquo;installent durablement dans la fra\u00eecheur de novembre, la question du pouvoir d&rsquo;achat revient sur toutes les l\u00e8vres, surtout avec la hausse des factures d&rsquo;\u00e9nergie qui accompagne souvent l&rsquo;hiver. Beaucoup de Fran\u00e7ais attendent avec impatience le fameux ch\u00e8que \u00e9nergie 2025, cette <strong>bouff\u00e9e d&rsquo;oxyg\u00e8ne pour pr\u00e8s de 3,8 millions de foyers<\/strong>. Mais cette ann\u00e9e, \u00e0 la mi-novembre, certains scrutent leur bo\u00eete aux lettres\u2026 en vain. Doit-on s&rsquo;inqui\u00e9ter ? Quels pi\u00e8ges \u00e9viter et comment agir pour s&rsquo;assurer de b\u00e9n\u00e9ficier de cette aide essentielle pour all\u00e9ger ses d\u00e9penses \u00e9nerg\u00e9tiques ? D\u00e9cryptage et mode d&#8217;emploi pour ne pas passer \u00e0 c\u00f4t\u00e9 de ce pr\u00e9cieux coup de pouce.<\/p>\n<p>Ch\u00e8que \u00e9nergie 2025 : pourquoi tant d&rsquo;attente cette ann\u00e9e ?<br \/>\n Les coulisses du calendrier officiel et ses retards<\/p>\n<p>Chaque automne, le lancement de la distribution du ch\u00e8que \u00e9nergie suit un calendrier pr\u00e9cis \u00e9tabli par l&rsquo;administration. Pour 2025, la <strong>campagne d&rsquo;envoi a d\u00e9marr\u00e9 le lundi 3 novembre<\/strong>, s&rsquo;\u00e9tendant jusqu&rsquo;au 21 novembre, par vagues successives selon votre d\u00e9partement. Certes, voir son voisin d\u00e9j\u00e0 servi peut agacer, mais il s&rsquo;agit d&rsquo;une organisation logistique millim\u00e9tr\u00e9e \u2014 aucun favoritisme, simplement un planning serr\u00e9 pour servir tout le monde dans les temps impartis.<\/p>\n<p>\u00c0 cela s&rsquo;ajoute le <strong>d\u00e9lai postal habituel de 2 \u00e0 4 jours<\/strong> apr\u00e8s la date d&rsquo;envoi. Une nuance importante : la date affich\u00e9e dans les avis et communications officielles concerne l&rsquo;exp\u00e9dition, pas la r\u00e9ception effective dans votre bo\u00eete aux lettres. De quoi g\u00e9n\u00e9rer quelques inqui\u00e9tudes, mais il est donc encore temps de patienter quelques jours apr\u00e8s la date pr\u00e9vue.<\/p>\n<p>Nouveaut\u00e9s 2025 : ce qui change (ou complique) la r\u00e9ception<\/p>\n<p>La grande nouveaut\u00e9 cette ann\u00e9e concerne la <strong>pr\u00e9-affectation automatique<\/strong> : pour certains b\u00e9n\u00e9ficiaires, le montant du ch\u00e8que est directement d\u00e9duit de la facture d&rsquo;\u00e9nergie. R\u00e9sultat : aucun ch\u00e8que papier n&rsquo;est envoy\u00e9, et seuls un mail, un SMS ou une lettre informent l&rsquo;usager de la d\u00e9marche. Il serait donc <strong>facile de croire \u00e0 tort \u00e0 un oubli<\/strong> alors qu&rsquo;en r\u00e9alit\u00e9, tout est trait\u00e9 en coulisses !<\/p>\n<p>Autre \u00e9volution : auparavant, certains utilisaient le ch\u00e8que \u00e9nergie pour des travaux d&rsquo;am\u00e9lioration thermique. Or, d\u00e8s 2025, <strong>il sert uniquement \u00e0 payer les factures d&rsquo;\u00e9nergie du logement<\/strong> (\u00e9lectricit\u00e9, gaz, fioul, bois, factures d&rsquo;\u00e9nergie dans le logement social\u2026). Un changement \u00e0 bien int\u00e9grer pour ne pas se tromper de rubrique lors de son usage.<\/p>\n<p>Les in\u00e9galit\u00e9s selon les d\u00e9partements : comprendre le d\u00e9calage des envois<\/p>\n<p>Sur l&rsquo;ensemble du territoire, la logique d&rsquo;envoi par vagues d\u00e9partementales explique des <strong>variations parfois importantes de d\u00e9lais<\/strong> d&rsquo;une r\u00e9gion \u00e0 l&rsquo;autre. Si vous vivez, par exemple, dans les Hauts-de-France ou dans le Sud-Ouest, la date de passage du facteur peut diff\u00e9rer de plusieurs jours selon votre code postal. Il peut donc s&rsquo;\u00e9couler, entre l&rsquo;exp\u00e9dition administrative et la r\u00e9ception effective, une bonne semaine. Patience reste de mise\u2026<\/p>\n<p>Enfin, une campagne d&rsquo;information pr\u00e9alable a \u00e9t\u00e9 d\u00e9ploy\u00e9e d\u00e8s d\u00e9but octobre : mails, SMS ou courriers pour pr\u00e9venir les b\u00e9n\u00e9ficiaires. Mais entre <strong>messages class\u00e9s ind\u00e9sirables et oublis<\/strong>, certains restent dans l&rsquo;incertitude malgr\u00e9 toutes leurs pr\u00e9cautions.<\/p>\n<p>Pas de panique : comment r\u00e9agir vite pour ne pas perdre cette aide<br \/>\n Les bons r\u00e9flexes pour v\u00e9rifier son \u00e9ligibilit\u00e9 d\u00e8s maintenant<\/p>\n<p>Avant de c\u00e9der \u00e0 la panique, un simple point s&rsquo;impose : <strong>\u00eates-vous bien \u00e9ligible cette ann\u00e9e ?<\/strong> Pour le ch\u00e8que \u00e9nergie 2025, le <strong>revenu fiscal de r\u00e9f\u00e9rence par unit\u00e9 de consommation<\/strong> (RFR\/UC) doit \u00eatre strictement inf\u00e9rieur \u00e0 11 000 \u20ac. Pas d&rsquo;application des bar\u00e8mes ant\u00e9rieurs : il s&rsquo;agit du seuil officiel pour cette \u00e9dition.<\/p>\n<p>Le montant peut varier de <strong>48 \u20ac \u00e0 277 \u20ac<\/strong> selon la composition et les ressources du foyer, avec une moyenne tournant autour de 150 \u20ac. Inutile de fouiller dans vos archives : les crit\u00e8res sont actualis\u00e9s chaque ann\u00e9e selon l&rsquo;arr\u00eat\u00e9 en vigueur.<\/p>\n<p> O\u00f9 et comment faire sa demande si vous n&rsquo;avez rien re\u00e7u<\/p>\n<p>Si, pass\u00e9 le 21 novembre et apr\u00e8s un d\u00e9lai postal raisonnable, aucun ch\u00e8que n&rsquo;est arriv\u00e9 et qu&rsquo;aucune notification n&rsquo;a \u00e9t\u00e9 re\u00e7ue, place \u00e0 l&rsquo;action. Le <strong>guichet officiel de demande<\/strong> est ouvert depuis le 15 octobre, et reste accessible jusqu&rsquo;au 28 f\u00e9vrier 2026, en ligne ou par courrier (avec formulaire d\u00e9di\u00e9).<\/p>\n<p>Voici ce qu&rsquo;il faut pr\u00e9parer :<\/p>\n<ul>\n<li>Votre <strong>num\u00e9ro fiscal<\/strong> (trouv\u00e9 sur votre dernier avis d&rsquo;imposition).<\/li>\n<li>Un <strong>justificatif d&rsquo;identit\u00e9<\/strong> valide.<\/li>\n<li>Une <strong>attestation de contrat d&rsquo;\u00e9lectricit\u00e9 r\u00e9cente<\/strong> (avec le num\u00e9ro PRM ou PDL correspondant \u00e0 celui saisi sur le formulaire).<\/li>\n<\/ul>\n<p>Apr\u00e8s d\u00e9p\u00f4t, le traitement peut exiger plusieurs jours, surtout en p\u00e9riode de forte affluence. Pour les demandes d\u00e9pos\u00e9es pr\u00e9cocement et valid\u00e9es, les premiers envois reprennent \u00e0 partir du 19 novembre \u2014 ensuite, c&rsquo;est au fil de l&rsquo;eau.<\/p>\n<p>Contacts utiles et recours en cas de blocage : ne laissez pas filer votre ch\u00e8que<\/p>\n<p>Les impr\u00e9vus arrivent : ch\u00e8que perdu, vol\u00e9, ou jamais re\u00e7u malgr\u00e9 votre vigilance ? Direction le portail officiel, rubrique \u00ab D\u00e9claration perte\/vol\/non r\u00e9ception \u00bb : une <strong>r\u00e9\u00e9dition et la mise en opposition sont possibles<\/strong>.<\/p>\n<p>Pour toute incertitude, le <strong>num\u00e9ro vert d\u00e9di\u00e9<\/strong> (0 805 204 805, gratuit, du lundi au vendredi de 8h \u00e0 20h) vous accompagne, tout comme le formulaire en ligne sur le site. En cas de litige persistant, recours ultime apr\u00e8s r\u00e9clamation : le M\u00e9diateur national de l&rsquo;\u00e9nergie (plateforme SOLLEN ou 0 800 112 212, appel gratuit).<\/p>\n<p>\u00c0 noter :<\/p>\n<p> un changement d&rsquo;adresse n&#8217;emp\u00eache pas l&rsquo;usage du ch\u00e8que, tant que les informations d&rsquo;identit\u00e9 et de contrat d&rsquo;\u00e9nergie sont \u00e0 jour.<\/p>\n<p>Retard, d\u00e9marches, bonnes pratiques : l&rsquo;essentiel \u00e0 retenir pour recevoir votre ch\u00e8que \u00e9nergie 2025<br \/>\n Les pi\u00e8ges \u00e0 \u00e9viter pour ne pas louper l&rsquo;aide<\/p>\n<p><strong>Pas de promesse de date fixe<\/strong> : la r\u00e9ception d\u00e9pend \u00e0 la fois du calendrier d&rsquo;envoi par d\u00e9partement et du d\u00e9lai postal. Il ne faut donc jamais s&rsquo;inqui\u00e9ter avant au moins 4 jours apr\u00e8s la date d&rsquo;exp\u00e9dition associ\u00e9e \u00e0 votre zone.<\/p>\n<p><strong>M\u00e9fiez-vous des arnaques<\/strong> : jamais l&rsquo;administration ne demande de payer, ni de fournir un RIB ou de cliquer sur un lien par SMS\/email \u00ab urgent \u00bb. Passez syst\u00e9matiquement par les canaux officiels pour \u00e9viter de tomber dans le pi\u00e8ge de la fraude.<\/p>\n<p><strong>Ne confondez pas ch\u00e8que \u00e9nergie et financement de travaux<\/strong> : le support n&rsquo;est utilisable qu&rsquo;au paiement des d\u00e9penses d&rsquo;\u00e9nergie, son usage pour la r\u00e9novation n&rsquo;est plus autoris\u00e9 en 2025.<\/p>\n<p> Astuces pour utiliser au mieux votre ch\u00e8que une fois re\u00e7u<\/p>\n<p>Pensez \u00e0 la <strong>pr\u00e9-affectation<\/strong> directement aupr\u00e8s de votre fournisseur d&rsquo;\u00e9nergie : la somme sera d\u00e9duite automatiquement de vos prochaines factures, \u00e9vitant toute manipulation de papier.<\/p>\n<p>Besoin d&rsquo;aide pour activer ou utiliser le ch\u00e8que en ligne ? Profitez du <strong>num\u00e9ro vert pour une assistance rapide et gratuite<\/strong>.<\/p>\n<p> Les dates cl\u00e9s \u00e0 garder en t\u00eate pour ne rien manquer l&rsquo;an prochain<\/p>\n<p>Quelques jalons \u00e0 retenir :<\/p>\n<ul>\n<li><strong>3 au 21 novembre 2025<\/strong> : envois automatiques (par d\u00e9partement).<\/li>\n<li><strong>D\u00e9lais postaux<\/strong> : g\u00e9n\u00e9ralement 2 \u00e0 4 jours apr\u00e8s la date d&rsquo;envoi.<\/li>\n<li><strong>15 octobre 2025 au 28 f\u00e9vrier 2026<\/strong> : p\u00e9riode de d\u00e9p\u00f4t pour les demandes tardives ou en cas d&rsquo;oubli.<\/li>\n<li><strong>Apr\u00e8s demande valid\u00e9e<\/strong> : premiers envois d\u00e8s le 19 novembre, puis progressivement.<\/li>\n<\/ul>\n<p>Enfin, gardez pr\u00e9cieusement le num\u00e9ro vert et celui du m\u00e9diateur dans vos contacts, histoire de ne pas chercher pendant des heures au mauvais endroit en cas de souci.<\/p>\n<p>Dans un contexte hivernal o\u00f9 chaque euro compte, le ch\u00e8que \u00e9nergie 2025 repr\u00e9sente un soutien non n\u00e9gligeable, m\u00eame si sa distribution peut parfois sembler complexe. Qu&rsquo;il s&rsquo;agisse d&rsquo;envois \u00e9chelonn\u00e9s, de pr\u00e9-affectation ou de notifications num\u00e9riques, <strong>tous les moyens sont mis en \u0153uvre<\/strong> pour que cette aide vous parvienne. L&rsquo;essentiel est de v\u00e9rifier ses droits, d&rsquo;agir rapidement en cas de doute, et de rester vigilant face aux tentatives d&rsquo;escroquerie. Ce coup de pouce financier, particuli\u00e8rement pr\u00e9cieux durant les mois froids, m\u00e9rite toute votre attention pour traverser l&rsquo;hiver sereinement.<\/p>\n","protected":false},"excerpt":{"rendered":"Alors que les temp\u00e9ratures s&rsquo;installent durablement dans la fra\u00eecheur de novembre, la question du pouvoir d&rsquo;achat revient sur&hellip;\n","protected":false},"author":2,"featured_media":535386,"comment_status":"","ping_status":"","sticky":false,"template":"","format":"standard","meta":{"footnotes":""},"categories":[6],"tags":[35,33,34,1011,27,56],"class_list":{"0":"post-535385","1":"post","2":"type-post","3":"status-publish","4":"format-standard","5":"has-post-thumbnail","7":"category-economie","8":"tag-business","9":"tag-economie","10":"tag-economy","11":"tag-fr","12":"tag-france","13":"tag-push"},"share_on_mastodon":{"url":"https:\/\/pubeurope.com\/@fr\/115552294269990470","error":""},"_links":{"self":[{"href":"https:\/\/www.europesays.com\/fr\/wp-json\/wp\/v2\/posts\/535385","targetHints":{"allow":["GET"]}}],"collection":[{"href":"https:\/\/www.europesays.com\/fr\/wp-json\/wp\/v2\/posts"}],"about":[{"href":"https:\/\/www.europesays.com\/fr\/wp-json\/wp\/v2\/types\/post"}],"author":[{"embeddable":true,"href":"https:\/\/www.europesays.com\/fr\/wp-json\/wp\/v2\/users\/2"}],"replies":[{"embeddable":true,"href":"https:\/\/www.europesays.com\/fr\/wp-json\/wp\/v2\/comments?post=535385"}],"version-history":[{"count":0,"href":"https:\/\/www.europesays.com\/fr\/wp-json\/wp\/v2\/posts\/535385\/revisions"}],"wp:featuredmedia":[{"embeddable":true,"href":"https:\/\/www.europesays.com\/fr\/wp-json\/wp\/v2\/media\/535386"}],"wp:attachment":[{"href":"https:\/\/www.europesays.com\/fr\/wp-json\/wp\/v2\/media?parent=535385"}],"wp:term":[{"taxonomy":"category","embeddable":true,"href":"https:\/\/www.europesays.com\/fr\/wp-json\/wp\/v2\/categories?post=535385"},{"taxonomy":"post_tag","embeddable":true,"href":"https:\/\/www.europesays.com\/fr\/wp-json\/wp\/v2\/tags?post=535385"}],"curies":[{"name":"wp","href":"https:\/\/api.w.org\/{rel}","templated":true}]}}