{"id":535387,"date":"2025-11-15T06:27:16","date_gmt":"2025-11-15T06:27:16","guid":{"rendered":"https:\/\/www.europesays.com\/fr\/535387\/"},"modified":"2025-11-15T06:27:16","modified_gmt":"2025-11-15T06:27:16","slug":"affaire-epstein-trump-contre-attaque-et-rompt-avec-une-alliee-emblematique-15-11-2025-a-0421","status":"publish","type":"post","link":"https:\/\/www.europesays.com\/fr\/535387\/","title":{"rendered":"Affaire Epstein: Trump contre-attaque et rompt avec une alli\u00e9e embl\u00e9matique &#8211; 15\/11\/2025 \u00e0 04:21"},"content":{"rendered":"<p>        <img decoding=\"async\" src=\"https:\/\/www.europesays.com\/fr\/wp-content\/uploads\/2025\/11\/8e0a11791bef9868104406159b2e9465-760x506.jpg\" alt=\"Une statue repr\u00e9sentant le pr\u00e9sident am\u00e9ricain Donald Trump et le d\u00e9linquant sexuel Jeffrey Epstein pr\u00e8s du Capitole, \u00e0 Washington, le 2 octobre 2025 ( AFP \/ Brendan SMIALOWSKI )\" loading=\"eager\" fetchpriority=\"high\" width=\"760\" height=\"506\" style=\"max-width: 100%!important; height: auto;\"\/><\/p>\n<p class=\"c-image-news__legend\">Une statue repr\u00e9sentant le pr\u00e9sident am\u00e9ricain Donald Trump et le d\u00e9linquant sexuel Jeffrey Epstein pr\u00e8s du Capitole, \u00e0 Washington, le 2 octobre 2025 ( AFP \/ Brendan SMIALOWSKI )<\/p>\n<p>\n Donald Trump a contre-attaqu\u00e9 vendredi en r\u00e9clamant une enqu\u00eate  sur la relation entre Jeffrey Epstein et certaines personnalit\u00e9s d\u00e9mocrates dont Bill Clinton, \u00e0 l&rsquo;heure o\u00f9 ses propres liens avec le d\u00e9linquant sexuel mort en prison font l&rsquo;objet de nouvelles questions.\n<\/p>\n<p>\n Il a aussi rompu de mani\u00e8re fracassante avec une figure embl\u00e9matique de son mouvement MAGA (Make America Great Again), Marjorie Taylor Greene, qui lui reproche de manquer de transparence dans ce scandale politico-judiciaire.\n<\/p>\n<p>\n A travers l&rsquo;enqu\u00eate qu&rsquo;il a demand\u00e9e au minist\u00e8re de la Justice et \u00e0 la police f\u00e9d\u00e9rale (FBI) d&rsquo;ouvrir, le pr\u00e9sident am\u00e9ricain vise aussi Larry Summers, ministre des Finances de Bill Clinton, l&rsquo;investisseur et entrepreneur Reid Hoffman, la banque JPMorgan Chase ainsi que \u00ab\u00a0beaucoup d&rsquo;autres personnes et institutions\u00a0\u00bb.\n<\/p>\n<p>\n \u00ab\u00a0Les dossiers montrent que ces hommes, et de nombreux autres, ont pass\u00e9 beaucoup de temps avec Epstein\u00a0\u00bb, a-t-il assur\u00e9, sans fournir de preuves.\n<\/p>\n<p>\n La ministre de la Justice Pam Bondi a promis sur X que ses services allaient agir \u00ab\u00a0avec diligence et honn\u00eatet\u00e9 pour donner des r\u00e9ponses au peuple am\u00e9ricain\u00a0\u00bb.\n<\/p>\n<p>\n En juillet, le minist\u00e8re de la Justice et le FBI avaient pourtant annonc\u00e9 qu&rsquo;ils n&rsquo;avaient \u00ab\u00a0pas d\u00e9couvert de preuves sur lesquelles fonder une enqu\u00eate contre des personnes jusqu&rsquo;ici non poursuivies\u00a0\u00bb dans l&rsquo;affaire Epstein.\n<\/p>\n<p>\n Les deux institutions avaient aussi jug\u00e9 qu&rsquo;il ne serait \u00ab\u00a0pas pertinent\u00a0\u00bb de rendre public le \u00ab\u00a0dossier Epstein\u00a0\u00bb (\u00ab\u00a0Epstein files\u00a0\u00bb en anglais).\n<\/p>\n<p>\n Cette position suscite l&rsquo;incompr\u00e9hension, voire la col\u00e8re, de nombreux partisans du mouvement \u00ab\u00a0MAGA\u00a0\u00bb de Donald Trump, dont Marjorie Taylor Greene.\n<\/p>\n<p>\n Le pr\u00e9sident r\u00e9publicain l&rsquo;a trait\u00e9e vendredi de \u00ab\u00a0dingue\u00a0\u00bb sur son r\u00e9seau Truth Social. L&rsquo;\u00e9lue de G\u00e9orgie (sud-est) a reproch\u00e9 au pr\u00e9sident am\u00e9ricain de vouloir faire un \u00ab\u00a0exemple\u00a0\u00bb pour intimider l&rsquo;ensemble des conservateurs.\n<\/p>\n<p>\n Donald Trump avait promis pendant sa campagne des r\u00e9v\u00e9lations fracassantes.\n<\/p>\n<p>\n Mais une fois revenu au pouvoir, l&rsquo;ancien promoteur immobilier, qui a fr\u00e9quent\u00e9 Jeffrey Epstein quand ils \u00e9taient des figures de la jet-set new-yorkaise avant de se brouiller avec lui, a tent\u00e9 de clore le dossier, selon lui une \u00ab\u00a0supercherie\u00a0\u00bb mont\u00e9e par les d\u00e9mocrates.\n<\/p>\n<p>\n La Chambre des repr\u00e9sentants doit examiner la semaine prochaine une proposition de loi qui forcerait le minist\u00e8re de la Justice \u00e0 publier les \u00ab\u00a0Epstein files\u00a0\u00bb, et la presse am\u00e9ricaine s&rsquo;attend \u00e0 ce que de nombreux r\u00e9publicains votent pour.\n<\/p>\n<p>\n \u00ab\u00a0Nous vous implorons de le faire\u00a0\u00bb, ont \u00e9crit des victimes de Jeffrey Epstein dans une lettre adress\u00e9e au Congr\u00e8s am\u00e9ricain et obtenue par l&rsquo;AFP vendredi.\n<\/p>\n<p> &#8211; \u00ab\u00a0Retour de b\u00e2ton\u00a0\u00bb &#8211;<\/p>\n<p>\n L&rsquo;affaire Epstein a \u00e9t\u00e9 relanc\u00e9e cette semaine par la publication de courriers \u00e9lectroniques du financier new-yorkais, au carnet d&rsquo;adresses particuli\u00e8rement bien rempli.\n<\/p>\n<p>\n Donald Trump \u00ab\u00a0savait \u00e0 propos des filles\u00a0\u00bb agress\u00e9es sexuellement et a m\u00eame \u00ab\u00a0pass\u00e9 plusieurs heures\u00a0\u00bb avec l&rsquo;une d&rsquo;elles, affirment des e-mails de Jeffrey Epstein, d\u00e9voil\u00e9s par des parlementaires d\u00e9mocrates.\n<\/p>\n<p>\n Mais le pr\u00e9sident am\u00e9ricain a assur\u00e9 vendredi, tandis qu&rsquo;il se rendait en Floride: \u00ab\u00a0Je ne sais rien de cela. (Sinon) cela aurait \u00e9t\u00e9 dit il y a longtemps.\u00a0\u00bb\n<\/p>\n<p>\n \u00ab\u00a0Jeffrey Epstein et moi avons entretenu de tr\u00e8s mauvaises relations pendant de nombreuses ann\u00e9es\u00a0\u00bb, a-t-il ajout\u00e9.\n<\/p>\n<p>\n \u00ab\u00a0Ces e-mails prouvent que Bill Clinton n\u2019a rien fait et ne savait rien. Le reste n&rsquo;est que du bruit, destin\u00e9 \u00e0 d\u00e9tourner l\u2019attention des d\u00e9faites \u00e9lectorales (r\u00e9publicaines) et du retour de b\u00e2ton caus\u00e9 par la paralysie budg\u00e9taire\u00a0\u00bb, a r\u00e9agi Angel Urena, porte-parole de l&rsquo;ancien pr\u00e9sident.\n<\/p>\n<p>\n Bill Clinton a fr\u00e9quent\u00e9 le financier new-yorkais dans les ann\u00e9es 1990 et 2000.\n<\/p>\n<p>\n Contact\u00e9 par l&rsquo;AFP, le bureau de Larry Summers, qui a \u00e9t\u00e9 conseiller \u00e9conomique de Barack Obama et pr\u00e9sid\u00e9 la prestigieuse universit\u00e9 Harvard, n&rsquo;a pas imm\u00e9diatement r\u00e9pondu.\n<\/p>\n<p>\n Accus\u00e9e d&rsquo;avoir facilit\u00e9 les agissements de Jeffrey Epstein en lui permettant de financer ses activit\u00e9s, la banque JPMorgan Chase a accept\u00e9 de verser 290 millions de dollars \u00e0 des victimes pr\u00e9sum\u00e9es, en vertu d&rsquo;un accord annonc\u00e9 en juin 2023.\n<\/p>\n<p>\n \u00ab\u00a0Nous regrettons les relations que nous avons eues avec cet homme mais nous ne l&rsquo;avons pas aid\u00e9 \u00e0 commettre ses actions odieuses\u00a0\u00bb, a d\u00e9clar\u00e9 un porte-parole de JPMorgan Chase.\n<\/p>\n<p>\n Avec sa complice Ghislaine Maxwell comme rabatteuse, Epstein faisait venir des mineures dans ses r\u00e9sidences notamment \u00e0 New York et en Floride pour, sous le pr\u00e9texte de massages, les agresser sexuellement.\n<\/p>\n<p>\n Il est mort en prison en 2019 avant son proc\u00e8s, par suicide selon les autorit\u00e9s. Ghislaine Maxwell purge une peine de 20 ans de prison pour exploitation sexuelle.<\/p>\n","protected":false},"excerpt":{"rendered":"Une statue repr\u00e9sentant le pr\u00e9sident am\u00e9ricain Donald Trump et le d\u00e9linquant sexuel Jeffrey Epstein pr\u00e8s du Capitole, \u00e0&hellip;\n","protected":false},"author":2,"featured_media":534465,"comment_status":"","ping_status":"","sticky":false,"template":"","format":"standard","meta":{"footnotes":""},"categories":[5],"tags":[400,11,398,408,405,1011,27,403,14,402,399,404,12,401,406,407,28],"class_list":{"0":"post-535387","1":"post","2":"type-post","3":"status-publish","4":"format-standard","5":"has-post-thumbnail","7":"category-international","8":"tag-action-cac-40","9":"tag-actualites","10":"tag-bourse-de-paris","11":"tag-boursorama","12":"tag-cotations","13":"tag-fr","14":"tag-france","15":"tag-indices-devises","16":"tag-international","17":"tag-investir","18":"tag-investissement","19":"tag-marche-boursier","20":"tag-news","21":"tag-sicav","22":"tag-trackers","23":"tag-warrants","24":"tag-world"},"share_on_mastodon":{"url":"https:\/\/pubeurope.com\/@fr\/115552298947361695","error":""},"_links":{"self":[{"href":"https:\/\/www.europesays.com\/fr\/wp-json\/wp\/v2\/posts\/535387","targetHints":{"allow":["GET"]}}],"collection":[{"href":"https:\/\/www.europesays.com\/fr\/wp-json\/wp\/v2\/posts"}],"about":[{"href":"https:\/\/www.europesays.com\/fr\/wp-json\/wp\/v2\/types\/post"}],"author":[{"embeddable":true,"href":"https:\/\/www.europesays.com\/fr\/wp-json\/wp\/v2\/users\/2"}],"replies":[{"embeddable":true,"href":"https:\/\/www.europesays.com\/fr\/wp-json\/wp\/v2\/comments?post=535387"}],"version-history":[{"count":0,"href":"https:\/\/www.europesays.com\/fr\/wp-json\/wp\/v2\/posts\/535387\/revisions"}],"wp:featuredmedia":[{"embeddable":true,"href":"https:\/\/www.europesays.com\/fr\/wp-json\/wp\/v2\/media\/534465"}],"wp:attachment":[{"href":"https:\/\/www.europesays.com\/fr\/wp-json\/wp\/v2\/media?parent=535387"}],"wp:term":[{"taxonomy":"category","embeddable":true,"href":"https:\/\/www.europesays.com\/fr\/wp-json\/wp\/v2\/categories?post=535387"},{"taxonomy":"post_tag","embeddable":true,"href":"https:\/\/www.europesays.com\/fr\/wp-json\/wp\/v2\/tags?post=535387"}],"curies":[{"name":"wp","href":"https:\/\/api.w.org\/{rel}","templated":true}]}}