{"id":535390,"date":"2025-11-15T06:29:18","date_gmt":"2025-11-15T06:29:18","guid":{"rendered":"https:\/\/www.europesays.com\/fr\/535390\/"},"modified":"2025-11-15T06:29:18","modified_gmt":"2025-11-15T06:29:18","slug":"la-navigatrice-marie-descoubes-est-arrivee-a-porto-rico","status":"publish","type":"post","link":"https:\/\/www.europesays.com\/fr\/535390\/","title":{"rendered":"la navigatrice Marie Descoubes est arriv\u00e9e \u00e0 Porto Rico"},"content":{"rendered":"<p class=\"article-p mdl\">Le soulagement est immense. \u00ab\u00a0Tout va bien, on vient de toucher terre \u00e0 Porto-Rico apr\u00e8s 20 jours en mer\u00a0\u00bb, publie la navigatrice exp\u00e9riment\u00e9e Marie Descoubes originaire de la Rochelle, sur sa story Instagram ce vendredi 14 novembre.<\/p>\n<p class=\"article-p mdl\">Si depuis le 5 novembre,<a class=\"link\" href=\"https:\/\/www.rtl.fr\/sport\/autres-sports\/les-recherches-en-helicoptere-se-sont-arretees-la-navigatrice-marie-descoubes-et-son-coequipier-portes-disparus-au-large-des-bermudes-7900564848\" title=\"&quot;Les recherches en h\u00e9licopt\u00e8re se sont arr\u00eat\u00e9es&quot; : la navigatrice Marie Descoubes et son co\u00e9quipier port\u00e9s disparus au large des Bermudes\" target=\"_blank\" rel=\"noopener\"> elle n\u2019avait plus donn\u00e9 aucun signe de vie alors qu\u2019elle convoyait un voilier vers les Bermudes<\/a>\u00a0en compagnie de son co\u00e9quipier am\u00e9ricain, Nathan Perrins, elle a termin\u00e9 son exploration avec un jour d&rsquo;avance. Son GPS avait cess\u00e9 d\u2019\u00e9mettre depuis plusieurs jours, et l\u2019\u00e9quipe au sol de Nathan avait rapport\u00e9 un besoin urgent de carburant, selon le Centre r\u00e9gional de coordination des op\u00e9rations des Bermudes. La navigatrice, qui devait atteindre les Bermudes le 6 novembre,\u00a0<a class=\"link\" href=\"https:\/\/www.rtl.fr\/actu\/justice-faits-divers\/plus-d-une-semaine-sans-nouvelles-ce-que-l-on-sait-de-la-disparition-de-la-navigatrice-marie-descoubes-et-de-son-coequipier-7900565569\" title=\"Plus d&#039;une semaine sans nouvelles : ce que l\u2019on sait de la disparition de la navigatrice Marie Descoubes et de son co\u00e9quipier\" target=\"_blank\" rel=\"noopener\">semblait s\u2019\u00eatre volatilis\u00e9e au large de l\u2019Am\u00e9rique du Nord<\/a>.<\/p>\n<p class=\"article-p mdl\">Marie Descoubes a donn\u00e9 des explications sur l\u2019incident, sur sa story Instagram, qui a conduit \u00e0 cette longue coupure de communication. \u00ab\u00a0Nous avons juste eu un probl\u00e8me technique avec le t\u00e9l\u00e9phone satellite en mer, et nous \u00e9tions dans l\u2019impossibilit\u00e9 de rejoindre les Bermudes \u00e0 cause des vents contraires. Nous avons donc d\u00e9cid\u00e9 de continuer jusqu\u2019\u00e0 Porto Rico directement\u00a0\u00bb, a-t-elle pr\u00e9cis\u00e9.\u00a0<\/p>\n<p>            Elle a \u00e9chang\u00e9 avec sa m\u00e8re ce matin\u00a0<\/p>\n<p class=\"article-p mdl\">D\u00e8s le 10 novembre, malgr\u00e9 cinq jours d\u2019absence totale de communication, la m\u00e8re de la navigatrice, Nathalie Le Roux, se voulait optimiste. \u00ab\u00a0Marie n\u2019a pas disparu, elle n\u2019a juste plus de moyens de communication\u00a0\u00bb, assurait-elle alors, confiant esp\u00e9rer l\u2019arriv\u00e9e de sa fille \u00e0 Porto Rico \u00ab\u00a0d\u2019ici dimanche\u00a0\u00bb.\u00a0<\/p>\n<p class=\"article-p mdl\">Ce vendredi 14 novembre matin, c\u2019est sur son compte Facebook que\u00a0<a class=\"link\" href=\"https:\/\/www.rtl.fr\/sport\/autres-sports\/nous-sommes-tous-rassures-la-navigatrice-marie-descoubes-portee-disparue-a-donne-de-bonnes-nouvelles-a-sa-mere-7900566468\" title=\"&quot;Nous sommes tous rassur\u00e9s&quot; : la navigatrice Marie Descoubes, port\u00e9e disparue, a donn\u00e9 &quot;de bonnes nouvelles&quot; \u00e0 sa m\u00e8re\" target=\"_blank\" rel=\"noopener\">la m\u00e8re a finalement pu annoncer la nouvelle tant attendue<\/a>\u00a0: \u00ab\u00a0Marie vient de nous donner de bonnes nouvelles. Ils arrivent \u00e0 Porto Rico d\u2019ici 2-3 heures ! Nous sommes rassur\u00e9s.\u00a0\u00bb<\/p>\n<p class=\"article-p mdl\">La navigatrice n\u2019en est pourtant pas \u00e0 sa premi\u00e8re travers\u00e9e. Apr\u00e8s avoir quitt\u00e9 son poste dans le domaine du commerce en d\u00e9cembre 2020, elle s\u2019est lanc\u00e9e dans un tour du monde en voilier, \u00ab\u00a0un r\u00eave enfin r\u00e9alis\u00e9\u00a0\u00bb, a-t-elle racont\u00e9 sur le site de son association. Costa Rica, Nicaragua, Panama, Polyn\u00e9sie, Marquises\u2026 en cinq ans, elle a navigu\u00e9 sur dix voiliers et catamarans, tombant \u00ab\u00a0amoureuse de la mer\u00a0\u00bb au fil des travers\u00e9es.<\/p>\n<p>    La r\u00e9daction vous recommande<\/p>\n<p class=\"s-newsletter__title\">\n                L\u2019actualit\u00e9 par la r\u00e9daction de RTL dans votre bo\u00eete mail.\n            <\/p>\n<p class=\"s-newsletter__subtitle\">\n                Gr\u00e2ce \u00e0 votre compte RTL abonnez-vous \u00e0 la newsletter RTL info pour suivre toute l&rsquo;actualit\u00e9 au quotidien\n            <\/p>\n<p>\n                                    Lire la suite\n                                <\/p>\n","protected":false},"excerpt":{"rendered":"Le soulagement est immense. \u00ab\u00a0Tout va bien, on vient de toucher terre \u00e0 Porto-Rico apr\u00e8s 20 jours en&hellip;\n","protected":false},"author":2,"featured_media":535391,"comment_status":"","ping_status":"","sticky":false,"template":"","format":"standard","meta":{"footnotes":""},"categories":[2],"tags":[1111,11,118,107,2619,1011,27,12],"class_list":{"0":"post-535390","1":"post","2":"type-post","3":"status-publish","4":"format-standard","5":"has-post-thumbnail","7":"category-actualites","8":"tag-actu","9":"tag-actualites","10":"tag-faits-divers","11":"tag-fil-info","12":"tag-fil-sport","13":"tag-fr","14":"tag-france","15":"tag-news"},"share_on_mastodon":{"url":"https:\/\/pubeurope.com\/@fr\/115552305954313593","error":""},"_links":{"self":[{"href":"https:\/\/www.europesays.com\/fr\/wp-json\/wp\/v2\/posts\/535390","targetHints":{"allow":["GET"]}}],"collection":[{"href":"https:\/\/www.europesays.com\/fr\/wp-json\/wp\/v2\/posts"}],"about":[{"href":"https:\/\/www.europesays.com\/fr\/wp-json\/wp\/v2\/types\/post"}],"author":[{"embeddable":true,"href":"https:\/\/www.europesays.com\/fr\/wp-json\/wp\/v2\/users\/2"}],"replies":[{"embeddable":true,"href":"https:\/\/www.europesays.com\/fr\/wp-json\/wp\/v2\/comments?post=535390"}],"version-history":[{"count":0,"href":"https:\/\/www.europesays.com\/fr\/wp-json\/wp\/v2\/posts\/535390\/revisions"}],"wp:featuredmedia":[{"embeddable":true,"href":"https:\/\/www.europesays.com\/fr\/wp-json\/wp\/v2\/media\/535391"}],"wp:attachment":[{"href":"https:\/\/www.europesays.com\/fr\/wp-json\/wp\/v2\/media?parent=535390"}],"wp:term":[{"taxonomy":"category","embeddable":true,"href":"https:\/\/www.europesays.com\/fr\/wp-json\/wp\/v2\/categories?post=535390"},{"taxonomy":"post_tag","embeddable":true,"href":"https:\/\/www.europesays.com\/fr\/wp-json\/wp\/v2\/tags?post=535390"}],"curies":[{"name":"wp","href":"https:\/\/api.w.org\/{rel}","templated":true}]}}