{"id":535395,"date":"2025-11-15T06:34:45","date_gmt":"2025-11-15T06:34:45","guid":{"rendered":"https:\/\/www.europesays.com\/fr\/535395\/"},"modified":"2025-11-15T06:34:45","modified_gmt":"2025-11-15T06:34:45","slug":"sainte-jamme-sur-sarthe-des-aviateurs-de-nancy-a-la-ceremonie-du-11-novembre","status":"publish","type":"post","link":"https:\/\/www.europesays.com\/fr\/535395\/","title":{"rendered":"Sainte-Jamme-sur-Sarthe. Des aviateurs de Nancy \u00e0 la c\u00e9r\u00e9monie du 11 Novembre"},"content":{"rendered":"<tr wp_automatic_readability=\"2.9210526315789\">\n<td valign=\"middle\" align=\"center\" class=\"col-logo\">\n    <img decoding=\"async\" src=\"https:\/\/www.europesays.com\/fr\/wp-content\/uploads\/2025\/05\/ouest-france.gif\" alt=\"logo Ouest-France\" height=\"66\"\/><\/p>\n<\/td>\n<td class=\"col-titre\">\n\t\t\tSamedi 15 novembre 2025 05:12<br \/>\n\t\t\t<a class=\"icon-bulle sizeL count\" href=\"#ancreAvis\"><br \/>\n\t&#8230;<br \/>\n<\/a><\/td>\n<\/tr>\n<p>\t\t<a class=\"mavillebox2 elmt-photo\" href=\"https:\/\/maville.com\/photosmvi\/2025\/11\/15\/P35581692D7064567G.jpg\" title=\" Pour les c\u00e9r\u00e9monies du 11\u00a0Novembre, se sont d\u00e9plac\u00e9s un d\u00e9tachement de la 4e compagnie de 2e RIMa, des aviateurs de la base 133\u00a0de Nancy, l\u2019ensemble de pompiers du centre de secours local, suivi des drapeaux dont deux port\u00e9s par des coll\u00e9giennes, devant environ 300\u00a0personnes, d\u2019\u00e9lus et d\u2019\u00e9coles.  \u00a9  Ouest-France  \" rel=\"galerie_actu noopener\" target=\"_blank\"><br \/>\n\t<img decoding=\"async\" src=\"https:\/\/www.europesays.com\/fr\/wp-content\/uploads\/2025\/11\/P35581692D7064567G_crop_640-330_.jpg\" alt=\"photo  pour les c\u00e9r\u00e9monies du 11\u00a0novembre, se sont d\u00e9plac\u00e9s un d\u00e9tachement de la 4e compagnie de 2e rima, des aviateurs de la base 133\u00a0de nancy, l\u2019ensemble de pompiers du centre de secours local, suivi des drapeaux dont deux port\u00e9s par des coll\u00e9giennes, devant environ 300\u00a0personnes, d\u2019\u00e9lus et d\u2019\u00e9coles.  \u00a9  ouest-france \"\/><br \/>\n\t1<br \/>\n<\/a><\/p>\n<p class=\"elmt-legende\"> Pour les c\u00e9r\u00e9monies du 11\u00a0Novembre, se sont d\u00e9plac\u00e9s un d\u00e9tachement de la 4e compagnie de 2e RIMa, des aviateurs de la base 133\u00a0de Nancy, l\u2019ensemble de pompiers du centre de secours local, suivi des drapeaux dont deux port\u00e9s par des coll\u00e9giennes, devant environ 300\u00a0personnes, d\u2019\u00e9lus et d\u2019\u00e9coles.  \u00a9  Ouest-France  <\/p>\n<p>\t\tOuest-France\u00a0\u00a0<\/p>\n<p>Retrouvez d&rsquo;autres actus sur la commune de :<\/p>\n<p>\t\t&#13;<\/p>\n","protected":false},"excerpt":{"rendered":"Samedi 15 novembre 2025 05:12 &#8230; 1 Pour les c\u00e9r\u00e9monies du 11\u00a0Novembre, se sont d\u00e9plac\u00e9s un d\u00e9tachement de&hellip;\n","protected":false},"author":2,"featured_media":535396,"comment_status":"","ping_status":"","sticky":false,"template":"","format":"standard","meta":{"footnotes":""},"categories":[9635],"tags":[7560,1111,11,65480,4150,1777,674,1011,27,775,2047,1702,12,24649,25,65479],"class_list":{"0":"post-535395","1":"post","2":"type-post","3":"status-publish","4":"format-standard","5":"has-post-thumbnail","7":"category-nancy","8":"tag-7560","9":"tag-actu","10":"tag-actualites","11":"tag-aviateurs","12":"tag-ceremonie","13":"tag-eu","14":"tag-europe","15":"tag-fr","16":"tag-france","17":"tag-grand-est","18":"tag-mans","19":"tag-nancy","20":"tag-news","21":"tag-novembre","22":"tag-republique-francaise","23":"tag-sainte-jamme-sur-sarthe"},"share_on_mastodon":{"url":"https:\/\/pubeurope.com\/@fr\/115552325962565695","error":""},"_links":{"self":[{"href":"https:\/\/www.europesays.com\/fr\/wp-json\/wp\/v2\/posts\/535395","targetHints":{"allow":["GET"]}}],"collection":[{"href":"https:\/\/www.europesays.com\/fr\/wp-json\/wp\/v2\/posts"}],"about":[{"href":"https:\/\/www.europesays.com\/fr\/wp-json\/wp\/v2\/types\/post"}],"author":[{"embeddable":true,"href":"https:\/\/www.europesays.com\/fr\/wp-json\/wp\/v2\/users\/2"}],"replies":[{"embeddable":true,"href":"https:\/\/www.europesays.com\/fr\/wp-json\/wp\/v2\/comments?post=535395"}],"version-history":[{"count":0,"href":"https:\/\/www.europesays.com\/fr\/wp-json\/wp\/v2\/posts\/535395\/revisions"}],"wp:featuredmedia":[{"embeddable":true,"href":"https:\/\/www.europesays.com\/fr\/wp-json\/wp\/v2\/media\/535396"}],"wp:attachment":[{"href":"https:\/\/www.europesays.com\/fr\/wp-json\/wp\/v2\/media?parent=535395"}],"wp:term":[{"taxonomy":"category","embeddable":true,"href":"https:\/\/www.europesays.com\/fr\/wp-json\/wp\/v2\/categories?post=535395"},{"taxonomy":"post_tag","embeddable":true,"href":"https:\/\/www.europesays.com\/fr\/wp-json\/wp\/v2\/tags?post=535395"}],"curies":[{"name":"wp","href":"https:\/\/api.w.org\/{rel}","templated":true}]}}