{"id":535414,"date":"2025-11-15T06:46:09","date_gmt":"2025-11-15T06:46:09","guid":{"rendered":"https:\/\/www.europesays.com\/fr\/535414\/"},"modified":"2025-11-15T06:46:09","modified_gmt":"2025-11-15T06:46:09","slug":"recherche-depuis-14-ans-pour-pedocriminalite-un-fugitif-americain-arrete-pres-de-strasbourg","status":"publish","type":"post","link":"https:\/\/www.europesays.com\/fr\/535414\/","title":{"rendered":"Recherch\u00e9 depuis 14 ans pour p\u00e9docriminalit\u00e9, un fugitif am\u00e9ricain arr\u00eat\u00e9 pr\u00e8s\u00a0de\u00a0Strasbourg"},"content":{"rendered":"<p>                    Par<br \/>\n        <strong><br \/>\n            <a href=\"https:\/\/actu.fr\/auteur\/thomas-blanc\" title=\"Consulter tous les articles de Thomas Blanc\" rel=\"nofollow noopener\" target=\"_blank\">Thomas Blanc<\/a><br \/>\n                    <\/strong><\/p>\n<p>        Publi\u00e9 le<\/p>\n<p>            15 nov. 2025 \u00e0 7h02        <\/p>\n<p>La <a href=\"https:\/\/actu.fr\/tag\/police\" rel=\"nofollow noopener\" target=\"_blank\">police<\/a> de Scottsdale, une ville de la banlieue de Phoenix (Arizona, <a href=\"https:\/\/actu.fr\/tag\/etats-unis\" rel=\"nofollow noopener\" target=\"_blank\">\u00c9tats-Unis<\/a>) a communiqu\u00e9 sur ses r\u00e9seaux sociaux au tout d\u00e9but du mois de novembre pour faire \u00e9tat de <strong>l\u2019arrestation de son deuxi\u00e8me fugitif le plus recherch\u00e9<\/strong>, Michael Wiseman. Celui-ci a \u00e9t\u00e9 arr\u00eat\u00e9 dans une commune du <a href=\"https:\/\/actu.fr\/grand-est\/bas-rhin_67\" rel=\"nofollow noopener\" target=\"_blank\">Bas-Rhin<\/a>, \u00e0 20 min de route au nord de <a href=\"https:\/\/actu.fr\/strasbourg\/\" rel=\"nofollow noopener\" target=\"_blank\">Strasbourg<\/a>, il \u00e9tait <strong>en cavale depuis 2008<\/strong>.<\/p>\n<p>Le fugitif arr\u00eat\u00e9 \u00e0 Kilstett, au nord de Strasbourg<\/p>\n<p class=\" wall-content\">Dans leur post, les policiers am\u00e9ricains d\u00e9crivent que \u00ab\u2009<strong>ses activit\u00e9s criminelles<\/strong> et ses <strong>tentatives r\u00e9p\u00e9t\u00e9es d\u2019\u00e9chapper \u00e0 son arrestation<\/strong> durant presque deux d\u00e9cennies et dans de multiples pays sont d\u00e9sormais termin\u00e9es\u2009\u00bb.<\/p>\n<p class=\" wall-content\">Michael Wiseman a \u00e9t\u00e9 retrouv\u00e9<strong> \u00e0 Kilstett<\/strong> (Bas-Rhin), o\u00f9 il vivait sous le nom de<strong> Robert Danilewski<\/strong>.<\/p>\n<p>    <a href=\"https:\/\/www.facebook.com\/plugins\/post.php?href=https%3A%2F%2Fwww.facebook.com%2Fphoto.php%3Ffbid%3D1156274976632745%26set%3Da.182875163972736%26type%3D3&amp;show_text=true&amp;width=350\" title=\"Ouvrie le lien\" rel=\"nofollow noopener\" target=\"_blank\">Cliquez ici pour visualiser le contenu<\/a><\/p>\n<p>Il fuit deux fois les USA<\/p>\n<p class=\" wall-content\">Il avait \u00e9t\u00e9 arr\u00eat\u00e9 en 2008 en Arizona pour des viols et des agressions sexuelles sur mineur. La m\u00eame ann\u00e9e, il<strong>\u00a0a fui les \u00c9tats-Unis<\/strong> pour l\u2019<a href=\"https:\/\/actu.fr\/tag\/espagne\" rel=\"nofollow noopener\" target=\"_blank\">Espagne<\/a> apr\u00e8s avoir sectionn\u00e9 son bracelet \u00e9lectronique. Il a \u00e9t\u00e9 arr\u00eat\u00e9 puis extrad\u00e9 vers l\u2019Am\u00e9rique un an plus tard et condamn\u00e9 en 2012 pour ses crimes.<\/p>\n<p class=\" wall-content\">\u00ab\u2009Cependant, <strong>il fuit de nouveau<\/strong> pendant sa p\u00e9riode de probation\u2009\u00bb, \u00e9crivent les policiers am\u00e9ricains. Ils d\u00e9crivent ensuite sa cavale <strong>au Vietnam<\/strong>,<strong> en Pologne<\/strong> et enfin <strong>en Alsace<\/strong>. Une fois localis\u00e9 par le FBI, un mandat d\u2019arr\u00eat a \u00e9t\u00e9 transmis aux autorit\u00e9s fran\u00e7aises qui ont interpell\u00e9 le fugitif <strong>ce 1\u1d49\u02b3 novembre<\/strong>.<\/p>\n<p class=\" wall-content\">\u00c9tant \u00e9galement accus\u00e9 de viol et d\u2019agressions sexuelles sur mineurs de moins de 15\u00a0ans en France, il sera jug\u00e9 avant d\u2019\u00eatre\u00a0de nouveau extrad\u00e9 vers les \u00c9tats-Unis.<\/p>\n<p class=\" wall-content\">Personnalisez votre actualit\u00e9 en ajoutant vos villes et m\u00e9dias en favori avec <a href=\"https:\/\/moncompte.actu.fr\" title=\"D\u00e9couvez Mon Actu\" rel=\"nofollow noopener\" data-trk=\"{&quot;cta&quot;:{&quot;action&quot;:&quot;https:\\\/\\\/moncompte.actu.fr&quot;,&quot;category&quot;:&quot;mon compte&quot;,&quot;from&quot;:&quot;article footer&quot;,&quot;name&quot;:&quot;Mon actu&quot;,&quot;type&quot;:&quot;cta&quot;}}\" target=\"_blank\">Mon Actu<\/a>.<\/p>\n","protected":false},"excerpt":{"rendered":"Par Thomas Blanc Publi\u00e9 le 15 nov. 2025 \u00e0 7h02 La police de Scottsdale, une ville de la&hellip;\n","protected":false},"author":2,"featured_media":535415,"comment_status":"","ping_status":"","sticky":false,"template":"","format":"standard","meta":{"footnotes":""},"categories":[2820],"tags":[1111,11,73,1777,674,118,1011,27,775,12,1072,25,640,799],"class_list":{"0":"post-535414","1":"post","2":"type-post","3":"status-publish","4":"format-standard","5":"has-post-thumbnail","7":"category-strasbourg","8":"tag-actu","9":"tag-actualites","10":"tag-etats-unis","11":"tag-eu","12":"tag-europe","13":"tag-faits-divers","14":"tag-fr","15":"tag-france","16":"tag-grand-est","17":"tag-news","18":"tag-police","19":"tag-republique-francaise","20":"tag-strasbourg","21":"tag-violences-sexuelles"},"share_on_mastodon":{"url":"https:\/\/pubeurope.com\/@fr\/115552372957938050","error":""},"_links":{"self":[{"href":"https:\/\/www.europesays.com\/fr\/wp-json\/wp\/v2\/posts\/535414","targetHints":{"allow":["GET"]}}],"collection":[{"href":"https:\/\/www.europesays.com\/fr\/wp-json\/wp\/v2\/posts"}],"about":[{"href":"https:\/\/www.europesays.com\/fr\/wp-json\/wp\/v2\/types\/post"}],"author":[{"embeddable":true,"href":"https:\/\/www.europesays.com\/fr\/wp-json\/wp\/v2\/users\/2"}],"replies":[{"embeddable":true,"href":"https:\/\/www.europesays.com\/fr\/wp-json\/wp\/v2\/comments?post=535414"}],"version-history":[{"count":0,"href":"https:\/\/www.europesays.com\/fr\/wp-json\/wp\/v2\/posts\/535414\/revisions"}],"wp:featuredmedia":[{"embeddable":true,"href":"https:\/\/www.europesays.com\/fr\/wp-json\/wp\/v2\/media\/535415"}],"wp:attachment":[{"href":"https:\/\/www.europesays.com\/fr\/wp-json\/wp\/v2\/media?parent=535414"}],"wp:term":[{"taxonomy":"category","embeddable":true,"href":"https:\/\/www.europesays.com\/fr\/wp-json\/wp\/v2\/categories?post=535414"},{"taxonomy":"post_tag","embeddable":true,"href":"https:\/\/www.europesays.com\/fr\/wp-json\/wp\/v2\/tags?post=535414"}],"curies":[{"name":"wp","href":"https:\/\/api.w.org\/{rel}","templated":true}]}}