{"id":535418,"date":"2025-11-15T06:48:10","date_gmt":"2025-11-15T06:48:10","guid":{"rendered":"https:\/\/www.europesays.com\/fr\/535418\/"},"modified":"2025-11-15T06:48:10","modified_gmt":"2025-11-15T06:48:10","slug":"nice-ce-festival-du-cinema-debute-des-places-a-petits-prix-pour-plusieurs-films","status":"publish","type":"post","link":"https:\/\/www.europesays.com\/fr\/535418\/","title":{"rendered":"Nice. Ce festival du cin\u00e9ma d\u00e9bute, des places \u00e0 petits prix pour plusieurs films"},"content":{"rendered":"<p>                    Par<br \/>\n        <strong><br \/>\n            <a href=\"https:\/\/actu.fr\/auteur\/arthur-frand\" title=\"Consulter tous les articles de Arthur Frand\" rel=\"nofollow noopener\" target=\"_blank\">Arthur Frand<\/a><br \/>\n                    <\/strong><\/p>\n<p>        Publi\u00e9 le<\/p>\n<p>            15 nov. 2025 \u00e0 6h38        <\/p>\n<p>Le moment id\u00e9al\u2009? Ce week-end du 15 et 16\u00a0novembre 2025 s\u2019annonce gris et maussade \u00e0 <a href=\"https:\/\/actu.fr\/nice\/\" rel=\"nofollow noopener\" target=\"_blank\">Nice<\/a> dans les <a href=\"https:\/\/actu.fr\/provence-alpes-cote-d-azur\/alpes-maritimes_06\" rel=\"nofollow noopener\" target=\"_blank\">Alpes-Maritimes<\/a>. De la pluie et des orages sont attendus samedi et dimanche. Alors, les activit\u00e9s en int\u00e9rieur devraient <strong>\u00eatre cibl\u00e9es<\/strong> par les Ni\u00e7ois et Ni\u00e7oises.<\/p>\n<p class=\" wall-content\">\u00c0 Nice, le festival \u00ab\u2009Cin\u00e9 R\u00e9cr\u00e9\u2009\u00bb, dont c\u2019est la 17e \u00e9dition, est propos\u00e9 cette ann\u00e9e encore. Il est d\u00e9di\u00e9 aux enfants (et aux parents) et se tient les week-ends du 15-16 et 22-23\u00a0novembre dans <strong>tous les cin\u00e9mas ni\u00e7ois<\/strong>\u2009: le Path\u00e9 (Mass\u00e9na, Gare du Sud, Lingosti\u00e8re), Megamara, Rialto, Vari\u00e9t\u00e9s, la Cin\u00e9math\u00e8que et le Jean-Paul-Belmondo.<\/p>\n<p>Des films pour enfants<\/p>\n<p class=\" wall-content\">Pour l\u2019occasion, une programmation \u00ab\u2009jeune public\u2009\u00bb est <strong>con\u00e7ue pour les enfants<\/strong> de 3 \u00e0 12\u00a0ans. Douze avant premi\u00e8res sont pr\u00e9vues cette ann\u00e9e et plus de 30 films d\u2019animation.<\/p>\n<p class=\" wall-content\">Les films propos\u00e9s ont des th\u00e9matiques vari\u00e9es (humour, aventure, magie). On retrouve notamment Les Contes du Pommier, Elfie et les Super Elfkins, La Fabrique des monstres, Mission P\u00e8re No\u00ebl ou encore Premi\u00e8res neiges. Mais aussi <strong>des classiques<\/strong> comme la Pat\u2019Patrouille ou Les Douze Travaux d\u2019Ast\u00e9rix.<\/p>\n<p>4\u00a0euros la place<\/p>\n<p class=\" wall-content\">Certains films sont de courte dur\u00e9e (30 \u00e0 40 min), d\u2019autres plus longs.<\/p>\n<p class=\" wall-content\">Le tarif de chaque s\u00e9ance est <strong>unique<\/strong>. Il est fix\u00e9 \u00e0 4\u00a0euros pour les enfants et les parents ou adultes accompagnateurs. Une belle occasion \u00e9tant donn\u00e9 le prix des places de cin\u00e9ma, qui d\u2019ordinaire, d\u00e9passent constamment ou presque les 10\u00a0euros.<\/p>\n<p class=\" wall-content\">Personnalisez votre actualit\u00e9 en ajoutant vos villes et m\u00e9dias en favori avec <a href=\"https:\/\/moncompte.actu.fr\" title=\"D\u00e9couvez Mon Actu\" rel=\"nofollow noopener\" data-trk=\"{&quot;cta&quot;:{&quot;action&quot;:&quot;https:\\\/\\\/moncompte.actu.fr&quot;,&quot;category&quot;:&quot;mon compte&quot;,&quot;from&quot;:&quot;article footer&quot;,&quot;name&quot;:&quot;Mon actu&quot;,&quot;type&quot;:&quot;cta&quot;}}\" target=\"_blank\">Mon Actu<\/a>.<\/p>\n","protected":false},"excerpt":{"rendered":"Par Arthur Frand Publi\u00e9 le 15 nov. 2025 \u00e0 6h38 Le moment id\u00e9al\u2009? Ce week-end du 15 et&hellip;\n","protected":false},"author":2,"featured_media":535419,"comment_status":"","ping_status":"","sticky":false,"template":"","format":"standard","meta":{"footnotes":""},"categories":[2819],"tags":[1111,11,677,650,1719,1777,674,1011,27,12,2401,882,25,104],"class_list":{"0":"post-535418","1":"post","2":"type-post","3":"status-publish","4":"format-standard","5":"has-post-thumbnail","7":"category-nice","8":"tag-actu","9":"tag-actualites","10":"tag-bons-plans","11":"tag-cinema","12":"tag-enfants","13":"tag-eu","14":"tag-europe","15":"tag-fr","16":"tag-france","17":"tag-news","18":"tag-nice","19":"tag-provence-alpes-cote-dazur","20":"tag-republique-francaise","21":"tag-societe"},"share_on_mastodon":{"url":"https:\/\/pubeurope.com\/@fr\/115552380778898348","error":""},"_links":{"self":[{"href":"https:\/\/www.europesays.com\/fr\/wp-json\/wp\/v2\/posts\/535418","targetHints":{"allow":["GET"]}}],"collection":[{"href":"https:\/\/www.europesays.com\/fr\/wp-json\/wp\/v2\/posts"}],"about":[{"href":"https:\/\/www.europesays.com\/fr\/wp-json\/wp\/v2\/types\/post"}],"author":[{"embeddable":true,"href":"https:\/\/www.europesays.com\/fr\/wp-json\/wp\/v2\/users\/2"}],"replies":[{"embeddable":true,"href":"https:\/\/www.europesays.com\/fr\/wp-json\/wp\/v2\/comments?post=535418"}],"version-history":[{"count":0,"href":"https:\/\/www.europesays.com\/fr\/wp-json\/wp\/v2\/posts\/535418\/revisions"}],"wp:featuredmedia":[{"embeddable":true,"href":"https:\/\/www.europesays.com\/fr\/wp-json\/wp\/v2\/media\/535419"}],"wp:attachment":[{"href":"https:\/\/www.europesays.com\/fr\/wp-json\/wp\/v2\/media?parent=535418"}],"wp:term":[{"taxonomy":"category","embeddable":true,"href":"https:\/\/www.europesays.com\/fr\/wp-json\/wp\/v2\/categories?post=535418"},{"taxonomy":"post_tag","embeddable":true,"href":"https:\/\/www.europesays.com\/fr\/wp-json\/wp\/v2\/tags?post=535418"}],"curies":[{"name":"wp","href":"https:\/\/api.w.org\/{rel}","templated":true}]}}