{"id":535427,"date":"2025-11-15T06:53:13","date_gmt":"2025-11-15T06:53:13","guid":{"rendered":"https:\/\/www.europesays.com\/fr\/535427\/"},"modified":"2025-11-15T06:53:13","modified_gmt":"2025-11-15T06:53:13","slug":"contre-bordeaux-les-rapaces-de-gap-coulent-encore-0-4","status":"publish","type":"post","link":"https:\/\/www.europesays.com\/fr\/535427\/","title":{"rendered":"Contre Bordeaux, les Rapaces de Gap coulent encore (0-4)"},"content":{"rendered":"<p>\t\t\t\t\t\t\t\t\t\t\t<img decoding=\"async\" src=\"https:\/\/www.europesays.com\/fr\/wp-content\/uploads\/2025\/11\/1280x720_contre-bordeaux-les-rapaces-de-gap-coulent-encore-0-4_6918200598275.jpg\" alt=\"Contre Bordeaux, les Rapaces de Gap coulent encore (0-4)\" title=\"Contre Bordeaux, les Rapaces de Gap coulent encore (0-4)\" width=\"1280\" height=\"720\" class=\"img-fluid  mb-3\" loading=\"lazy\"\/>\t\t\t\t\t\t\t\t\t\t\t\t<\/p>\n<p>Contre Bordeaux, les Rapaces de Gap coulent encore (0-4) &#8211; DR<\/p>\n<p itemprop=\"description\"><strong>La tendance n\u00e9gative n&rsquo;a pas \u00e9t\u00e9 renvers\u00e9e ce vendredi soir.<\/strong><\/p>\n<p>A l&rsquo;occasion de la 16e journ\u00e9e de Ligue Magnus, les Rapaces de Gap recevaient Bordeaux avec la ferme intention de glaner une victoire qui les fuit depuis le 10 octobre dernier.<\/p>\n<p>Mais les Boxers ont \u00e9t\u00e9 largement au-dessus de la m\u00eal\u00e9e face au public de l&rsquo;Alp&rsquo;Arena.<\/p>\n<p>D\u00e8s le 1er tiers-temps, Bordeaux menait d\u00e9j\u00e0 de deux buts. Puis en a rajout\u00e9 un \u00e0 chaque tiers-temps, pour une victoire finale (0-4).<\/p>\n<p>Les hommes de Luciano Basile n&rsquo;ont pas pu rivaliser. Et face \u00e0 cette crise, l&rsquo;entra\u00eeneur semble d\u00e9pit\u00e9 : \u00ab\u00a0M\u00eame \u00e0 Rouen avec 6 ou 7 bless\u00e9s, on a exist\u00e9 plus qu&rsquo;aujourd&rsquo;hui. Il n&rsquo;y a rien \u00e0 dire. On a \u00e9t\u00e9 battu dans tous les compartiments de jeu\u00a0\u00bb, d\u00e9clarait-il \u00e0 l&rsquo;issue de la rencontre.<\/p>\n<p>A force de jouer avec le feu, les Rapaces restent englu\u00e9s dans les derni\u00e8res places du championnat. Un constat partag\u00e9 avec les Diables Rouges de Brian\u00e7on, que Gap recevra d&rsquo;ailleurs vendredi prochain pour un derby des mal-class\u00e9s.<\/p>\n","protected":false},"excerpt":{"rendered":"Contre Bordeaux, les Rapaces de Gap coulent encore (0-4) &#8211; DR La tendance n\u00e9gative n&rsquo;a pas \u00e9t\u00e9 renvers\u00e9e&hellip;\n","protected":false},"author":2,"featured_media":535428,"comment_status":"","ping_status":"","sticky":false,"template":"","format":"standard","meta":{"footnotes":""},"categories":[2817],"tags":[1111,11,7733,8279,1997,7736,650,7734,2889,2263,1777,674,1011,27,1085,8280,6417,1114,4662,12,2219,3725,1825,25,7053,7737],"class_list":{"0":"post-535427","1":"post","2":"type-post","3":"status-publish","4":"format-standard","5":"has-post-thumbnail","7":"category-bordeaux","8":"tag-actu","9":"tag-actualites","10":"tag-alpes","11":"tag-alpes1","12":"tag-bordeaux","13":"tag-cds","14":"tag-cinema","15":"tag-ecoute","16":"tag-emission","17":"tag-equipe","18":"tag-eu","19":"tag-europe","20":"tag-fr","21":"tag-france","22":"tag-gap","23":"tag-haute","24":"tag-information","25":"tag-infos","26":"tag-journal","27":"tag-news","28":"tag-nouvelle-aquitaine","29":"tag-podcast","30":"tag-radio","31":"tag-republique-francaise","32":"tag-sud","33":"tag-winamp"},"share_on_mastodon":{"url":"https:\/\/pubeurope.com\/@fr\/115552400870595493","error":""},"_links":{"self":[{"href":"https:\/\/www.europesays.com\/fr\/wp-json\/wp\/v2\/posts\/535427","targetHints":{"allow":["GET"]}}],"collection":[{"href":"https:\/\/www.europesays.com\/fr\/wp-json\/wp\/v2\/posts"}],"about":[{"href":"https:\/\/www.europesays.com\/fr\/wp-json\/wp\/v2\/types\/post"}],"author":[{"embeddable":true,"href":"https:\/\/www.europesays.com\/fr\/wp-json\/wp\/v2\/users\/2"}],"replies":[{"embeddable":true,"href":"https:\/\/www.europesays.com\/fr\/wp-json\/wp\/v2\/comments?post=535427"}],"version-history":[{"count":0,"href":"https:\/\/www.europesays.com\/fr\/wp-json\/wp\/v2\/posts\/535427\/revisions"}],"wp:featuredmedia":[{"embeddable":true,"href":"https:\/\/www.europesays.com\/fr\/wp-json\/wp\/v2\/media\/535428"}],"wp:attachment":[{"href":"https:\/\/www.europesays.com\/fr\/wp-json\/wp\/v2\/media?parent=535427"}],"wp:term":[{"taxonomy":"category","embeddable":true,"href":"https:\/\/www.europesays.com\/fr\/wp-json\/wp\/v2\/categories?post=535427"},{"taxonomy":"post_tag","embeddable":true,"href":"https:\/\/www.europesays.com\/fr\/wp-json\/wp\/v2\/tags?post=535427"}],"curies":[{"name":"wp","href":"https:\/\/api.w.org\/{rel}","templated":true}]}}