{"id":535437,"date":"2025-11-15T07:00:10","date_gmt":"2025-11-15T07:00:10","guid":{"rendered":"https:\/\/www.europesays.com\/fr\/535437\/"},"modified":"2025-11-15T07:00:10","modified_gmt":"2025-11-15T07:00:10","slug":"une-jolie-somme-versee-pour-la-basilique","status":"publish","type":"post","link":"https:\/\/www.europesays.com\/fr\/535437\/","title":{"rendered":"une jolie somme vers\u00e9e pour la basilique"},"content":{"rendered":"<p>                    Par<br \/>\n        <strong><br \/>\n            <a href=\"https:\/\/actu.fr\/auteur\/ludivine-caporal\" title=\"Consulter tous les articles de Ludivine Caporal\" rel=\"nofollow noopener\" target=\"_blank\">Ludivine Caporal<\/a><br \/>\n                    <\/strong><\/p>\n<p>        Publi\u00e9 le<\/p>\n<p>            15 nov. 2025 \u00e0 7h28        <\/p>\n<p>De nouveaux financements pour permettre de nouveaux am\u00e9nagements.<\/p>\n<p class=\" wall-content\">Lors de sa derni\u00e8re commission permanente, la M\u00e9tropole de <a href=\"https:\/\/actu.fr\/auvergne-rhone-alpes\/lyon_69123\" rel=\"nofollow noopener\" target=\"_blank\">Lyon<\/a> a accord\u00e9 une subvention de <strong>65 300 \u20ac<\/strong> \u00e0 la Fondation Fourvi\u00e8re, destin\u00e9e \u00e0 \u00ab\u00a0am\u00e9liorer l\u2019accessibilit\u00e9 aux personnes \u00e0 mobilit\u00e9 r\u00e9duite\u00a0\u00bb et \u00e0 doter le site de <a href=\"https:\/\/actu.fr\/auvergne-rhone-alpes\/lyon_69123\/lyon-pourquoi-la-basilique-de-fourviere-est-recompensee-par-le-guide-michelin_60791396.html\" rel=\"nofollow noopener\" target=\"_blank\">la basilique<\/a> d\u2019un \u00ab\u00a0outil de comptage\u00a0\u00bb.\u00a0<\/p>\n<p class=\" wall-content\">Une aide plus que bienvenue lorsqu\u2019on sait que l\u2019organisme priv\u00e9 en charge du c\u00e9l\u00e8bre lieu touristique ne vit, en grande partie, qu\u2019avec des dons et du m\u00e9c\u00e9nat.<\/p>\n<p>\u00ab\u00a0Accompagner la Fondation\u00a0\u00bb<\/p>\n<p class=\" wall-content\">\u00ab\u00a0Le site fait face \u00e0 des d\u00e9fis d\u2019accessibilit\u00e9. Soucieuse d\u2019am\u00e9liorer les conditions d\u2019accueil des visiteurs, la M\u00e9tropole de Lyon a approuv\u00e9 (\u2026) l\u2019octroi d\u2019une subvention destin\u00e9e \u00e0 accompagner la Fondation dans la r\u00e9alisation de nouveaux am\u00e9nagements\u00a0\u00bb, \u00e9crit la collectivit\u00e9 dans un communiqu\u00e9 officiel.\u00a0<\/p>\n<p class=\" wall-content\">Rien \u00e0 voir, donc, avec le projet de r\u00e9novation des tours de la basilique, qui avait fait l\u2019objet d\u2019un <a href=\"https:\/\/actu.fr\/auvergne-rhone-alpes\/lyon_69123\/lyon-la-basilique-de-fourviere-en-passe-d-etre-sauvee-un-formidable-elan-de-solidarite_62266475.html\" rel=\"nofollow noopener\" target=\"_blank\">appel aux dons et r\u00e9colt\u00e9 2 millions d\u2019euros<\/a> au d\u00e9but de l\u2019ann\u00e9e 2025.<\/p>\n<p>R\u00e9novation de l\u2019ascenseur\u00a0<\/p>\n<p class=\" wall-content\">Cet argent servira, lui, \u00e0 r\u00e9nover l\u2019ascenseur de la basilique, \u00ab\u00a0seul moyen d\u2019acc\u00e8s pour les personnes \u00e0 mobilit\u00e9 r\u00e9duite ou avec poussettes\u00a0\u00bb. \u00ab\u00a0Un monte-escaliers de grande capacit\u00e9 sera install\u00e9 pendant la dur\u00e9e des travaux afin de maintenir l\u2019accessibilit\u00e9 du site\u00a0\u00bb, est-il pr\u00e9cis\u00e9.\u00a0<\/p>\n<p class=\" wall-content\">Une solution de comptage des visiteurs <strong>en temps r\u00e9el<\/strong> va \u00e9galement \u00eatre mis en place afin de \u00ab\u00a0veiller au respect de la capacit\u00e9 d\u2019accueil du site de Fourvi\u00e8re et de d\u00e9terminer les points d\u2019entr\u00e9e des visiteurs\u00a0\u00bb. \u00ab\u00a0Cet outil permettra de mener une d\u00e9marche d\u2019observation de la fr\u00e9quentation du site et d\u2019avoir une meilleure compr\u00e9hension du parcours des visiteurs\u00a0\u00bb, selon la M\u00e9tropole de Lyon.\u00a0<\/p>\n<p>Votre r\u00e9gion, votre actu !<\/p>\n<p>Recevez chaque jour les infos qui comptent pour vous.<\/p>\n<p>\t<a href=\"https:\/\/actu.fr\/newsletter\" class=\"ac-btn ac-btn--corner ac-btn--medium ac-btn--blue800\" rel=\"nofollow noopener\" target=\"_blank\">S&rsquo;incrire<\/a><\/p>\n<p class=\" wall-content\">Les travaux de r\u00e9novation de l\u2019ascenseur et l\u2019installation des compteurs sont pr\u00e9vus pour le <strong>1er semestre 2026.\u00a0<\/strong><\/p>\n<p class=\" wall-content\">Personnalisez votre actualit\u00e9 en ajoutant vos villes et m\u00e9dias en favori avec <a href=\"https:\/\/moncompte.actu.fr\" title=\"D\u00e9couvez Mon Actu\" rel=\"nofollow noopener\" data-trk=\"{&quot;cta&quot;:{&quot;action&quot;:&quot;https:\\\/\\\/moncompte.actu.fr&quot;,&quot;category&quot;:&quot;mon compte&quot;,&quot;from&quot;:&quot;article footer&quot;,&quot;name&quot;:&quot;Mon actu&quot;,&quot;type&quot;:&quot;cta&quot;}}\" target=\"_blank\">Mon Actu<\/a>.<\/p>\n","protected":false},"excerpt":{"rendered":"Par Ludivine Caporal Publi\u00e9 le 15 nov. 2025 \u00e0 7h28 De nouveaux financements pour permettre de nouveaux am\u00e9nagements.&hellip;\n","protected":false},"author":2,"featured_media":535438,"comment_status":"","ping_status":"","sticky":false,"template":"","format":"standard","meta":{"footnotes":""},"categories":[1889],"tags":[1111,11,2430,1777,674,5293,1011,27,2808,2428,12,25,104],"class_list":{"0":"post-535437","1":"post","2":"type-post","3":"status-publish","4":"format-standard","5":"has-post-thumbnail","7":"category-lyon","8":"tag-actu","9":"tag-actualites","10":"tag-auvergne-rhone-alpes","11":"tag-eu","12":"tag-europe","13":"tag-fourviere","14":"tag-fr","15":"tag-france","16":"tag-grand-lyon","17":"tag-lyon","18":"tag-news","19":"tag-republique-francaise","20":"tag-societe"},"share_on_mastodon":{"url":"https:\/\/pubeurope.com\/@fr\/115552428024930712","error":""},"_links":{"self":[{"href":"https:\/\/www.europesays.com\/fr\/wp-json\/wp\/v2\/posts\/535437","targetHints":{"allow":["GET"]}}],"collection":[{"href":"https:\/\/www.europesays.com\/fr\/wp-json\/wp\/v2\/posts"}],"about":[{"href":"https:\/\/www.europesays.com\/fr\/wp-json\/wp\/v2\/types\/post"}],"author":[{"embeddable":true,"href":"https:\/\/www.europesays.com\/fr\/wp-json\/wp\/v2\/users\/2"}],"replies":[{"embeddable":true,"href":"https:\/\/www.europesays.com\/fr\/wp-json\/wp\/v2\/comments?post=535437"}],"version-history":[{"count":0,"href":"https:\/\/www.europesays.com\/fr\/wp-json\/wp\/v2\/posts\/535437\/revisions"}],"wp:featuredmedia":[{"embeddable":true,"href":"https:\/\/www.europesays.com\/fr\/wp-json\/wp\/v2\/media\/535438"}],"wp:attachment":[{"href":"https:\/\/www.europesays.com\/fr\/wp-json\/wp\/v2\/media?parent=535437"}],"wp:term":[{"taxonomy":"category","embeddable":true,"href":"https:\/\/www.europesays.com\/fr\/wp-json\/wp\/v2\/categories?post=535437"},{"taxonomy":"post_tag","embeddable":true,"href":"https:\/\/www.europesays.com\/fr\/wp-json\/wp\/v2\/tags?post=535437"}],"curies":[{"name":"wp","href":"https:\/\/api.w.org\/{rel}","templated":true}]}}