{"id":535439,"date":"2025-11-15T07:01:13","date_gmt":"2025-11-15T07:01:13","guid":{"rendered":"https:\/\/www.europesays.com\/fr\/535439\/"},"modified":"2025-11-15T07:01:13","modified_gmt":"2025-11-15T07:01:13","slug":"metropole-de-lyon-quatre-lignes-de-tramway-partiellement-ou-totalement-a-larret-ce-samedi-matin","status":"publish","type":"post","link":"https:\/\/www.europesays.com\/fr\/535439\/","title":{"rendered":"M\u00e9tropole de Lyon. Quatre lignes de tramway partiellement ou totalement \u00e0 l&rsquo;arr\u00eat ce samedi matin"},"content":{"rendered":"<p>En ce samedi matin pluvieux, les usagers des tramways lyonnais ont \u00e9t\u00e9 bien embarrass\u00e9s. Ni le T1, le T2 ou le T5 roulaient compl\u00e8tement. Le T6 est, lui, compl\u00e8tement \u00e0 l&rsquo;arr\u00eat. En cause, dans les quatre cas, \u00ab\u00a0un obstacle pr\u00e9sent sur les voies\u00a0\u00bb.<\/p>\n<p>Des lignes partielles<\/p>\n<p>La ligne T1 circule seulement entre Perrache et Thier-Lafayettes dans les deux sens de circulation. Des bus relais desservent les stations de Debourg \u00e0 Quai Claude Bernard.<\/p>\n<p>La ligne T2 ne circule que de Saint-Priest Bel Air \u00e0 Bron H\u00f4tel de Ville. Des bus relais doivent desservir l&rsquo;H\u00f4tel de Ville de Bron \u00e0 H\u00f4tel de r\u00e9gion Montrochet.<\/p>\n<p>La ligne T5 circule uniquement d&rsquo;Eurexpo Entr\u00e9e Principale \u00e0 Bron H\u00f4tel de Ville. Des bus relais ont \u00e9t\u00e9 mis en place d&rsquo;H\u00f4tel de Ville de Bron \u00e0 Grange Blanche.<\/p>\n<p>La ligne T6 est, quant \u00e0 elle, \u00e0 l&rsquo;arr\u00eat total. Des bus relais desserviront Debourg \u00e0 H\u00f4pitaux Est Pinel.<\/p>\n<p>Le trafic reste irr\u00e9gulier mais les lignes T1, T2, T5 et T6 reprennent progressivement.\u00a0<\/p>\n<p>Ce contenu est bloqu\u00e9 car vous n&rsquo;avez pas accept\u00e9 les cookies et autres traceurs.<\/p>\n<p>En cliquant sur \u00ab J\u2019accepte \u00bb, les cookies et autres traceurs seront d\u00e9pos\u00e9s et vous pourrez visualiser les contenus  (<a href=\"\" class=\"consentModule_policy\" target=\"_blank\" title=\"Consulter la politique de protection des donn\u00e9es du fournisseur\">plus d&rsquo;informations<\/a>).<\/p>\n<p>En cliquant sur \u00ab J\u2019accepte tous les cookies \u00bb, vous autorisez des d\u00e9p\u00f4ts de cookies et autres traceurs pour le stockage de vos donn\u00e9es sur nos sites et applications \u00e0 des fins de personnalisation et de ciblage publicitaire.<\/p>\n<p class=\"consentModule_secondaryText\">Vous gardez la possibilit\u00e9 de retirer votre consentement \u00e0 tout moment en consultant notre <a href=\"https:\/\/www.leprogres.fr\/protection-des-donnees\" target=\"_blank\" title=\"Consulter notre politique de protection des donn\u00e9es\" rel=\"noopener\">politique de protection des donn\u00e9es<\/a>. <br \/>&#13;<br \/>\n            <a href=\"https:\/\/www.leprogres.fr\/transport\/2025\/11\/15\/javascript:Didomi.notice.show()\" class=\"consentModule_cmp\" target=\"_blank\" rel=\"noopener\">G\u00e9rer mes choix<\/a>&#13;\n        <\/p>\n<p>&#13;<br \/>\n                        J&rsquo;accepte&#13;<br \/>\n            J&rsquo;accepte tous les cookies&#13;\n        <\/p>\n<p>Pour l&rsquo;instant, aucune information compl\u00e9mentaire a permis d&rsquo;expliquer ces interruptions partielles de lignes.<\/p>\n","protected":false},"excerpt":{"rendered":"En ce samedi matin pluvieux, les usagers des tramways lyonnais ont \u00e9t\u00e9 bien embarrass\u00e9s. Ni le T1, le&hellip;\n","protected":false},"author":2,"featured_media":535440,"comment_status":"","ping_status":"","sticky":false,"template":"","format":"standard","meta":{"footnotes":""},"categories":[1889],"tags":[1111,11,2430,9492,35980,3152,2757,1777,674,107,1011,27,2428,8423,12,25,2429,4605,104,2803],"class_list":{"0":"post-535439","1":"post","2":"type-post","3":"status-publish","4":"format-standard","5":"has-post-thumbnail","7":"category-lyon","8":"tag-actu","9":"tag-actualites","10":"tag-auvergne-rhone-alpes","11":"tag-bron","12":"tag-chassieu","13":"tag-edition-est-lyonnais","14":"tag-edition-lyon-villeurbanne","15":"tag-eu","16":"tag-europe","17":"tag-fil-info","18":"tag-fr","19":"tag-france","20":"tag-lyon","21":"tag-meteorologie-climat","22":"tag-news","23":"tag-republique-francaise","24":"tag-rhone","25":"tag-saint-priest","26":"tag-societe","27":"tag-transport"},"share_on_mastodon":{"url":"https:\/\/pubeurope.com\/@fr\/115552431862659021","error":""},"_links":{"self":[{"href":"https:\/\/www.europesays.com\/fr\/wp-json\/wp\/v2\/posts\/535439","targetHints":{"allow":["GET"]}}],"collection":[{"href":"https:\/\/www.europesays.com\/fr\/wp-json\/wp\/v2\/posts"}],"about":[{"href":"https:\/\/www.europesays.com\/fr\/wp-json\/wp\/v2\/types\/post"}],"author":[{"embeddable":true,"href":"https:\/\/www.europesays.com\/fr\/wp-json\/wp\/v2\/users\/2"}],"replies":[{"embeddable":true,"href":"https:\/\/www.europesays.com\/fr\/wp-json\/wp\/v2\/comments?post=535439"}],"version-history":[{"count":0,"href":"https:\/\/www.europesays.com\/fr\/wp-json\/wp\/v2\/posts\/535439\/revisions"}],"wp:featuredmedia":[{"embeddable":true,"href":"https:\/\/www.europesays.com\/fr\/wp-json\/wp\/v2\/media\/535440"}],"wp:attachment":[{"href":"https:\/\/www.europesays.com\/fr\/wp-json\/wp\/v2\/media?parent=535439"}],"wp:term":[{"taxonomy":"category","embeddable":true,"href":"https:\/\/www.europesays.com\/fr\/wp-json\/wp\/v2\/categories?post=535439"},{"taxonomy":"post_tag","embeddable":true,"href":"https:\/\/www.europesays.com\/fr\/wp-json\/wp\/v2\/tags?post=535439"}],"curies":[{"name":"wp","href":"https:\/\/api.w.org\/{rel}","templated":true}]}}