{"id":535443,"date":"2025-11-15T07:04:13","date_gmt":"2025-11-15T07:04:13","guid":{"rendered":"https:\/\/www.europesays.com\/fr\/535443\/"},"modified":"2025-11-15T07:04:13","modified_gmt":"2025-11-15T07:04:13","slug":"une-patinoire-geante-ouvre-ses-portes-a-paris-pendant-plus-dun-mois","status":"publish","type":"post","link":"https:\/\/www.europesays.com\/fr\/535443\/","title":{"rendered":"une patinoire g\u00e9ante ouvre ses portes \u00e0 Paris pendant plus d&rsquo;un mois"},"content":{"rendered":"<p>                    Par<br \/>\n        <strong><br \/>\n            <a href=\"https:\/\/actu.fr\/auteur\/redaction-paris\" title=\"Consulter tous les articles de R\u00e9daction Paris\" rel=\"nofollow noopener\" target=\"_blank\">R\u00e9daction Paris<\/a><br \/>\n                    <\/strong><\/p>\n<p>        Publi\u00e9 le<\/p>\n<p>            15 nov. 2025 \u00e0 7h36        <\/p>\n<p>Patinoire g\u00e9ante, ambiance de <a href=\"https:\/\/actu.fr\/tag\/noel\" rel=\"nofollow noopener\" target=\"_blank\">No\u00ebl<\/a>, gourmandises d\u2019hiver et soir\u00e9es DJ : \u201cPatins en Folie\u201d revient \u00e0 Paris du 22 novembre 2025 au 4 janvier 2026 pour une nouvelle saison XXL. Au c\u0153ur du <strong>parc Andr\u00e9-Citro\u00ebn<\/strong> (15\u1d49 arrondissement), la <strong>plus grande patinoire en plein air<\/strong> de la capitale promet une exp\u00e9rience f\u00e9\u00e9rique m\u00ealant glisse, lumi\u00e8re, musique et douceurs hivernales.<\/p>\n<p>Un espace enfants de 100 m\u00b2<\/p>\n<p class=\" wall-content\">Sous la c\u00e9l\u00e8bre montgolfi\u00e8re du parc, 600 m\u00b2 de glace v\u00e9ritable accueilleront familles, couples et bandes d\u2019amis venus profiter des plaisirs de l\u2019hiver sans quitter Paris. Et cette ann\u00e9e, l\u2019\u00e9v\u00e9nement voit encore plus grand : un espace enfants de 100 m\u00b2, un village gourmand avec cr\u00eapes, gaufres, churros, bar \u00e0 frites et m\u00eame un coin raclette pour se r\u00e9chauffer entre deux pirouettes.<\/p>\n<p class=\" wall-content\">\u00ab Nous voulions offrir une \u00e9dition encore plus g\u00e9n\u00e9reuse et immersive \u00bb, explique Alexandre Chouraqui, fondateur de \u201cPatins en Folie\u201d, dans un communiqu\u00e9. C\u2019est bien plus qu\u2019une patinoire : une bulle de bonheur hivernale au c\u0153ur de la ville. \u00bb<\/p>\n<p class=\" wall-content\">Entre guirlandes scintillantes, jeux de lumi\u00e8re et musique disco de No\u00ebl, le site promet des soir\u00e9es rythm\u00e9es jusqu\u2019\u00e0 minuit certains soirs. Les enfants profiteront d\u2019un espace s\u00e9curis\u00e9 encadr\u00e9 par des professionnels, pendant que les adultes s\u2019\u00e9lanceront sur la glace au son des platines des DJ sets. Le tout sous les yeux des visiteurs observant depuis la montgolfi\u00e8re illumin\u00e9e, qui s\u2019\u00e9l\u00e8vera chaque jour au-dessus du parc.<\/p>\n<p>Parc Andr\u00e9 Citro\u00ebn, Paris 15\u1d49. \u00a0Du 22 novembre 2025 au 4 janvier 2026. www.patinsenfolie.com. Tarifs : \u00e0 partir de 10 euros (patins inclus)<\/p>\n<p class=\" wall-content\">Personnalisez votre actualit\u00e9 en ajoutant vos villes et m\u00e9dias en favori avec <a href=\"https:\/\/moncompte.actu.fr\" title=\"D\u00e9couvez Mon Actu\" rel=\"nofollow noopener\" data-trk=\"{&quot;cta&quot;:{&quot;action&quot;:&quot;https:\\\/\\\/moncompte.actu.fr&quot;,&quot;category&quot;:&quot;mon compte&quot;,&quot;from&quot;:&quot;article footer&quot;,&quot;name&quot;:&quot;Mon actu&quot;,&quot;type&quot;:&quot;cta&quot;}}\" target=\"_blank\">Mon Actu<\/a>.<\/p>\n","protected":false},"excerpt":{"rendered":"Par R\u00e9daction Paris Publi\u00e9 le 15 nov. 2025 \u00e0 7h36 Patinoire g\u00e9ante, ambiance de No\u00ebl, gourmandises d\u2019hiver et&hellip;\n","protected":false},"author":2,"featured_media":535444,"comment_status":"","ping_status":"","sticky":false,"template":"","format":"standard","meta":{"footnotes":""},"categories":[1888],"tags":[1111,1928,11,1927,1777,674,1011,27,1652,12,1926,15830,626,1925,25],"class_list":{"0":"post-535443","1":"post","2":"type-post","3":"status-publish","4":"format-standard","5":"has-post-thumbnail","7":"category-paris","8":"tag-actu","9":"tag-actu-paris","10":"tag-actualites","11":"tag-actualites-paris","12":"tag-eu","13":"tag-europe","14":"tag-fr","15":"tag-france","16":"tag-loisirs-culture","17":"tag-news","18":"tag-news-paris","19":"tag-noel","20":"tag-paris","21":"tag-paris-news","22":"tag-republique-francaise"},"share_on_mastodon":{"url":"https:\/\/pubeurope.com\/@fr\/115552444256823646","error":""},"_links":{"self":[{"href":"https:\/\/www.europesays.com\/fr\/wp-json\/wp\/v2\/posts\/535443","targetHints":{"allow":["GET"]}}],"collection":[{"href":"https:\/\/www.europesays.com\/fr\/wp-json\/wp\/v2\/posts"}],"about":[{"href":"https:\/\/www.europesays.com\/fr\/wp-json\/wp\/v2\/types\/post"}],"author":[{"embeddable":true,"href":"https:\/\/www.europesays.com\/fr\/wp-json\/wp\/v2\/users\/2"}],"replies":[{"embeddable":true,"href":"https:\/\/www.europesays.com\/fr\/wp-json\/wp\/v2\/comments?post=535443"}],"version-history":[{"count":0,"href":"https:\/\/www.europesays.com\/fr\/wp-json\/wp\/v2\/posts\/535443\/revisions"}],"wp:featuredmedia":[{"embeddable":true,"href":"https:\/\/www.europesays.com\/fr\/wp-json\/wp\/v2\/media\/535444"}],"wp:attachment":[{"href":"https:\/\/www.europesays.com\/fr\/wp-json\/wp\/v2\/media?parent=535443"}],"wp:term":[{"taxonomy":"category","embeddable":true,"href":"https:\/\/www.europesays.com\/fr\/wp-json\/wp\/v2\/categories?post=535443"},{"taxonomy":"post_tag","embeddable":true,"href":"https:\/\/www.europesays.com\/fr\/wp-json\/wp\/v2\/tags?post=535443"}],"curies":[{"name":"wp","href":"https:\/\/api.w.org\/{rel}","templated":true}]}}