{"id":535455,"date":"2025-11-15T07:10:17","date_gmt":"2025-11-15T07:10:17","guid":{"rendered":"https:\/\/www.europesays.com\/fr\/535455\/"},"modified":"2025-11-15T07:10:17","modified_gmt":"2025-11-15T07:10:17","slug":"la-presse-romande-souligne-le-cout-eleve-du-deal-sur-les-droits-de-douane-americains","status":"publish","type":"post","link":"https:\/\/www.europesays.com\/fr\/535455\/","title":{"rendered":"La presse romande souligne le co\u00fbt \u00e9lev\u00e9 du deal sur les droits de douane am\u00e9ricains"},"content":{"rendered":"<p>La presse romande pousse un \u00ab\u00a0ouf\u00a0\u00bb de soulagement samedi au lendemain de l&rsquo;annonce d&rsquo;un accord entre la Suisse et les Etats-Unis, r\u00e9duisant les droits de douane am\u00e9ricains de 39% \u00e0 15%. Mais elle pointe du doigt le prix \u00e9lev\u00e9 \u00e0 payer pour l&rsquo;obtenir.<\/p>\n<p>\u00ab\u00a0Merci pr\u00e9sident Trump\u00a0\u00bb, saluent <a href=\"https:\/\/www.24heures.ch\/notre-editorial-taxes-douanieres-merci-president-trump-911665817912\" class=\"inline-link\" data-item-id=\"richtext_link\" target=\"_blank\" rel=\"noopener\">24 Heures<\/a> et la <a href=\"https:\/\/www.tdg.ch\/notre-editorial-taxes-douanieres-merci-president-trump-911665817912\" class=\"inline-link\" data-item-id=\"richtext_link\" target=\"_blank\" rel=\"noopener\">Tribune de Gen\u00e8ve<\/a>, reprenant le message du Conseil f\u00e9d\u00e9ral post\u00e9 sur le r\u00e9seau social X apr\u00e8s l&rsquo;annonce de l&rsquo;accord. \u00ab\u00a0Notre pays peut enfin se r\u00e9jouir de n&rsquo;\u00eatre &lsquo;plus que&rsquo; tax\u00e9 \u00e0 15%, au prix de lourdes concessions \u00e9conomiques, tout comme nos voisins europ\u00e9ens\u00a0\u00bb, rel\u00e8vent-ils.<\/p>\n<p>Mais ce merci \u00ab\u00a0sonne comme l&rsquo;ultime courbette. Elle confirme ce que le monde entier sait d\u00e9j\u00e0 et que la Suisse a tard\u00e9 \u00e0 comprendre: Donald Trump fixe les r\u00e8gles\u00a0\u00bb, ajoutent les journaux, qui pointent \u00ab\u00a0les longs errements diplomatiques de notre Conseil f\u00e9d\u00e9ral\u00a0\u00bb, qui \u00ab\u00a0aura mis du temps \u00e0 se mettre \u00e0 la page et \u00e0 d\u00e9crypter la boussole du pr\u00e9sident am\u00e9ricain, sa politique erratique et brutale\u00a0\u00bb.<\/p>\n<p><strong class=\"inline-title\">&gt;&gt; A consulter \u00e9galement\u00a0: <\/strong><a href=\"https:\/\/www.rts.ch\/info\/suisse\/2025\/minute-par-minute\/29057977.html\" data-item-id=\"richtext_link\" target=\"_blank\" rel=\"noopener\">Les partis se montrent divis\u00e9s sur les taxes am\u00e9ricaines fix\u00e9es \u00e0 15%<\/a><\/p>\n<p>Une victoire \u00e0 la Pyrrhus<\/p>\n<p>M\u00eame son de cloche du c\u00f4t\u00e9 du <a href=\"https:\/\/www.letemps.ch\/suisse\/un-accord-du-soulagement-et-des-questions\" class=\"inline-link\" title=\"Un accord, du soulagement et des questions - Le Temps\" data-item-id=\"richtext_link\" target=\"_blank\" rel=\"noopener\">Temps<\/a>, pour qui, \u00ab\u00a0il faut savoir se r\u00e9jouir. Parce qu&rsquo;en cette fin 2025, les nouvelles sont mauvaises d&rsquo;o\u00f9 qu&rsquo;elles viennent\u00a0\u00bb. L&rsquo;accord douanier avec les Etats-Unis, poursuit le quotidien l\u00e9manique, permet aux entreprises suisses de lutter \u00e0 armes \u00e9gales avec les voisins europ\u00e9ens et montre que la Suisse a su r\u00e9agir gr\u00e2ce \u00e0 la \u00ab\u00a0mobilisation rapide et efficace\u00a0\u00bb de chefs d&rsquo;entreprises. Mais, ajoute-t-il, il est loin d&rsquo;\u00eatre parfait et n&rsquo;effacera pas \u00ab\u00a0l&rsquo;humiliation du mois d&rsquo;ao\u00fbt\u00a0\u00bb, lorsque Washington a impos\u00e9 39% \u00e0 la Suisse.<\/p>\n<p><strong class=\"inline-title\">&gt;&gt; Lire \u00e9galement\u00a0: <\/strong><a href=\"https:\/\/www.rts.ch\/info\/suisse\/2025\/article\/accord-suisse-usa-parmelin-explique-la-baisse-des-droits-de-douane-a-15-29059303.html\" data-item-id=\"richtext_link\" target=\"_blank\" rel=\"noopener\">Guy Parmelin: \u00ab\u00a0C&rsquo;est tr\u00e8s bien que l&rsquo;\u00e9conomie et la politique travaillent ensemble\u00a0\u00bb<\/a><\/p>\n<p>Et si \u00ab\u00a0l&rsquo;affront\u00a0\u00bb d&rsquo;ao\u00fbt \u00ab\u00a0est r\u00e9par\u00e9\u00a0\u00bb, il s&rsquo;agit d&rsquo;une \u00ab\u00a0victoire \u00e0 la Pyrrhus\u00a0\u00bb, remarque <a href=\"https:\/\/www.laliberte.ch\/articles\/opinions\/editos\/la-suisse-obtient-une-nbsp-victoire-a-la-pyrrhus-1244157\" class=\"inline-link\" title=\"https:\/\/www.laliberte.ch\/articles\/opinions\/editos\/la-suisse-obtient-une-nbsp-victoire-a-la-pyrrhus-1244157\" data-item-id=\"richtext_link\" target=\"_blank\" rel=\"noopener\">La Libert\u00e9<\/a>. \u00ab\u00a0Depuis le d\u00e9but, la Conf\u00e9d\u00e9ration se fait humilier par le locataire de la Maison-Blanche. S\u00fbr de sa force, celui-ci a men\u00e9 en bateau le Conseil f\u00e9d\u00e9ral, qui n&rsquo;a n\u00e9anmoins pas eu d&rsquo;autres options que de revenir s&rsquo;asseoir \u00e0 la table des n\u00e9gociations, subissant tourments et moqueries\u00a0\u00bb.<\/p>\n<p>R\u00e9sultat: la Suisse a d\u00fb \u00ab\u00a0courber l&rsquo;\u00e9chine devant le juge \u00e9tranger\u00a0\u00bb Trump, qui l&rsquo;oblige \u00e0 investir 200 milliards de dollars aux Etats-Unis d&rsquo;ici \u00e0 2028, \u00ab\u00a0ce qui va forc\u00e9ment impliquer des transferts d&#8217;emplois outre-Atlantique\u00a0\u00bb, et \u00e0 accepter \u00ab\u00a0l&rsquo;importation de denr\u00e9es agricoles controvers\u00e9es, comme la viande bovine aux hormones ou de poulets chlor\u00e9s\u00a0\u00bb, dont la production est interdite en Suisse, note le journal fribourgeois.<\/p>\n<p> &gt;&gt; Revoir le sujet du 19h30 sur l&rsquo;annonce d&rsquo;un accord avec les Etats-Unis\u00a0:   <img decoding=\"async\" class=\"embed-responsive-item\" loading=\"lazy\" src=\"https:\/\/www.europesays.com\/fr\/wp-content\/uploads\/2025\/11\/plooag-29059376.image\" alt=\"La Suisse a n\u00e9goci\u00e9 des droits de douane am\u00e9ricains \u00e0 15%\"\/>    La Suisse a n\u00e9goci\u00e9 des droits de douane am\u00e9ricains \u00e0 15% \/ 19h30 \/ 2 min. \/ hier \u00e0 19:30 Le franc fort en obstacle<\/p>\n<p>Refaisant les calculs, <a href=\"https:\/\/www.arcinfo.ch\/suisse\/droits-de-douane-americains-a-15-un-deal-achete-par-berne-1475918\" class=\"inline-link\" data-item-id=\"richtext_link\" target=\"_blank\" rel=\"noopener\">ArcInfo<\/a> arrive, lui, \u00e0 des droits de douane non pas de 15%, mais de 27%. En effet, explique le journal, si \u00ab\u00a0la &lsquo;Team Switzerland&rsquo;, comme aime \u00e0 la nommer le conseiller f\u00e9d\u00e9ral Guy Parmelin, lorsqu&rsquo;il \u00e9voque le travail d&rsquo;\u00e9quipe fourni par les secteurs public et priv\u00e9, a remport\u00e9 une victoire\u00a0\u00bb avec des droits de douane \u00e0 15%, \u00ab\u00a0un autre obstacle est venu s&rsquo;\u00e9riger devant les exportateurs suisses aux Etats-Unis\u00a0\u00bb: le franc fort.<\/p>\n<p>Avec un cours actuel d&rsquo;un dollar am\u00e9ricain pour 0,80 franc, contre un dollar pour 0,90 en mars, \u00ab\u00a0un produit suisse est devenu, uniquement \u00e0 cause du taux de change, 12% plus cher aux Etats-Unis. En seulement huit mois\u00a0\u00bb, constate le quotidien neuch\u00e2telois.<\/p>\n<p> &gt;&gt; Revoir \u00e9galement le sujet de Forum\u00a0:   <img decoding=\"async\" class=\"embed-responsive-item\" loading=\"lazy\" src=\"https:\/\/www.europesays.com\/fr\/wp-content\/uploads\/2025\/11\/vkw0ul-29059341.image\" alt=\"Les droits de douane am\u00e9ricains passent de 39 \u00e0 15% pour la Suisse\"\/>    Les droits de douane am\u00e9ricains passent de 39% \u00e0 15% pour la Suisse \/ Forum \/ 2 min. \/ hier \u00e0 18:00 <\/p>\n<p class=\"sources\">ats\/ami<\/p>\n","protected":false},"excerpt":{"rendered":"La presse romande pousse un \u00ab\u00a0ouf\u00a0\u00bb de soulagement samedi au lendemain de l&rsquo;annonce d&rsquo;un accord entre la Suisse&hellip;\n","protected":false},"author":2,"featured_media":535456,"comment_status":"","ping_status":"","sticky":false,"template":"","format":"standard","meta":{"footnotes":""},"categories":[1589],"tags":[46825,11,3590,75,2092,33,6359,73,1866,4662,12,316,2543,3067,1864,1865,1863,308,1264],"class_list":{"0":"post-535455","1":"post","2":"type-post","3":"status-publish","4":"format-standard","5":"has-post-thumbnail","7":"category-etats-unis","8":"tag-accord-pacte-convention","9":"tag-actualites","10":"tag-cout","11":"tag-donald-trump","12":"tag-droit-de-douane","13":"tag-economie","14":"tag-economie-et-finances","15":"tag-etats-unis","16":"tag-etats-unis-damerique","17":"tag-journal","18":"tag-news","19":"tag-politique","20":"tag-relations-internationales","21":"tag-suisse","22":"tag-united-states","23":"tag-united-states-of-america","24":"tag-us","25":"tag-usa","26":"tag-victoire"},"share_on_mastodon":{"url":"https:\/\/pubeurope.com\/@fr\/115552467863525476","error":""},"_links":{"self":[{"href":"https:\/\/www.europesays.com\/fr\/wp-json\/wp\/v2\/posts\/535455","targetHints":{"allow":["GET"]}}],"collection":[{"href":"https:\/\/www.europesays.com\/fr\/wp-json\/wp\/v2\/posts"}],"about":[{"href":"https:\/\/www.europesays.com\/fr\/wp-json\/wp\/v2\/types\/post"}],"author":[{"embeddable":true,"href":"https:\/\/www.europesays.com\/fr\/wp-json\/wp\/v2\/users\/2"}],"replies":[{"embeddable":true,"href":"https:\/\/www.europesays.com\/fr\/wp-json\/wp\/v2\/comments?post=535455"}],"version-history":[{"count":0,"href":"https:\/\/www.europesays.com\/fr\/wp-json\/wp\/v2\/posts\/535455\/revisions"}],"wp:featuredmedia":[{"embeddable":true,"href":"https:\/\/www.europesays.com\/fr\/wp-json\/wp\/v2\/media\/535456"}],"wp:attachment":[{"href":"https:\/\/www.europesays.com\/fr\/wp-json\/wp\/v2\/media?parent=535455"}],"wp:term":[{"taxonomy":"category","embeddable":true,"href":"https:\/\/www.europesays.com\/fr\/wp-json\/wp\/v2\/categories?post=535455"},{"taxonomy":"post_tag","embeddable":true,"href":"https:\/\/www.europesays.com\/fr\/wp-json\/wp\/v2\/tags?post=535455"}],"curies":[{"name":"wp","href":"https:\/\/api.w.org\/{rel}","templated":true}]}}