{"id":535457,"date":"2025-11-15T07:11:12","date_gmt":"2025-11-15T07:11:12","guid":{"rendered":"https:\/\/www.europesays.com\/fr\/535457\/"},"modified":"2025-11-15T07:11:12","modified_gmt":"2025-11-15T07:11:12","slug":"au-royaume-uni-une-deferlante-punk-100-feminine","status":"publish","type":"post","link":"https:\/\/www.europesays.com\/fr\/535457\/","title":{"rendered":"Au Royaume-Uni, une d\u00e9ferlante punk 100 % f\u00e9minine"},"content":{"rendered":"\n<p>Demandez \u00e0 Cathy Loughead quelle est la chose la plus punk qu\u2019elle ait faite dans sa vie, et la r\u00e9ponse ne se fera pas attendre\u00a0: \u201cMonter sur sc\u00e8ne avec deux vert\u00e8bres cervicales cass\u00e9es. \u00c0 d\u00e9faut de pouvoir sauter partout, j\u2019avais d\u00e9cor\u00e9 ma minerve. \u00c7a a \u00e9t\u00e9 un super concert.\u201d<\/p>\n<p>Comme elle, elles sont de plus en plus nombreuses \u00e0 se r\u00e9approprier <a href=\"https:\/\/www.courrierinternational.com\/breve\/2005\/04\/21\/les-annees-1980-ont-sauve-le-punk\" target=\"_blank\" rel=\"noopener\">le mouvement punk<\/a>. Une sc\u00e8ne f\u00e9minine bouillonnante, que l\u2019on retrouve notamment dans la s\u00e9rie Riot Women, de Sally Wainwright [diffus\u00e9e par la BBC cet automne, encore in\u00e9dite en France], mais dont le succ\u00e8s s\u2019\u00e9tend d\u00e9j\u00e0 bien au-del\u00e0 du petit \u00e9cran.<\/p>\n<p>Cette \u00e9nergie est particuli\u00e8rement perceptible \u00e0 Leicester [dans le centre du Royaume-Uni], o\u00f9 Ruth Miller a allum\u00e9 la m\u00e8che en 2022, avec son projet Unglamorous Music [lanc\u00e9 pour aider les femmes \u00e0 monter sur sc\u00e8ne], devenu [apr\u00e8s sa mort, d\u2019un cancer] le Riotous Collective. Loughead \u00e9tait l\u00e0 d\u00e8s la premi\u00e8re heure.<\/p>\n<p> Une d\u00e9flagration d\u2019ampleur <\/p>\n<p>\u201cQuand nous nous sommes lanc\u00e9es, il n\u2019y avait pas un seul groupe de punk amateur 100\u00a0% f\u00e9minin dans le coin. \u00c0 peine un an plus tard, il y en avait sept. Aujourd\u2019hui il y en a vingt, et ce n\u2019est que le d\u00e9but, se f\u00e9licite la chanteuse. Il y a d\u00e9sormais des groupes Riotous un peu partout au Royaume-Uni et dans le monde entier, de la Finlande \u00e0 l\u2019Australie. <\/p>\n<p>  Offres sp\u00e9ciales  Pour lire la suite de cet article, abonnez-vous <\/p>\n<p class=\"paywall-text\">Acc\u00e9dez \u00e0\u00a0l\u2019int\u00e9gralit\u00e9 de\u00a0nos contenus sur le\u00a0site et\u00a0l\u2019application en\u00a0vous abonnant \u00e0\u00a0<strong>l\u2019offre sp\u00e9ciale.<\/strong><\/p>\n<p class=\"price\">D\u00e8s <strong>3,99\u00a0\u20ac<\/strong>\/mois<\/p>\n<p> Sans engagement \u2022 R\u00e9siliable en ligne                <\/p>\n<p class=\"article-authors\">                         <a href=\"https:\/\/www.courrierinternational.com\/auteur\/amelia-hill\" target=\"_blank\" rel=\"noopener\">Amelia Hill<\/a>    <\/p>\n<p class=\"article-vo\"><a href=\"https:\/\/www.theguardian.com\/music\/2025\/oct\/10\/we-were-the-original-punks-the-rebel-women-revitalising-local-music-scenes\" rel=\"noopener\" target=\"_blank\">Lire l\u2019article original<\/a><\/p>\n<p>Source de l\u2019article<\/p>\n<p>   <img decoding=\"async\" class=\"source-logo\" src=\"https:\/\/www.europesays.com\/fr\/wp-content\/uploads\/2025\/05\/0f62b92_1643653451193-the-guardian-logo-0.jpg\"  alt=\"Logo\" loading=\"lazy\" width=\"32\" height=\"32\"\/>  The Guardian  (Londres)       <\/p>\n<p>L\u2019ind\u00e9pendance et la qualit\u00e9 caract\u00e9risent ce titre n\u00e9 en 1821, qui compte dans ses rangs certains des chroniqueurs les plus respect\u00e9s du pays.\u00a0De centre gauche, proeurop\u00e9en, The Guardian est le journal de r\u00e9f\u00e9rence de l\u2019intelligentsia, des enseignants et des syndicalistes.<\/p>\n<p>Contrairement aux autres quotidiens de r\u00e9f\u00e9rence britanniques, le journal a fait le choix d\u2019un site en acc\u00e8s libre.\u00a0Il est pass\u00e9 au format tablo\u00efd en 2018. Cette d\u00e9cision s\u2019inscrivait dans une logique de r\u00e9duction des co\u00fbts, alors que The Guardian perdait de l\u2019argent sans discontinuer depuis vingt ans. Une strat\u00e9gie payante\u00a0: en mai 2019, la directrice de la r\u00e9daction, Katharine Viner, a annonc\u00e9 que le journal \u00e9tait b\u00e9n\u00e9ficiaire, une premi\u00e8re depuis\u00a01998.<\/p>\n<p>        <a href=\"https:\/\/www.courrierinternational.com\/notule-source\/the-guardian\" class=\"source-link\" target=\"_blank\" rel=\"noopener\">Lire la suite<\/a>                 <\/p>\n<p>Nos services<\/p>\n","protected":false},"excerpt":{"rendered":"Demandez \u00e0 Cathy Loughead quelle est la chose la plus punk qu\u2019elle ait faite dans sa vie, et&hellip;\n","protected":false},"author":2,"featured_media":535458,"comment_status":"","ping_status":"","sticky":false,"template":"","format":"standard","meta":{"footnotes":""},"categories":[1588],"tags":[11,251,1777,674,873,12,7040,473,1853,1851,1850,1852],"class_list":{"0":"post-535457","1":"post","2":"type-post","3":"status-publish","4":"format-standard","5":"has-post-thumbnail","7":"category-royaume-uni","8":"tag-actualites","9":"tag-culture","10":"tag-eu","11":"tag-europe","12":"tag-musique","13":"tag-news","14":"tag-rock","15":"tag-royaume-uni","16":"tag-royaume-uni-de-grande-bretagne-et-dirlande-du-nord","17":"tag-uk","18":"tag-united-kingdom","19":"tag-united-kingdom-of-great-britain-and-northern-ireland"},"share_on_mastodon":{"url":"https:\/\/pubeurope.com\/@fr\/115552471462617200","error":""},"_links":{"self":[{"href":"https:\/\/www.europesays.com\/fr\/wp-json\/wp\/v2\/posts\/535457","targetHints":{"allow":["GET"]}}],"collection":[{"href":"https:\/\/www.europesays.com\/fr\/wp-json\/wp\/v2\/posts"}],"about":[{"href":"https:\/\/www.europesays.com\/fr\/wp-json\/wp\/v2\/types\/post"}],"author":[{"embeddable":true,"href":"https:\/\/www.europesays.com\/fr\/wp-json\/wp\/v2\/users\/2"}],"replies":[{"embeddable":true,"href":"https:\/\/www.europesays.com\/fr\/wp-json\/wp\/v2\/comments?post=535457"}],"version-history":[{"count":0,"href":"https:\/\/www.europesays.com\/fr\/wp-json\/wp\/v2\/posts\/535457\/revisions"}],"wp:featuredmedia":[{"embeddable":true,"href":"https:\/\/www.europesays.com\/fr\/wp-json\/wp\/v2\/media\/535458"}],"wp:attachment":[{"href":"https:\/\/www.europesays.com\/fr\/wp-json\/wp\/v2\/media?parent=535457"}],"wp:term":[{"taxonomy":"category","embeddable":true,"href":"https:\/\/www.europesays.com\/fr\/wp-json\/wp\/v2\/categories?post=535457"},{"taxonomy":"post_tag","embeddable":true,"href":"https:\/\/www.europesays.com\/fr\/wp-json\/wp\/v2\/tags?post=535457"}],"curies":[{"name":"wp","href":"https:\/\/api.w.org\/{rel}","templated":true}]}}