{"id":535471,"date":"2025-11-15T07:18:21","date_gmt":"2025-11-15T07:18:21","guid":{"rendered":"https:\/\/www.europesays.com\/fr\/535471\/"},"modified":"2025-11-15T07:18:21","modified_gmt":"2025-11-15T07:18:21","slug":"justin-thomas-manquera-le-debut-de-saison-suite-a-une-operation-du-dos","status":"publish","type":"post","link":"https:\/\/www.europesays.com\/fr\/535471\/","title":{"rendered":"Justin Thomas manquera le d\u00e9but de saison suite \u00e0 une op\u00e9ration du dos"},"content":{"rendered":"<p>\t\t\t\t\t\t<img width=\"770\" height=\"556\" src=\"data:image\/svg+xml,%3Csvg%20xmlns=\" http:=\"\" class=\"img-responsive wp-post-image\" alt=\"ThomasDos Jared Tilton Getty AFP\" decoding=\"async\" fetchpriority=\"high\" data-lazy- data-lazy- data-lazy-src=\"https:\/\/www.europesays.com\/fr\/wp-content\/uploads\/2025\/11\/thomasdos-770x556.jpg\"\/>\t\t\t\t\t<\/p>\n<p>\t\t\t\t\t\t Partager cet article <\/p>\n<p class=\"screen-reader-text juiz_sps_maybe_hidden_text\">Partager la publication \u00ab\u00a0Justin Thomas manquera le d\u00e9but de saison suite \u00e0 une op\u00e9ration du dos\u00a0\u00bb<\/p>\n<p><strong>L\u2019Am\u00e9ricain Justin Thomas a annonc\u00e9 vendredi qu\u2019il manquerait le d\u00e9but de saison du PGA Tour \u00e0 cause d\u2019une op\u00e9ration au dos, sans mentionner de date de retour.<\/strong><\/p>\n<p>\t\t\t\t\t<a id=\"190593\" href=\"https:\/\/leclub-golf.sumupstore.com\/\" target=\"_blank\" rel=\"sponsorised nofollow noopener\"><img decoding=\"async\" src=\"data:image\/svg+xml,%3Csvg%20xmlns=\" http:=\"\" class=\"img-responsive\" alt=\"\" data-lazy-src=\"https:\/\/www.europesays.com\/fr\/wp-content\/uploads\/2025\/11\/leclubgolf-e13-coffrets-cadeaux-1170x275-1.png\"\/><\/a><\/p>\n<p>L\u2019op\u00e9ration du dos s\u2019est bien pass\u00e9e ! <strong>Justin Thomas<\/strong> a annonc\u00e9 vendredi qu\u2019il venait de subir une microdiscectomie pour soulager une hernie discale. \u00abJ\u2019ai subi avec succ\u00e8s une microdiscectomie jeudi \u00e0 New York. J\u2019avais mal depuis plusieurs mois et une IRM a montr\u00e9 qu\u2019il fallait me faire op\u00e9rer. Mes prochaines semaines vont \u00eatre d\u00e9di\u00e9es au repos. Je suis bien entour\u00e9 et j\u2019ai pleinement confiance que je serai en meilleur forme apr\u00e8s l\u2019op\u00e9ration qu\u2019avant.\u00bb<\/p>\n<p>\u00a0<\/p>\n<p>\u00a0<\/p>\n<blockquote><p>&#13;<br \/>\nJe vais certainement manquer les premiers tournois de 2026&#13;<\/p>\n<p>Justin Thomas<\/p>\n<p>&#13;\n<\/p><\/blockquote>\n<p>Alors qu\u2019il \u00e9tait annonc\u00e9 au Skins Game fin novembre, le lendemain de Thanksgiving, la f\u00eate la plus populaire outre-Atlantique, le num\u00e9ro 8 mondial va devoir repousser son retour apr\u00e8s la d\u00e9faite cruelle en Ryder Cup face \u00e0 l\u2019Europe. Il est tr\u00e8s peu probable que le golfeur de 32 ans reprenne d\u00e8s la tourn\u00e9e initiale \u00e0 Hawa\u00ef en janvier, <a href=\"https:\/\/www.golfplanete.com\/actualites\/la-secheresse-provoque-lannulation-du-tournoi-douverture-de-saison-du-pga-tour-et-la-creation-dun-nouveau-signature-event\/\" rel=\"nofollow noopener\" target=\"_blank\">amput\u00e9e du Tournament of Champions<\/a>. \u00abJe n\u2019ai pas encore de date de reprise \u00e0 communiquer. Sachant que je vais manquer les premiers tournois de 2026, je vais essayer d\u2019\u00eatre patient pour que mon disque soit parfaitement r\u00e9tabli avant de reprendre la comp\u00e9tition.\u00bb<\/p>\n<p>\t\t\t\t<img loading=\"lazy\" decoding=\"async\" src=\"data:image\/svg+xml,%3Csvg%20xmlns=\" http:=\"\" attributionsrc=\"\" border=\"0\" height=\"1\" width=\"1\" alt=\"Advertisement\" data-lazy-src=\"https:\/\/www.europesays.com\/fr\/wp-content\/uploads\/2025\/10\/B33047934.424844126;dc_trk_aid=615928068;dc_trk_cid=236605808;ord=[timestamp];dc_lat=;dc_rdid=;tag_f.gif\"\/><\/p>\n<p>\t\t\t\t\t<a id=\"179412\" href=\"https:\/\/ad.doubleclick.net\/ddm\/trackclk\/N1153799.3770024GOLFPLANATE\/B33047934.424844126;dc_trk_aid=615928068;dc_trk_cid=236605808;dc_lat=;dc_rdid=;tag_for_child_directed_treatment=;tfua=;gdpr=${GDPR};gdpr_consent=${GDPR_CONSENT_755};ltd=;dc_tdv=1\" target=\"_blank\" rel=\"sponsorised nofollow noopener\"><img decoding=\"async\" src=\"data:image\/svg+xml,%3Csvg%20xmlns=\" http:=\"\" class=\"img-responsive\" alt=\"\" data-lazy-src=\"https:\/\/www.europesays.com\/fr\/wp-content\/uploads\/2025\/07\/callaway-e01-apex-v1-1170x275-1.jpg\"\/><\/a><\/p>\n<blockquote data-service=\"twitter\" data-category=\"marketing\" data-placeholder-image=\"https:\/\/www.golfplanete.com\/wp-content\/plugins\/complianz-gdpr-premium\/assets\/images\/placeholders\/twitter-minimal.jpg\" class=\"cmplz-placeholder-element twitter-tweet\"><p>&#13;<\/p>\n<p dir=\"ltr\" lang=\"en\">Life update \u2013 I\u2019ve had some nagging hip pain for a handful of months and after some time off and worsening symptoms, an MRI showed I had a disc problem that needed to be treated. <\/p>\n<p>I had a successful microdiscectomy performed yesterday at Hospital for Special Surgery in NY and\u2026 <a href=\"https:\/\/t.co\/THcdqPUlnW\" rel=\"nofollow\">pic.twitter.com\/THcdqPUlnW<\/a><\/p>\n<p>&#13;<br \/>\n&#13;<br \/>\n\u2014 Justin Thomas (@JustinThomas34) <a href=\"https:\/\/twitter.com\/JustinThomas34\/status\/1989460955080921329?ref_src=twsrc%5Etfw\" rel=\"nofollow noopener\" target=\"_blank\">November 14, 2025<\/a><\/p><\/blockquote>\n<p>Photo : Jared Tilton \/ Getty \/ AFP<\/p>\n<p>\t\t\t<script async src=\"https:\/\/platform.twitter.com\/widgets.js\" charset=\"utf-8\"><\/script><\/p>\n","protected":false},"excerpt":{"rendered":"Partager cet article Partager la publication \u00ab\u00a0Justin Thomas manquera le d\u00e9but de saison suite \u00e0 une op\u00e9ration du&hellip;\n","protected":false},"author":2,"featured_media":535472,"comment_status":"","ping_status":"","sticky":false,"template":"","format":"standard","meta":{"footnotes":""},"categories":[1418],"tags":[1011,27,1472,60],"class_list":{"0":"post-535471","1":"post","2":"type-post","3":"status-publish","4":"format-standard","5":"has-post-thumbnail","7":"category-golf","8":"tag-fr","9":"tag-france","10":"tag-golf","11":"tag-sports"},"share_on_mastodon":{"url":"https:\/\/pubeurope.com\/@fr\/115552498693352503","error":""},"_links":{"self":[{"href":"https:\/\/www.europesays.com\/fr\/wp-json\/wp\/v2\/posts\/535471","targetHints":{"allow":["GET"]}}],"collection":[{"href":"https:\/\/www.europesays.com\/fr\/wp-json\/wp\/v2\/posts"}],"about":[{"href":"https:\/\/www.europesays.com\/fr\/wp-json\/wp\/v2\/types\/post"}],"author":[{"embeddable":true,"href":"https:\/\/www.europesays.com\/fr\/wp-json\/wp\/v2\/users\/2"}],"replies":[{"embeddable":true,"href":"https:\/\/www.europesays.com\/fr\/wp-json\/wp\/v2\/comments?post=535471"}],"version-history":[{"count":0,"href":"https:\/\/www.europesays.com\/fr\/wp-json\/wp\/v2\/posts\/535471\/revisions"}],"wp:featuredmedia":[{"embeddable":true,"href":"https:\/\/www.europesays.com\/fr\/wp-json\/wp\/v2\/media\/535472"}],"wp:attachment":[{"href":"https:\/\/www.europesays.com\/fr\/wp-json\/wp\/v2\/media?parent=535471"}],"wp:term":[{"taxonomy":"category","embeddable":true,"href":"https:\/\/www.europesays.com\/fr\/wp-json\/wp\/v2\/categories?post=535471"},{"taxonomy":"post_tag","embeddable":true,"href":"https:\/\/www.europesays.com\/fr\/wp-json\/wp\/v2\/tags?post=535471"}],"curies":[{"name":"wp","href":"https:\/\/api.w.org\/{rel}","templated":true}]}}