{"id":535498,"date":"2025-11-15T07:37:12","date_gmt":"2025-11-15T07:37:12","guid":{"rendered":"https:\/\/www.europesays.com\/fr\/535498\/"},"modified":"2025-11-15T07:37:12","modified_gmt":"2025-11-15T07:37:12","slug":"apres-shein-le-gouvernement-signale-six-nouvelles-plateformes-a-la-justice-actualites","status":"publish","type":"post","link":"https:\/\/www.europesays.com\/fr\/535498\/","title":{"rendered":"Apr\u00e8s Shein, le gouvernement signale six nouvelles plateformes \u00e0 la justice : Actualit\u00e9s"},"content":{"rendered":"<p class=\"lead \">Dans le sillage de Shein, le gouvernement a signal\u00e9 six nouvelles plateformes internet \u00e0 la justice, dont cinq (AliExpress, Joom, eBay, Temu, Wish) pour la vente de produits ill\u00e9gaux, a annonc\u00e9 vendredi le ministre du Commerce Serge Papin au Parisien. <\/p>\n<p class=\"lead \">La R\u00e9pression des fraudes (DGCCRF) a d\u00e9couvert \u00ab\u00a0qu&rsquo;AliExpress et Joom vendaient aussi des poup\u00e9es p\u00e9dopornographiques\u00a0\u00bb et que Wish, Temu, AliExpress et eBay \u00ab\u00a0vendaient des armes de cat\u00e9gorie A, comme des poings am\u00e9ricains et des machettes\u00a0\u00bb, a d\u00e9clar\u00e9 le ministre. <\/p>\n<p class=\"lead \">Par ailleurs, Wish, Temu et Amazon \u00ab\u00a0ne respectaient pas leurs obligations de filtrage des mineurs aux images \u00e0 caract\u00e8re pornographiques\u00a0\u00bb, a-t-il ajout\u00e9.<\/p>\n<p class=\"lead \">\u00ab\u00a0Nous avons signal\u00e9 au procureur de la R\u00e9publique l&rsquo;ensemble des plateformes qui proposaient des contenus illicites\u00a0\u00bb, a poursuivi Serge Papin, interrog\u00e9 sur le lancement d&rsquo;actions judiciaires. <\/p>\n<p class=\"lead \">\u00ab\u00a0S&rsquo;agissant de Shein nous avons en plus demand\u00e9 sa suspension \u00e0 la justice\u00a0\u00bb, a-t-il rappel\u00e9. \u00ab\u00a0Toute plateforme qui aura commercialis\u00e9 des articles illicites aura le m\u00eame traitement\u00a0\u00bb, a pr\u00e9venu M. Papin, ce qui ne correspond pas aux griefs \u00e0 l&rsquo;encontre du g\u00e9ant am\u00e9ricain Amazon, point\u00e9 lui pour des mesures de filtrage insuffisantes.<\/p>\n<p class=\"lead \">\u00ab\u00a0Les dossiers sont soit d\u00e9j\u00e0 d\u00e9pos\u00e9s, soit en passe de l&rsquo;\u00eatre\u00a0\u00bb. Avec les ministres de l&rsquo;Economie, Roland Lescure, d\u00e9l\u00e9gu\u00e9e au Num\u00e9rique, Anne Le H\u00e9nanff, de l&rsquo;Int\u00e9rieur Laurent Nu\u00f1ez, \u00ab\u00a0notre vigilance ne faiblira pas\u00a0\u00bb, a-t-il ajout\u00e9. <\/p>\n<p class=\"lead \">Sollicit\u00e9 par l&rsquo;AFP, eBay a assur\u00e9 continuer \u00ab\u00a0\u00e0 oeuvrer sans rel\u00e2che pour emp\u00eacher la vente d&rsquo;objets interdits sur sa plateforme\u00a0\u00bb et \u00ab\u00a0coop\u00e9rer\u00a0\u00bb avec \u00ab\u00a0les autorit\u00e9s de r\u00e9gulation fran\u00e7aises sur ce sujet\u00a0\u00bb. <\/p>\n<p class=\"lead \">Les autres plateformes (hors Shein) contact\u00e9es par l&rsquo;AFP n&rsquo;avaient pas donn\u00e9 suite vendredi soir. <\/p>\n<p class=\"lead \">Par ailleurs, Serge Papin r\u00e9unira, le 27 novembre \u00e0 Bercy, les ministres du commerce des Etats membres de l&rsquo;Union europ\u00e9enne pour \u00e9changer de l&rsquo;impact de ces plateformes sur le commerce dans l&rsquo;UE, a indiqu\u00e9 son minist\u00e8re \u00e0 l&rsquo;AFP. <\/p>\n<p class=\"lead \">La semaine derni\u00e8re, le gouvernement avait annonc\u00e9 avoir constat\u00e9 la vente de produits illicites sur d&rsquo;autres plateformes que Shein et promis de \u00ab\u00a0nouvelles proc\u00e9dures \u00e0 leur encontre\u00a0\u00bb.<\/p>\n<p class=\"lead \">Cela faisait suite \u00e0 la r\u00e9v\u00e9lation de la vente sur Shein de poup\u00e9es sexuelles ressemblant \u00e0 des fillettes, puis d&rsquo;armes de cat\u00e9gorie A.<\/p>\n<p class=\"lead \">Shein a supprim\u00e9 de son site tous les produits illicites, \u00e9chappant pour l&rsquo;heure \u00e0 une suspension en France, mais est toujours sous le coup de proc\u00e9dures judiciaires.<\/p>\n<p class=\"lead \">Le groupe asiatique doit \u00eatre auditionn\u00e9 mardi \u00e0 l&rsquo;Assembl\u00e9e nationale, devant la mission d&rsquo;information sur les contr\u00f4les des produits import\u00e9s en France, mais n&rsquo;a pas encore confirm\u00e9 sa venue. <\/p>\n<p class=\"small font-weight-bold text-gray3 \"> publi\u00e9 le 14 novembre \u00e0 23h17, AFP<\/p>\n<p>                             Partager<\/p>\n","protected":false},"excerpt":{"rendered":"Dans le sillage de Shein, le gouvernement a signal\u00e9 six nouvelles plateformes internet \u00e0 la justice, dont cinq&hellip;\n","protected":false},"author":2,"featured_media":535499,"comment_status":"","ping_status":"","sticky":false,"template":"","format":"standard","meta":{"footnotes":""},"categories":[6],"tags":[6376,35,130,2105,33,34,1719,1769,1011,27,418,310,24874],"class_list":{"0":"post-535498","1":"post","2":"type-post","3":"status-publish","4":"format-standard","5":"has-post-thumbnail","7":"category-economie","8":"tag-armes","9":"tag-business","10":"tag-consommation","11":"tag-distribution","12":"tag-economie","13":"tag-economy","14":"tag-enfants","15":"tag-enqute","16":"tag-fr","17":"tag-france","18":"tag-gouvernement","19":"tag-internet","20":"tag-pornographie"},"share_on_mastodon":{"url":"https:\/\/pubeurope.com\/@fr\/115552573449381999","error":""},"_links":{"self":[{"href":"https:\/\/www.europesays.com\/fr\/wp-json\/wp\/v2\/posts\/535498","targetHints":{"allow":["GET"]}}],"collection":[{"href":"https:\/\/www.europesays.com\/fr\/wp-json\/wp\/v2\/posts"}],"about":[{"href":"https:\/\/www.europesays.com\/fr\/wp-json\/wp\/v2\/types\/post"}],"author":[{"embeddable":true,"href":"https:\/\/www.europesays.com\/fr\/wp-json\/wp\/v2\/users\/2"}],"replies":[{"embeddable":true,"href":"https:\/\/www.europesays.com\/fr\/wp-json\/wp\/v2\/comments?post=535498"}],"version-history":[{"count":0,"href":"https:\/\/www.europesays.com\/fr\/wp-json\/wp\/v2\/posts\/535498\/revisions"}],"wp:featuredmedia":[{"embeddable":true,"href":"https:\/\/www.europesays.com\/fr\/wp-json\/wp\/v2\/media\/535499"}],"wp:attachment":[{"href":"https:\/\/www.europesays.com\/fr\/wp-json\/wp\/v2\/media?parent=535498"}],"wp:term":[{"taxonomy":"category","embeddable":true,"href":"https:\/\/www.europesays.com\/fr\/wp-json\/wp\/v2\/categories?post=535498"},{"taxonomy":"post_tag","embeddable":true,"href":"https:\/\/www.europesays.com\/fr\/wp-json\/wp\/v2\/tags?post=535498"}],"curies":[{"name":"wp","href":"https:\/\/api.w.org\/{rel}","templated":true}]}}