{"id":535509,"date":"2025-11-15T07:43:14","date_gmt":"2025-11-15T07:43:14","guid":{"rendered":"https:\/\/www.europesays.com\/fr\/535509\/"},"modified":"2025-11-15T07:43:14","modified_gmt":"2025-11-15T07:43:14","slug":"meurthe-et-moselle-face-au-vieillissement-de-la-population-les-collectivites-multiplient-les-initiatives-pour-repondre-aux-besoins-des-seniors","status":"publish","type":"post","link":"https:\/\/www.europesays.com\/fr\/535509\/","title":{"rendered":"Meurthe-et-Moselle. Face au vieillissement de la population, les collectivit\u00e9s multiplient les initiatives pour r\u00e9pondre aux besoins des seniors"},"content":{"rendered":"<p>Elle n\u2019est pas compl\u00e8tement termin\u00e9e, mais l\u2019ensemble des appartements est d\u00e9j\u00e0 occup\u00e9. Dans le village de Lesm\u00e9nils, juste \u00e0 c\u00f4t\u00e9 de Pont-\u00e0-Mousson, une nouvelle maison interg\u00e9n\u00e9rationnelle est en pleine finition. Le projet a rencontr\u00e9 un succ\u00e8s rapide.<\/p>\n<p>C\u2019est dans une ancienne ferme \u00e0 l\u2019entr\u00e9e de la commune que la municipalit\u00e9 de 500 habitants a investi pour la r\u00e9habilitation en maison interg\u00e9n\u00e9rationnelle. \u00ab\u00a0On a rachet\u00e9 l\u2019ancienne ferme d\u2019Antoine Germain en 2019, explique le maire de Lesm\u00e9nils. C\u2019\u00e9tait son choix pour lui de vendre \u00e0 la commune. Sans sa collaboration, on n\u2019aurait pas pu l\u2019acheter.\u00a0\u00bb<\/p>\n<p>\u00ab\u00a0Vivre ensemble est important\u00a0\u00bb<\/p>\n<p>\u00ab\u00a0Aujourd\u2019hui, on a beaucoup de veuves seules avec un certain \u00e2ge et des maisons de grandes tailles qu\u2019elles ne&#8230;<\/p>\n","protected":false},"excerpt":{"rendered":"Elle n\u2019est pas compl\u00e8tement termin\u00e9e, mais l\u2019ensemble des appartements est d\u00e9j\u00e0 occup\u00e9. Dans le village de Lesm\u00e9nils, juste&hellip;\n","protected":false},"author":2,"featured_media":535510,"comment_status":"","ping_status":"","sticky":false,"template":"","format":"standard","meta":{"footnotes":""},"categories":[9635],"tags":[1111,11,42991,1707,1704,1706,1705,1777,674,1011,27,775,42990,1908,3457,1702,12,25,801,104],"class_list":{"0":"post-535509","1":"post","2":"type-post","3":"status-publish","4":"format-standard","5":"has-post-thumbnail","7":"category-nancy","8":"tag-actu","9":"tag-actualites","10":"tag-cc-du-bassin-de-pont-a-mousson-54c1","11":"tag-edition-luneville","12":"tag-edition-nancy-et-agglomeration","13":"tag-edition-pont-a-mousson","14":"tag-edition-toul","15":"tag-eu","16":"tag-europe","17":"tag-fr","18":"tag-france","19":"tag-grand-est","20":"tag-lesmenils","21":"tag-logement","22":"tag-meurthe-et-moselle","23":"tag-nancy","24":"tag-news","25":"tag-republique-francaise","26":"tag-social","27":"tag-societe"},"share_on_mastodon":{"url":"https:\/\/pubeurope.com\/@fr\/115552597114777016","error":""},"_links":{"self":[{"href":"https:\/\/www.europesays.com\/fr\/wp-json\/wp\/v2\/posts\/535509","targetHints":{"allow":["GET"]}}],"collection":[{"href":"https:\/\/www.europesays.com\/fr\/wp-json\/wp\/v2\/posts"}],"about":[{"href":"https:\/\/www.europesays.com\/fr\/wp-json\/wp\/v2\/types\/post"}],"author":[{"embeddable":true,"href":"https:\/\/www.europesays.com\/fr\/wp-json\/wp\/v2\/users\/2"}],"replies":[{"embeddable":true,"href":"https:\/\/www.europesays.com\/fr\/wp-json\/wp\/v2\/comments?post=535509"}],"version-history":[{"count":0,"href":"https:\/\/www.europesays.com\/fr\/wp-json\/wp\/v2\/posts\/535509\/revisions"}],"wp:featuredmedia":[{"embeddable":true,"href":"https:\/\/www.europesays.com\/fr\/wp-json\/wp\/v2\/media\/535510"}],"wp:attachment":[{"href":"https:\/\/www.europesays.com\/fr\/wp-json\/wp\/v2\/media?parent=535509"}],"wp:term":[{"taxonomy":"category","embeddable":true,"href":"https:\/\/www.europesays.com\/fr\/wp-json\/wp\/v2\/categories?post=535509"},{"taxonomy":"post_tag","embeddable":true,"href":"https:\/\/www.europesays.com\/fr\/wp-json\/wp\/v2\/tags?post=535509"}],"curies":[{"name":"wp","href":"https:\/\/api.w.org\/{rel}","templated":true}]}}