{"id":535515,"date":"2025-11-15T07:46:12","date_gmt":"2025-11-15T07:46:12","guid":{"rendered":"https:\/\/www.europesays.com\/fr\/535515\/"},"modified":"2025-11-15T07:46:12","modified_gmt":"2025-11-15T07:46:12","slug":"meteo-trois-departements-places-en-vigilance-orange-pluie-inondation-ce-samedi","status":"publish","type":"post","link":"https:\/\/www.europesays.com\/fr\/535515\/","title":{"rendered":"M\u00e9t\u00e9o\u00a0: trois d\u00e9partements plac\u00e9s en vigilance orange pluie-inondation ce samedi"},"content":{"rendered":"<p><a href=\"https:\/\/vigilance.meteofrance.fr\/fr\/pluie-inondation\/demain\" target=\"_blank\" rel=\"noopener\">L\u2019Ard\u00e8che, la Loire, et le Rh\u00f4ne sont plac\u00e9s en vigilance orange<\/a> pluie-inondation pour la journ\u00e9e du samedi 15\u00a0novembre, d\u00e8s minuit. Cette vigilance est pour le moment pr\u00e9vue jusqu\u2019\u00e0 midi. M\u00e9t\u00e9o France pr\u00e9voit un <strong>\u00ab\u00a0\u00e9pisode pluvio-orageux intense cette nuit et ce samedi matin des C\u00e9vennes ard\u00e9choises au Lyonnais\u00e9\u00a0\u00bb.<\/strong><\/p>\n<p>\n                Nous avons bloqu\u00e9 l\u2019affichage de ce contenu pour respecter vos choix en mati\u00e8re de cookies.<br \/>En cliquant sur \u00abConsulter\u00bb, vous acceptez le d\u00e9p\u00f4t de cookies par des services de r\u00e9seaux sociaux tels que Twitter.<br \/>\n                Consulter\n            <\/p>\n<blockquote class=\"twitter-tweet\" wp_automatic_readability=\"4.7572815533981\">\n<p lang=\"fr\" dir=\"ltr\">Pour samedi 15 novembre 2025 :<br \/>?? 3 d\u00e9partements en Vigilance orange<\/p>\n<p>Restez prudents et inform\u00e9s :<a href=\"https:\/\/t.co\/JGz4rTUvHP\">https:\/\/t.co\/JGz4rTUvHP<\/a> <a href=\"https:\/\/t.co\/5jrRGzWBBv\">pic.twitter.com\/5jrRGzWBBv<\/a><\/p>\n<p>\u2014 VigiM\u00e9t\u00e9oFrance (@VigiMeteoFrance) <a href=\"https:\/\/twitter.com\/VigiMeteoFrance\/status\/1989438426941112359?ref_src=twsrc%5Etfw\" target=\"_blank\" rel=\"noopener\">November 14, 2025<\/a><\/p><\/blockquote>\n<p>Jusqu\u2019\u00e0 120\u00a0mm sur la C\u00e9venne ard\u00e9choise<\/p>\n<p>Les cumuls de pr\u00e9cipitations <strong>\u00ab\u00a0attendus sont de l\u2019ordre de 50 \u00e0 80\u00a0mm en moins de douze heures sur le Lyonnais, la vall\u00e9e du Gier, 80 \u00e0 100\u00a0mm sur le Monts du Pilat, et 70 \u00e0 100\u00a0mm sur le nord-Vivarais, jusqu\u2019\u00e0 120\u00a0mm sur la C\u00e9venne ard\u00e9choise\u00a0\u00bb,<\/strong> pr\u00e9cise l\u2019institut m\u00e9t\u00e9orologique dans son dernier bilan.<\/p>\n<p><strong>Lire aussi\u00a0: <\/strong> <a href=\"https:\/\/rennes.maville.com\/actu\/actudet_-meteo-apres-des-temperatures-anormalement-douces-pour-la-saison-le-mercure-va-chuter-dans-les-jours-a-venir-_54135-7063850_actu.Htm\" target=\"_blank\" rel=\"noopener\">M\u00e9t\u00e9o\u00a0: apr\u00e8s des temp\u00e9ratures anormalement douces pour la saison, le mercure va chuter dans les jours \u00e0 venir<\/a><\/p>\n<p>Cet \u00e9pisode de pluies et d\u2019orage devrait se poursuivre toute la journ\u00e9e de samedi, <strong>\u00ab\u00a0en se d\u00e9calant vers la vall\u00e9e du Rh\u00f4ne, le massif Alpin, et la r\u00e9gion Paca\u00a0<\/strong> <strong>\u00bb.<\/strong><\/p>\n<p>Toutefois, l\u2019agence m\u00e9t\u00e9orollogique nationale estime que la situation s\u2019am\u00e9iorera apr\u00e8s midi. La vigilance deviendra jaune jusqu\u2019\u00e0 18h, avant un retour au vert en fin de journ\u00e9e. Par pr\u00e9caution, M\u00e9t\u00e9o France pr\u00e9vient qu\u2019il <strong>\u00abconvient de se tenir au courant de l\u2019\u00e9volution de la vigilance sur ces zones\u00bb<\/strong>.<\/p>\n<p>Dimanche, les averses orageuses se poursuiveront de la Provence \u00e0 la r\u00e9gion Rh\u00f4ne-Alpes, avec des cumuls de pluies parfois importants.<\/p>\n<p>\u00a0<\/p>\n<p>\t\t<script async src=\"https:\/\/platform.twitter.com\/widgets.js\" charset=\"utf-8\"><\/script><\/p>\n","protected":false},"excerpt":{"rendered":"L\u2019Ard\u00e8che, la Loire, et le Rh\u00f4ne sont plac\u00e9s en vigilance orange pluie-inondation pour la journ\u00e9e du samedi 15\u00a0novembre,&hellip;\n","protected":false},"author":2,"featured_media":535516,"comment_status":"","ping_status":"","sticky":false,"template":"","format":"standard","meta":{"footnotes":""},"categories":[9619],"tags":[1111,11,16680,1777,674,1011,27,2487,12,738,18433,39745,882,25,3982,2310,15192],"class_list":{"0":"post-535515","1":"post","2":"type-post","3":"status-publish","4":"format-standard","5":"has-post-thumbnail","7":"category-toulon","8":"tag-actu","9":"tag-actualites","10":"tag-departements","11":"tag-eu","12":"tag-europe","13":"tag-fr","14":"tag-france","15":"tag-meteo","16":"tag-news","17":"tag-orange","18":"tag-places","19":"tag-pluie-inondation","20":"tag-provence-alpes-cote-dazur","21":"tag-republique-francaise","22":"tag-samedi","23":"tag-toulon","24":"tag-vigilance"},"share_on_mastodon":{"url":"https:\/\/pubeurope.com\/@fr\/115552608890933980","error":""},"_links":{"self":[{"href":"https:\/\/www.europesays.com\/fr\/wp-json\/wp\/v2\/posts\/535515","targetHints":{"allow":["GET"]}}],"collection":[{"href":"https:\/\/www.europesays.com\/fr\/wp-json\/wp\/v2\/posts"}],"about":[{"href":"https:\/\/www.europesays.com\/fr\/wp-json\/wp\/v2\/types\/post"}],"author":[{"embeddable":true,"href":"https:\/\/www.europesays.com\/fr\/wp-json\/wp\/v2\/users\/2"}],"replies":[{"embeddable":true,"href":"https:\/\/www.europesays.com\/fr\/wp-json\/wp\/v2\/comments?post=535515"}],"version-history":[{"count":0,"href":"https:\/\/www.europesays.com\/fr\/wp-json\/wp\/v2\/posts\/535515\/revisions"}],"wp:featuredmedia":[{"embeddable":true,"href":"https:\/\/www.europesays.com\/fr\/wp-json\/wp\/v2\/media\/535516"}],"wp:attachment":[{"href":"https:\/\/www.europesays.com\/fr\/wp-json\/wp\/v2\/media?parent=535515"}],"wp:term":[{"taxonomy":"category","embeddable":true,"href":"https:\/\/www.europesays.com\/fr\/wp-json\/wp\/v2\/categories?post=535515"},{"taxonomy":"post_tag","embeddable":true,"href":"https:\/\/www.europesays.com\/fr\/wp-json\/wp\/v2\/tags?post=535515"}],"curies":[{"name":"wp","href":"https:\/\/api.w.org\/{rel}","templated":true}]}}