{"id":535517,"date":"2025-11-15T07:47:46","date_gmt":"2025-11-15T07:47:46","guid":{"rendered":"https:\/\/www.europesays.com\/fr\/535517\/"},"modified":"2025-11-15T07:47:46","modified_gmt":"2025-11-15T07:47:46","slug":"trois-adolescents-sont-suspectes-davoir-dessine-des-croix-gammees-dans-une-ecole-maternelle","status":"publish","type":"post","link":"https:\/\/www.europesays.com\/fr\/535517\/","title":{"rendered":"Trois adolescents sont suspect\u00e9s d\u2019avoir dessin\u00e9 des croix gamm\u00e9es dans une \u00e9cole maternelle"},"content":{"rendered":"<p>Une \u00e9cole maternelle de <a href=\"https:\/\/www.ouest-france.fr\/region-occitanie\/herault\/\" target=\"_self\" rel=\"noopener\">Montpellier (H\u00e9rault)<\/a> a \u00e9t\u00e9 vandalis\u00e9e \u00e0 plusieurs reprises en juillet\u00a02025. Plusieurs d\u00e9gradations ont \u00e9t\u00e9 constat\u00e9es par le personnel, ainsi que l\u2019inscription de plusieurs croix gamm\u00e9es. Trois adolescents \u00e2g\u00e9s de 15\u00a0ans\u00a0sont suspect\u00e9s d\u2019avoir commis ces actes, indique <a href=\"https:\/\/actu.fr\/occitanie\/montpellier_34172\/vandalisme-a-montpellier-comment-expliquer-les-croix-gammees-decouvertes-dans-une-ecole-maternelle_63428987.html\" target=\"_blank\" rel=\"noopener\"> Le M\u00e9tropolitain <\/a>\u00a0mercredi 12\u00a0novembre 2025.<\/p>\n<p>Plus d\u2019un millier d\u2019euros de d\u00e9g\u00e2ts<\/p>\n<p>Gr\u00e2ce \u00e0 un surnom tagu\u00e9\u00a0sur un mur, la police a pu identifier un premier mineur de 15\u00a0ans. Auditionn\u00e9 en septembre\u00a02025, il a reconnu les faits tout en assurant ne pas conna\u00eetre la signification des croix gamm\u00e9es. Quelques semaines plus tard, deux de ses amis ont \u00e9t\u00e9 convoqu\u00e9s.<\/p>\n<p>Les trois adolescents, qui auraient commis plus d\u2019un millier d\u2019euros de d\u00e9g\u00e2ts, seront convoqu\u00e9s devant la justice le 3\u00a0d\u00e9cembre 2025. Ils sont poursuivis pour \u00ab\u00a0destruction ou d\u00e9gradation d\u2019un bien appartenant \u00e0 une collectivit\u00e9\u00a0\u00bb et \u00ab\u00a0apologie de crimes contre l\u2019humanit\u00e9\u00a0\u00bb.<\/p>\n<p>Pour en savoir plus\u00a0: lire l\u2019article du\u00a0<a href=\"https:\/\/actu.fr\/occitanie\/montpellier_34172\/vandalisme-a-montpellier-comment-expliquer-les-croix-gammees-decouvertes-dans-une-ecole-maternelle_63428987.html\" target=\"_blank\" rel=\"noopener\"> M\u00e9tropolitain <\/a><\/p>\n<p>\u00a0<\/p>\n","protected":false},"excerpt":{"rendered":"Une \u00e9cole maternelle de Montpellier (H\u00e9rault) a \u00e9t\u00e9 vandalis\u00e9e \u00e0 plusieurs reprises en juillet\u00a02025. Plusieurs d\u00e9gradations ont \u00e9t\u00e9&hellip;\n","protected":false},"author":2,"featured_media":535518,"comment_status":"","ping_status":"","sticky":false,"template":"","format":"standard","meta":{"footnotes":""},"categories":[9599],"tags":[1111,11,3959,19026,23196,1122,1777,674,1011,27,65484,5758,2208,12,2680,25,34988,2310],"class_list":{"0":"post-535517","1":"post","2":"type-post","3":"status-publish","4":"format-standard","5":"has-post-thumbnail","7":"category-montpellier","8":"tag-actu","9":"tag-actualites","10":"tag-adolescents","11":"tag-croix","12":"tag-dessine","13":"tag-ecole","14":"tag-eu","15":"tag-europe","16":"tag-fr","17":"tag-france","18":"tag-gammees","19":"tag-maternelle","20":"tag-montpellier","21":"tag-news","22":"tag-occitanie","23":"tag-republique-francaise","24":"tag-suspectes","25":"tag-toulon"},"share_on_mastodon":{"url":"https:\/\/pubeurope.com\/@fr\/115552616700319711","error":""},"_links":{"self":[{"href":"https:\/\/www.europesays.com\/fr\/wp-json\/wp\/v2\/posts\/535517","targetHints":{"allow":["GET"]}}],"collection":[{"href":"https:\/\/www.europesays.com\/fr\/wp-json\/wp\/v2\/posts"}],"about":[{"href":"https:\/\/www.europesays.com\/fr\/wp-json\/wp\/v2\/types\/post"}],"author":[{"embeddable":true,"href":"https:\/\/www.europesays.com\/fr\/wp-json\/wp\/v2\/users\/2"}],"replies":[{"embeddable":true,"href":"https:\/\/www.europesays.com\/fr\/wp-json\/wp\/v2\/comments?post=535517"}],"version-history":[{"count":0,"href":"https:\/\/www.europesays.com\/fr\/wp-json\/wp\/v2\/posts\/535517\/revisions"}],"wp:featuredmedia":[{"embeddable":true,"href":"https:\/\/www.europesays.com\/fr\/wp-json\/wp\/v2\/media\/535518"}],"wp:attachment":[{"href":"https:\/\/www.europesays.com\/fr\/wp-json\/wp\/v2\/media?parent=535517"}],"wp:term":[{"taxonomy":"category","embeddable":true,"href":"https:\/\/www.europesays.com\/fr\/wp-json\/wp\/v2\/categories?post=535517"},{"taxonomy":"post_tag","embeddable":true,"href":"https:\/\/www.europesays.com\/fr\/wp-json\/wp\/v2\/tags?post=535517"}],"curies":[{"name":"wp","href":"https:\/\/api.w.org\/{rel}","templated":true}]}}