{"id":535521,"date":"2025-11-15T07:50:16","date_gmt":"2025-11-15T07:50:16","guid":{"rendered":"https:\/\/www.europesays.com\/fr\/535521\/"},"modified":"2025-11-15T07:50:16","modified_gmt":"2025-11-15T07:50:16","slug":"comment-se-porte-le-commerce-autour-de-la-place-du-vieux-marche-veritable-ventre-gourmand-de-rouen","status":"publish","type":"post","link":"https:\/\/www.europesays.com\/fr\/535521\/","title":{"rendered":"Comment se porte le commerce autour de la place du Vieux March\u00e9, v\u00e9ritable ventre gourmand de Rouen\u00a0?"},"content":{"rendered":"<p>                    Par<br \/>\n        <strong><br \/>\n            <a href=\"https:\/\/actu.fr\/auteur\/fmass\" title=\"Consulter tous les articles de Fabien Massin\" rel=\"nofollow noopener\" target=\"_blank\">Fabien Massin<\/a><br \/>\n                    <\/strong><\/p>\n<p>        Publi\u00e9 le<\/p>\n<p>            15 nov. 2025 \u00e0 7h42        <\/p>\n<p>C\u2019est un peu le ventre <a href=\"https:\/\/actu.fr\/normandie\/rouen_76540\" rel=\"nofollow noopener\" target=\"_blank\">de Rouen (Seine-Maritime)<\/a>, le quartier gourmand de la capitale normande : l\u2019ensemble form\u00e9 par<strong> les rues parall\u00e8les Rollon et Guillaume-le-Conqu\u00e9rant, avec la place du Vieux-March\u00e9<\/strong>. Un quartier qui dans ces deux rues comporte de nombreux commerces de bouche et des \u00e9piceries fines, et un large choix de restaurants place du Vieux-March\u00e9. Sans oublier bien s\u00fbr au centre de tout cela les hallettes du Vieux-March\u00e9. Mais comment se porte actuellement ce commerce ?\u00a0Comme pour les <a href=\"https:\/\/actu.fr\/normandie\/rouen_76540\/c-etait-les-champs-elysees-de-rouen-comment-va-le-commerce-le-long-du-teor_62272955.html\" rel=\"nofollow noopener\" target=\"_blank\">rues par o\u00f9 passent les Teor<\/a>,<a href=\"https:\/\/actu.fr\/normandie\/rouen_76540\/commerces-de-la-rue-saint-julien-a-rouen-un-ovni-de-la-rive-gauche-qui-veut-le-rester_62393092.html\" rel=\"nofollow noopener\" target=\"_blank\"> la rue Saint-Julien<\/a>, <a href=\"https:\/\/actu.fr\/normandie\/rouen_76540\/cette-rue-est-une-benediction-pourquoi-les-commercants-de-la-rue-massacre-a-rouen-ont-tout-compris_62523908.html\" rel=\"nofollow noopener\" target=\"_blank\">la rue Massacre<\/a>, <a href=\"https:\/\/actu.fr\/normandie\/rouen_76540\/commerces-a-rouen-la-rue-saint-nicolas-du-quasi-neant-a-rue-parmi-les-plus-cotees-de-la-ville_62581928.html\" rel=\"nofollow noopener\" target=\"_blank\">la rue Saint-Nicolas<\/a>, <a href=\"https:\/\/actu.fr\/normandie\/rouen_76540\/comment-va-le-commerce-rue-saint-hilaire-a-rouen-un-potentiel-interessant-dans-un-quartier-en-mutation_62761190.html\" rel=\"nofollow noopener\" target=\"_blank\">la rue Saint-Hilaire<\/a>, <a href=\"https:\/\/actu.fr\/normandie\/rouen_76540\/comment-se-porte-le-commerce-rue-de-la-republique-a-rouen-cette-rue-mal-aimee-de-la-rive-droite_62949148.html\" rel=\"nofollow noopener\" target=\"_blank\">la rue de la R\u00e9publique<\/a> et <a href=\"https:\/\/actu.fr\/normandie\/rouen_76540\/comment-se-porte-le-commerce-rue-jeanne-d-arc-a-rouen-probablement-l-une-des-rues-qui-changera-le-plus_63309807.html\" rel=\"nofollow noopener\" target=\"_blank\">la rue Jeanne d\u2019Arc<\/a>, nous avons voulu en avoir le c\u0153ur net sur place.<\/p>\n<p>Des commerces de bouches, \u00e9piceries\/traiteurs et restaurants<\/p>\n<p class=\" wall-content\">Premier constat, sur quelque 90 cases commerciales (hors hallettes), aucune vide ou presque (dont celle du Pareil au m\u00eame et de <a href=\"https:\/\/actu.fr\/normandie\/rouen_76540\/un-restaurant-de-la-place-du-vieux-marche-a-rouen-ferme-ses-portes-du-jour-au-lendemain_62755526.html\" rel=\"nofollow noopener\" target=\"_blank\">Big Fernand<\/a>). Rues Rollon et Guillaume-le-Conqu\u00e9rant on trouve (liste non exhaustive) <strong>des commerces de bouche r\u00e9put\u00e9s<\/strong> (boulangerie, boucherie, fromagerie, deux cavistes, fruits et l\u00e9gumes) \u2014 auxquels il faut ajouter ceux des hallettes (poissonnerie, fromagerie, primeur, boucherie\/charcuterie, fleurs, saveurs du sud, r\u00f4tisserie et le comptoir de halles qui cuisine les produits du poissonnier) \u2014 ;<strong>\u00a0des traiteurs et \u00e9piceries fines<\/strong> (saveurs d\u2019Italie et du Liban, caf\u00e9s de sp\u00e9cialit\u00e9, produits autour du miel, sp\u00e9cialit\u00e9s de Normandie ou du Sud-Ouest, conserverie, surgel\u00e9s, ainsi que deux boutiques consacr\u00e9es aux arts de la table).\u00a0<\/p>\n<p class=\" wall-content\">L\u2019exploration gastronomique se poursuit dans les<strong> nombreux restaurants, bars et caf\u00e9s<\/strong>, notamment place du Vieux-March\u00e9 (une trentaine d\u2019\u00e9tablissements en comprenant ceux des rues d\u00e9j\u00e0 cit\u00e9es).\u00a0 Pour le reste on trouve dans le quartier des boutiques (linge de maison, chapeaux\/gants, souvenirs), un supermarch\u00e9 et des services divers (pharmacie, optique, coiffure, immobilier, laverie, voyages).\u00a0<\/p>\n<p>    <img   decoding=\"async\" loading=\"lazy\" src=\"https:\/\/www.europesays.com\/fr\/wp-content\/uploads\/2025\/11\/rue-rollon-rouen-guillaume-conquerant-place-vieux-marche-960x640.jpg\" alt=\"La rue Rollon, riche en commerces de bouche et \u00e9piceries fines. \" width=\"960\" height=\"640\"\/><br \/>\n    La rue Rollon, riche en commerces de bouche et \u00e9piceries fines. (\u00a9FM\/76actu)<\/p>\n<p class=\" wall-content\">\u00c0 Alice d\u00e9lice, boutique d\u2019ustensiles culinaires, la responsable Charlotte t\u00e9moigne : \u00ab\u00a0C\u2019est un quartier tr\u00e8s agr\u00e9able, tr\u00e8s vivant. Parmi nos clients il y a beaucoup de locaux, les touristes \u00e9tant plut\u00f4t rue du Gros-Horloge. Avant nous \u00e9tions install\u00e9s aux Docks 76 mais ici <strong>l\u2019environnement est vraiment propice <\/strong>aux commerces de bouche.\u00a0\u00bb\u00a0<\/p>\n<blockquote class=\"ac-article-quote wall-content\">\n<p>Cependant, le samedi, quand la rue Jeanne d&rsquo;Arc est pi\u00e9tonne cela ne nous arrange pas forc\u00e9ment, et les gr\u00e8ves actuelles dans les transports nous p\u00e9nalisent.<\/p>\n<p>    <strong>Charlotte, responsable de la boutique Alice d\u00e9lice<\/strong>\n            <\/p><\/blockquote>\n<p class=\" wall-content\">\u00c0 quelques pas de porte de l\u00e0, les caves B\u00e9rigny existent depuis 35 ans. Pauline, qui y travaille depuis pr\u00e8s de deux ans, confirme la vivacit\u00e9 du secteur. \u00ab\u00a0C\u2019est un quartier qui bouge bien, les gens qui viennent ici vont \u00e0 la fois aux fruits et l\u00e9gumes, chez le boucher, le fromager ou chez un traiteur, il y a le choix. Actuellement c\u2019est relativement calme <strong>mais \u00e7a va reprendre \u00e0 l\u2019approche des f\u00eates<\/strong>.\u00a0\u00bb<\/p>\n<p>Votre r\u00e9gion, votre actu !<\/p>\n<p>Recevez chaque jour les infos qui comptent pour vous.<\/p>\n<p>\t<a href=\"https:\/\/actu.fr\/newsletter\" class=\"ac-btn ac-btn--corner ac-btn--medium ac-btn--blue800\" rel=\"nofollow noopener\" target=\"_blank\">S&rsquo;incrire<\/a><\/p>\n<blockquote class=\"ac-article-quote wall-content\">\n<p>Un point compliqu\u00e9 tout de m\u00eame, c&rsquo;est l&rsquo;acc\u00e8s aux livraisons, il y a peu de place. Et quand la rue Jeanne d&rsquo;Arc est pi\u00e9tonnis\u00e9e, \u00e7a se ressent sur notre activit\u00e9.<\/p>\n<p>    <strong>Pauline, adjointe aux caves B\u00e9rigny<\/strong>\n            <\/p><\/blockquote>\n<p class=\" wall-content\">Aux portes des hallettes, il y a l\u2019artisan Hall Fleurs, l\u00e0 \u00e9galement depuis plus de 30 ans. Juliette y travaille depuis un an. \u00ab\u00a0C\u2019est un quartier agr\u00e9able et vivant, avec beaucoup de touristes fran\u00e7ais et \u00e9trangers, note-t-elle. L\u2019\u00e9tat d\u2019esprit dans le march\u00e9 est tr\u00e8s sympa, il y a une bonne entente entre les commer\u00e7ants des hallettes.\u00a0\u00bb<\/p>\n<blockquote class=\"ac-article-quote wall-content\">\n<p>Un point \u00e0 am\u00e9liorer c&rsquo;est l&rsquo;\u00e9clairage. Le soir on est les seuls \u00e0 \u00eatre allum\u00e9s, c&rsquo;est un peu triste, \u00e7a manque de gait\u00e9.<\/p>\n<p>    <strong>Juliette, fleuriste \u00e0 Hall Fleurs<\/strong>\n            <\/p><\/blockquote>\n<p>    <img   decoding=\"async\" loading=\"lazy\" src=\"https:\/\/www.europesays.com\/fr\/wp-content\/uploads\/2025\/11\/juliette-hall-fleurs-rouen-hallettes-vieux-marche-960x640.jpg\" alt=\"Juliette, \u00e0 Hall Fleurs. \" width=\"960\" height=\"640\"\/><br \/>\n    Juliette, \u00e0 Hall Fleurs. (\u00a9FM\/76actu)<\/p>\n<p class=\" wall-content\">Du c\u00f4t\u00e9 de la ville de Rouen, l\u2019adjoint au commerce Sileymane Sow estime : \u00ab\u00a0La place du Vieux-March\u00e9 et ses rues adjacentes sont \u00e0 l\u2019image du commerce et de l\u2019artisanat rouennais : malgr\u00e9 les difficult\u00e9s \u00e9conomiques, le taux de vacance est proche de z\u00e9ro. C\u2019est tout \u00e0 fait notable. On trouve des enseignes embl\u00e9matiques, comme la <strong>maison Monville<\/strong> (fruits et l\u00e9gumes), la <strong>boulangerie Cressent<\/strong>, <strong>Famille Mary<\/strong>, qui propose des produits li\u00e9s au miel tr\u00e8s int\u00e9ressants, ou encore, pour ne citer qu\u2019eux, <strong>une belle boucherie traditionnelle<\/strong>.\u00a0\u00bb<\/p>\n<blockquote class=\"ac-article-quote wall-content\">\n<p>On voit aussi de belles enseignes de textile qui r\u00e9sistent, et l&rsquo;arriv\u00e9e de la parfumerie Roel, c&rsquo;est un beau challenge. Sans parler des hallettes, c&rsquo;est rare d&rsquo;avoir ici r\u00e9unis des professionnels de cette qualit\u00e9. Tout cela, c&rsquo;est le commerce qu&rsquo;on aime, ce secteur fait partie de l&rsquo;identit\u00e9 de Rouen.<\/p>\n<p>    <strong>Sileymane Sow, adjoint au commerce<\/strong>\n            <\/p><\/blockquote>\n<p class=\" wall-content\">Le d\u00e9fi, dans un contexte o\u00f9 les habitudes des consommateurs \u00e9voluent, est donc de pr\u00e9server cette vitalit\u00e9. \u00ab\u00a0Cette dynamique a des avantages et des inconv\u00e9nients, car du coup, <strong>les valeurs locatives ici sont tr\u00e8s fortes<\/strong> et tout le monde ne peut pas venir dans le secteur, constate l\u2019\u00e9lu. Un des enjeux pour maintenir cette dynamique et cette qualit\u00e9 est l\u2019aspect \u00e9v\u00e9nementiel. Il y a les F\u00eates Jeanne d\u2019Arc et la F\u00eate du ventre, mais je note avec satisfaction qu\u2019un <strong>comit\u00e9 de commer\u00e7ants est en train de se remonter place de la Pucelle<\/strong>.\u00a0\u00bb\u00a0<\/p>\n<p class=\" wall-content\">\n    <img   decoding=\"async\" loading=\"lazy\" src=\"https:\/\/www.europesays.com\/fr\/wp-content\/uploads\/2025\/11\/hallettes-vieux-marche-rouen-960x640.jpg\" alt=\"Dans les hallettes du Vieux-March\u00e9. \" width=\"960\" height=\"640\"\/><br \/>\n    Dans les hallettes du Vieux-March\u00e9. (\u00a9FM\/76actu)<br \/>\n    <img   decoding=\"async\" loading=\"lazy\" src=\"https:\/\/www.europesays.com\/fr\/wp-content\/uploads\/2025\/11\/rue-gros-horloge-rouen-place-vieux-marche-960x640.jpg\" alt=\"Un flux important de badauds arrive dans le secteur par la rue du Gros-Horloge. \" width=\"960\" height=\"640\"\/><br \/>\n    Un flux important de badauds arrive dans le secteur par la rue du Gros-Horloge. (\u00a9FM\/76actu)<\/p>\n<p>Suivez l\u2019actualit\u00e9 de Rouen sur notre <a href=\"https:\/\/www.whatsapp.com\/channel\/0029VaKfnf99hXF2ddApFB1D\" rel=\"nofollow noopener\" target=\"_blank\">cha\u00eene WhatsApp<\/a> et sur notre <a href=\"https:\/\/www.tiktok.com\/@76actu.fr?lang=fr\" rel=\"nofollow noopener\" target=\"_blank\">compte TikTok<\/a><\/p>\n<p class=\" wall-content\">Personnalisez votre actualit\u00e9 en ajoutant vos villes et m\u00e9dias en favori avec <a href=\"https:\/\/moncompte.actu.fr\" title=\"D\u00e9couvez Mon Actu\" rel=\"nofollow noopener\" data-trk=\"{&quot;cta&quot;:{&quot;action&quot;:&quot;https:\\\/\\\/moncompte.actu.fr&quot;,&quot;category&quot;:&quot;mon compte&quot;,&quot;from&quot;:&quot;article footer&quot;,&quot;name&quot;:&quot;Mon actu&quot;,&quot;type&quot;:&quot;cta&quot;}}\" target=\"_blank\">Mon Actu<\/a>.<\/p>\n<p>                    <script async src=\"\/\/www.tiktok.com\/embed.js\"><\/script><\/p>\n","protected":false},"excerpt":{"rendered":"Par Fabien Massin Publi\u00e9 le 15 nov. 2025 \u00e0 7h42 C\u2019est un peu le ventre de Rouen (Seine-Maritime),&hellip;\n","protected":false},"author":2,"featured_media":535522,"comment_status":"","ping_status":"","sticky":false,"template":"","format":"standard","meta":{"footnotes":""},"categories":[9587],"tags":[1111,11,9086,215,33,1777,674,1011,27,1661,12,5161,25,9590],"class_list":{"0":"post-535521","1":"post","2":"type-post","3":"status-publish","4":"format-standard","5":"has-post-thumbnail","7":"category-rouen","8":"tag-actu","9":"tag-actualites","10":"tag-bon-plan-a-rouen","11":"tag-commerce","12":"tag-economie","13":"tag-eu","14":"tag-europe","15":"tag-fr","16":"tag-france","17":"tag-gastronomie","18":"tag-news","19":"tag-normandie","20":"tag-republique-francaise","21":"tag-rouen"},"share_on_mastodon":{"url":"https:\/\/pubeurope.com\/@fr\/115552624912531481","error":""},"_links":{"self":[{"href":"https:\/\/www.europesays.com\/fr\/wp-json\/wp\/v2\/posts\/535521","targetHints":{"allow":["GET"]}}],"collection":[{"href":"https:\/\/www.europesays.com\/fr\/wp-json\/wp\/v2\/posts"}],"about":[{"href":"https:\/\/www.europesays.com\/fr\/wp-json\/wp\/v2\/types\/post"}],"author":[{"embeddable":true,"href":"https:\/\/www.europesays.com\/fr\/wp-json\/wp\/v2\/users\/2"}],"replies":[{"embeddable":true,"href":"https:\/\/www.europesays.com\/fr\/wp-json\/wp\/v2\/comments?post=535521"}],"version-history":[{"count":0,"href":"https:\/\/www.europesays.com\/fr\/wp-json\/wp\/v2\/posts\/535521\/revisions"}],"wp:featuredmedia":[{"embeddable":true,"href":"https:\/\/www.europesays.com\/fr\/wp-json\/wp\/v2\/media\/535522"}],"wp:attachment":[{"href":"https:\/\/www.europesays.com\/fr\/wp-json\/wp\/v2\/media?parent=535521"}],"wp:term":[{"taxonomy":"category","embeddable":true,"href":"https:\/\/www.europesays.com\/fr\/wp-json\/wp\/v2\/categories?post=535521"},{"taxonomy":"post_tag","embeddable":true,"href":"https:\/\/www.europesays.com\/fr\/wp-json\/wp\/v2\/tags?post=535521"}],"curies":[{"name":"wp","href":"https:\/\/api.w.org\/{rel}","templated":true}]}}