{"id":535527,"date":"2025-11-15T07:54:17","date_gmt":"2025-11-15T07:54:17","guid":{"rendered":"https:\/\/www.europesays.com\/fr\/535527\/"},"modified":"2025-11-15T07:54:17","modified_gmt":"2025-11-15T07:54:17","slug":"le-livre-noir-des-verts-lfi-a-grenoble","status":"publish","type":"post","link":"https:\/\/www.europesays.com\/fr\/535527\/","title":{"rendered":"LE LIVRE NOIR DES VERTS\/LFI \u00c0 GRENOBLE"},"content":{"rendered":"<p>Posted On 15 novembre 2025 <\/p>\n<p style=\"text-align: justify;\">Apr\u00e8s la publication de notre <a href=\"https:\/\/grenoble-le-changement.fr\/2025\/10\/27\/lancien-directeur-du-cnac-magasin-la-volonte-de-mettre-la-culture-au-pas\/\" target=\"_blank\" rel=\"noopener\">entretien avec l&rsquo;ex directeur du CNAC \/ Magasin<\/a>, alors que l&#8217;embl\u00e9matique lieu de culture qu&rsquo;est <a href=\"https:\/\/grenoble-le-changement.fr\/2025\/11\/13\/bobine-occupee-la-municipalite-se-fait-manger-par-lultra-gauche-quelle-entretient\/\" target=\"_blank\" rel=\"noopener\">La Bobine est occup\u00e9<\/a> et que le projet de fermeture de nouvelles biblioth\u00e8ques est \u00e0 nouveau contest\u00e9, le tour d&rsquo;horizon du bilan culturel des Verts\/LFI est \u00e9difiant.<\/p>\n<p style=\"text-align: justify;\">Depuis 2014, la politique culturelle men\u00e9e par la municipalit\u00e9 Piolle est un cumul de d\u00e9cisions contest\u00e9es, de fermetures d&rsquo;\u00e9quipements, de crises institutionnelles et de d\u00e9missions en cascade. Le bilan document\u00e9 contraste singuli\u00e8rement avec l&rsquo;affichage progressiste de la mairie. Entre id\u00e9ologie rigide et incomp\u00e9tence manag\u00e9riale, le monde culturel grenoblois a v\u00e9cu douze ann\u00e9es difficiles.<\/p>\n<p>2014 : LES MUSICIENS DU LOUVRE ABANDONN\u00c9S<\/p>\n<p style=\"text-align: justify;\"><a target=\"_blank\" href=\"https:\/\/www.lejournaldesarts.fr\/actualites\/grenoble-la-culture-lepreuve-de-lecologie-150856\" rel=\"noopener\">D\u00e8s 2014, l&rsquo;une des premi\u00e8res d\u00e9cisions du nouveau maire : supprimer 400 000 euros de subvention aux Musiciens du Louvre<\/a>. Cet orchestre prestigieux dirig\u00e9 par Marc Minkowski \u00e9tait \u00e9tabli \u00e0 Grenoble depuis des ann\u00e9es. Le coup symbolique est violent : la nouvelle municipalit\u00e9 \u00e9cologiste annonce d&#8217;embl\u00e9e qu&rsquo;elle ne soutiendra pas l&rsquo;excellence artistique si elle ne correspond pas \u00e0 ses crit\u00e8res id\u00e9ologiques.<\/p>\n<p><a href=\"https:\/\/grenoble-le-changement.fr\/wp-content\/uploads\/2016\/02\/Musiciens-du-Louvre-minkowski-photo-dl-225x225.jpg\" rel=\"lightbox[86138] noopener\" target=\"_blank\"><img loading=\"lazy\" decoding=\"async\" class=\" wp-image-3097 jetpack-lazy-image\" src=\"https:\/\/grenoble-le-changement.fr\/wp-content\/uploads\/2016\/02\/Musiciens-du-Louvre-minkowski-photo-dl-225x225.jpg\" alt=\"\" width=\"478\" height=\"478\" data-lazy-src=\"https:\/\/www.europesays.com\/fr\/wp-content\/uploads\/2025\/11\/Musiciens-du-Louvre-minkowski-photo-dl-225x225.jpg\" \/><\/a>Marc Minkowski<\/p>\n<p style=\"text-align: justify;\">Le message est clair : peu importe le rayonnement international d&rsquo;une institution, peu importe sa qualit\u00e9 artistique reconnue. Seule compte la conformit\u00e9 aux priorit\u00e9s politiques de la majorit\u00e9. Les Musiciens du Louvre quitteront progressivement Grenoble.<\/p>\n<p>2016 : LES BIBLIOTH\u00c8QUES FERM\u00c9ES DANS LES QUARTIERS<\/p>\n<p style=\"text-align: justify;\"><a target=\"_blank\" href=\"https:\/\/www.rue89lyon.fr\/2016\/10\/20\/grenoble-bibliothecaires-en-tete-de-lutte-contre-plan-de-rigueur-municipal\/\" rel=\"noopener\">En juillet 2016, la municipalit\u00e9 ferme deux biblioth\u00e8ques<\/a> : Pr\u00e9mol et Hauquelin. La premi\u00e8re se situe dans le quartier sensible du Village Olympique. Tout \u00e7a pour r\u00e9aliser une \u00e9conomie pr\u00e9vue \u00e0 300 000 euros qui ne changera rien \u00e0 la trajectoire financi\u00e8re de la ville.<a target=\"_blank\" href=\"https:\/\/www.franceculture.fr\/environnement\/la-revolution-culturelle-de-lecologie-politique-a-grenoble\" rel=\"noopener\"> Pourtant, Piolle avait promis en campagne de \u00ab\u00a0maintenir les 14 biblioth\u00e8ques\u00a0\u00bb<\/a> (engagement n\u00b0110 de son programme).<\/p>\n<p><a href=\"https:\/\/grenoble-le-changement.fr\/wp-content\/uploads\/2023\/12\/Manif-bibliothe\u0301ques-e-.png\" rel=\"lightbox[86138] noopener\" target=\"_blank\"><img loading=\"lazy\" decoding=\"async\" class=\" wp-image-70827 jetpack-lazy-image\" src=\"https:\/\/grenoble-le-changement.fr\/wp-content\/uploads\/2023\/12\/Manif-bibliothe\u0301ques-e--300x201.png\" alt=\"\" width=\"546\" height=\"366\" data-lazy-src=\"https:\/\/www.europesays.com\/fr\/wp-content\/uploads\/2025\/11\/Manif-bibliothe\u0301ques-e--300x201.png\" \/><\/a>Manifestation contre les suppressions de biblioth\u00e8ques en 2016.<\/p>\n<p style=\"text-align: justify;\"><a target=\"_blank\" href=\"https:\/\/www.franceculture.fr\/environnement\/la-revolution-culturelle-de-lecologie-politique-a-grenoble\" rel=\"noopener\">Cette d\u00e9cision lui \u00ab\u00a0colle \u00e0 la peau comme un label radioactif\u00a0\u00bb<\/a> selon France Culture. Elle symbolise l&rsquo;abandon des quartiers au nom d&rsquo;un plan de rigueur dont les habitants font les frais. Les biblioth\u00e8ques, lieux de savoir et d&rsquo;\u00e9mancipation accessibles gratuitement, disparaissent l\u00e0 o\u00f9 elles seraient le plus n\u00e9cessaires.<\/p>\n<p>2016 : MUNICIPALISATION FORC\u00c9E ET EXPULSIONS<\/p>\n<p style=\"text-align: justify;\"><a target=\"_blank\" href=\"https:\/\/france3-regions.franceinfo.fr\/auvergne-rhone-alpes\/collectif-tricycle-proteste-mairie-grenoble-contre-politique-culturelle-1075743.html\" rel=\"noopener\">En d\u00e9but de mandat, les Piollistes municipalisent le Th\u00e9\u00e2tre 145 et le Th\u00e9\u00e2tre de Poche<\/a>. Le collectif Tricycle, qui g\u00e9rait ces lieux depuis cinq ans, est expuls\u00e9. Les professionnels d\u00e9noncent le \u00ab\u00a0manque de concertation, manque de discussion\u00a0\u00bb. La m\u00e9thode Piolle s&rsquo;affirme : reprendre en main directement les \u00e9quipements pour imposer la ligne politique.<\/p>\n<p><a href=\"https:\/\/grenoble-le-changement.fr\/wp-content\/uploads\/2023\/07\/Capture-de\u0301cran-2023-07-27-a\u0300-19.14.31.png\" rel=\"lightbox[86138] noopener\" target=\"_blank\"><img loading=\"lazy\" decoding=\"async\" class=\" wp-image-65354 jetpack-lazy-image\" src=\"https:\/\/grenoble-le-changement.fr\/wp-content\/uploads\/2023\/07\/Capture-de\u0301cran-2023-07-27-a\u0300-19.14.31-214x300.png\" alt=\"\" width=\"419\" height=\"587\" data-lazy-src=\"https:\/\/www.europesays.com\/fr\/wp-content\/uploads\/2025\/11\/Capture-de\u0301cran-2023-07-27-a\u0300-19.14.31-214x300.png\" \/><\/a>Les chiffres de fr\u00e9quentation du th\u00e9\u00e2tre. Un crash complet.<\/p>\n<p style=\"text-align: justify;\"><a href=\"https:\/\/grenoble-le-changement.fr\/2024\/06\/04\/la-main-mise-sur-la-culture-passe-de-plus-en-plus-mal-piolle-conspue\/\" target=\"_blank\" rel=\"noopener\">Les chiffres du Th\u00e9\u00e2tre Municipal illustrent l&rsquo;\u00e9chec de cette gestion municipale directe<\/a> : de 54 000 spectateurs par saison en 2002, il est tomb\u00e9 \u00e0 5 000 en 2022. La municipalisation n&rsquo;a pas am\u00e9lior\u00e9 l&rsquo;offre culturelle, elle l&rsquo;a \u00e9trangl\u00e9e.<\/p>\n<p>LE CIEL LIQUID\u00c9, LES FESTIVALS SUPPRIM\u00c9S<\/p>\n<p style=\"text-align: justify;\"><a target=\"_blank\" href=\"https:\/\/www.lejournaldesarts.fr\/actualites\/grenoble-la-culture-lepreuve-de-lecologie-150856\" rel=\"noopener\">En 2016, le CIEL (Centre d&rsquo;Innovation et d&rsquo;\u00c9change Lyrique), \u00e9tablissement consacr\u00e9 aux musiques actuelles, est liquid\u00e9<\/a>. Plusieurs festivals sont supprim\u00e9s.<a target=\"_blank\" href=\"https:\/\/www.lejournaldesarts.fr\/actualites\/grenoble-la-culture-lepreuve-de-lecologie-150856\" rel=\"noopener\"> J\u00e9r\u00f4me Safar, conseiller municipal PS, constate<\/a> : \u00ab\u00a0Ces \u00e9conomies n&rsquo;ont pas \u00e9t\u00e9 redistribu\u00e9es sur d&rsquo;autres secteurs\u00a0\u00bb. L&rsquo;argent \u00e9conomis\u00e9 sur la culture n&rsquo;a pas servi \u00e0 financer d&rsquo;autres projets culturels, il a simplement disparu du budget.<\/p>\n<p style=\"text-align: justify;\">La liquidation du CIEL prive Grenoble de ce lieu d\u00e9di\u00e9 aux musiques actuelles, secteur pourtant dynamique et populaire. Mais l\u00e0 encore, ce ne sont pas les priorit\u00e9s id\u00e9ologiques de la municipalit\u00e9.<\/p>\n<p>2017-2019 : LE BUDGET CULTUREL AMPUT\u00c9 DE 4 MILLIONS<\/p>\n<p style=\"text-align: justify;\"><a target=\"_blank\" href=\"https:\/\/www.lejournaldesarts.fr\/actualites\/grenoble-la-culture-lepreuve-de-lecologie-150856\" rel=\"noopener\">Entre 2017 et 2019, le budget culture passe de 30,5 millions \u00e0 26,6 millions d&rsquo;euros<\/a>, soit une baisse de 4 millions en trois ans. Le budget musique et spectacle vivant est divis\u00e9 par deux : de 7,1 millions \u00e0 3,5 millions. Le budget personnel culturel recule de 1,07 million \u00e0 854 000 euros.<\/p>\n<p style=\"text-align: justify;\"><a target=\"_blank\" href=\"https:\/\/www.lejournaldesarts.fr\/actualites\/grenoble-la-culture-lepreuve-de-lecologie-150856\" rel=\"noopener\">Jean-Pierre Saez, directeur de l&rsquo;Observatoire des politiques culturelles, analyse<\/a> : \u00ab\u00a0la baisse est li\u00e9e au choix de ne pas accorder de priorit\u00e9 \u00e0 la culture\u00a0\u00bb. Pendant que la communication municipale vante \u00ab\u00a0l&rsquo;\u00e9cologie culturelle\u00a0\u00bb, les moyens fondent et les \u00e9quipements ferment.<\/p>\n<p>LE MAGASIN DEVENU UN \u00ab\u00a0BATEAU IVRE\u00a0\u00bb<\/p>\n<p style=\"text-align: justify;\"><a href=\"https:\/\/grenoble-le-changement.fr\/2021\/03\/01\/frederic-martel-france-culture-et-e-piolle-oukases-coups-de-menton-et-arbitraire-politique\/\" target=\"_blank\" rel=\"noopener\">Le Magasin, centre d&rsquo;art contemporain national de Grenoble, devient \u00e9galement un \u00ab\u00a0bateau ivre\u00a0\u00bb<\/a> selon Fr\u00e9d\u00e9ric Martel de France Culture. Piolle a d&rsquo;abord soutenu puis s&rsquo;est \u00ab\u00a0brutalement d\u00e9solidaris\u00e9\u00a0\u00bb de la direction. Les changements de cap brutaux emp\u00eachent toute sortie de crise alors que le fonctionnement d&rsquo;un centre d&rsquo;art contemporain exige stabilit\u00e9 et confiance entre \u00e9lus et direction. \u00c0 Grenoble, c&rsquo;est le r\u00e8gne de l&rsquo;arbitraire politique, des oukases et des coups de menton. L&rsquo;institution culturelle subit les humeurs du maire et de sa majorit\u00e9.<\/p>\n<p><a href=\"https:\/\/grenoble-le-changement.fr\/wp-content\/uploads\/2025\/10\/yves-aupetitallot.png\" rel=\"lightbox[86138] noopener\" target=\"_blank\"><img loading=\"lazy\" decoding=\"async\" class=\" wp-image-85752 jetpack-lazy-image\" src=\"https:\/\/grenoble-le-changement.fr\/wp-content\/uploads\/2025\/10\/yves-aupetitallot-284x300.png\" alt=\"\" width=\"536\" height=\"566\" data-lazy-src=\"https:\/\/www.europesays.com\/fr\/wp-content\/uploads\/2025\/11\/yves-aupetitallot-284x300.png\" \/><\/a>Le t\u00e9moignage de Yves Aupetitallot, l&rsquo;ex directeur du CNAC\/Le Magasin de 1996 \u00e0 2015, sur la \u00ab\u00a0volont\u00e9 de mettre la culture au pas\u00a0\u00bb est \u00e0 retrouver <a href=\"https:\/\/grenoble-le-changement.fr\/2025\/10\/27\/lancien-directeur-du-cnac-magasin-la-volonte-de-mettre-la-culture-au-pas\/\" target=\"_blank\" rel=\"noopener\">ici<\/a><br \/>\nUNE ADJOINTE \u00c0 LA CULTURE INCOMP\u00c9TENTE<\/p>\n<p style=\"text-align: justify;\"><a target=\"_blank\" href=\"https:\/\/www.fdesouche.com\/2021\/02\/28\/enquete-de-france-culture-a-grenoble-ce-qui-ma-frappe-dabord-cest-la-mefiance-des-uns-vis-a-vis-des-autres-la-peur-et-la-violence-politique-qui-semblent-avoir-atteint\/\" rel=\"noopener\">Corinne Bernard, cheffe de gare \u00e0 Clelles, est bombard\u00e9e adjointe \u00e0 la culture en 2014<\/a> \u00ab\u00a0faute de candidat\u00a0\u00bb sur la liste Piolle. Des professionnels t\u00e9moignent qu&rsquo;elle t\u00e9l\u00e9phonait constamment : \u00ab\u00a0Aidez-moi, expliquez-moi la culture\u00a0\u00bb.<a target=\"_blank\" href=\"https:\/\/www.franceculture.fr\/environnement\/la-revolution-culturelle-de-lecologie-politique-a-grenoble\" rel=\"noopener\"> Apr\u00e8s six ans, elle est destitu\u00e9e<\/a>, \u00ab\u00a0d\u00e9pit\u00e9e par un monde culturel qui a demand\u00e9 son scalp\u00a0\u00bb. Elle sera remplac\u00e9e lors du second mandat par Lucille Lheureux, qui n&rsquo;est pas plus comp\u00e9tente en mati\u00e8re de culture et avait jusque-l\u00e0 brill\u00e9 comme &#8230; adjointe \u00e0 la propret\u00e9 (on a vu le r\u00e9sultat).<\/p>\n<p style=\"text-align: justify;\">La nomination d&rsquo;une personne sans comp\u00e9tence dans le domaine illustre le m\u00e9pris de la municipalit\u00e9 pour le secteur culturel. L&rsquo;expertise professionnelle compte moins que l&rsquo;appartenance politique. Les cons\u00e9quences de cette incomp\u00e9tence se mesurent dans les crises successives.<\/p>\n<p>CLIMAT DE PEUR ET D\u00c9MISSIONS EN CASCADE<\/p>\n<p style=\"text-align: justify;\"><a target=\"_blank\" href=\"https:\/\/www.franceculture.fr\/environnement\/la-revolution-culturelle-de-lecologie-politique-a-grenoble\" rel=\"noopener\">Fr\u00e9d\u00e9ric Martel d\u00e9crit dans son enqu\u00eate tr\u00e8s fouill\u00e9e pour France Culture<\/a> : \u00ab\u00a0m\u00e9fiance, peur et violence politique ont atteint les hommes et femmes d&rsquo;art\u00a0\u00bb. Les directeurs culturels parlent \u00ab\u00a0\u00e0 voix basse\u00a0\u00bb du \u00ab\u00a0khmer vert\u00a0\u00bb. \u00ab\u00a0Plusieurs directeurs ont claqu\u00e9 la porte avec fracas\u00a0\u00bb. \u00ab\u00a0Au moins 5 autres en burn-out\u00a0\u00bb. Le centre chor\u00e9graphique a \u00e9t\u00e9 \u00ab\u00a0d\u00e9capit\u00e9\u00a0\u00bb apr\u00e8s le d\u00e9part du duo directorial.<\/p>\n<p style=\"text-align: justify;\">Ce climat d\u00e9l\u00e9t\u00e8re n&rsquo;est pas le fruit du hasard. Il r\u00e9sulte d&rsquo;une gestion politique brutale, d&rsquo;un manque de confiance, d&rsquo;une suspicion permanente envers les professionnels de la culture. La municipalit\u00e9 impose ses vues id\u00e9ologiques sans concertation et marginalise ceux qui r\u00e9sistent.<\/p>\n<p>PIOLLE DEVENU UN REPOUSSOIR POUR LES VILLES \u00c9COLOS<\/p>\n<p style=\"text-align: justify;\"><a href=\"https:\/\/grenoble-le-changement.fr\/2021\/03\/01\/frederic-martel-france-culture-et-e-piolle-oukases-coups-de-menton-et-arbitraire-politique\/\" target=\"_blank\" rel=\"noopener\">\u00c0 Lyon, Bordeaux, Strasbourg, Tours, Besan\u00e7on, Annecy, Poitiers : \u00ab\u00a0aucun maire n&rsquo;a l&rsquo;intention de suivre l&rsquo;exemple grenoblois\u00a0\u00bb<\/a> selon l&rsquo;enqu\u00eate de France Culture. Les \u00e9lus \u00e9cologistes ailleurs jugent la politique grenobloise \u00ab\u00a0trop brutale\u00a0\u00bb, \u00ab\u00a0trop d\u00e9sordonn\u00e9e\u00a0\u00bb, \u00ab\u00a0trop anti-culturelle\u00a0\u00bb, \u00ab\u00a0trop hostile aux \u00e9tablissements\u00a0\u00bb.<\/p>\n<p style=\"text-align: justify;\"><a target=\"_blank\" href=\"https:\/\/www.franceculture.fr\/environnement\/la-revolution-culturelle-de-lecologie-politique-a-grenoble\" rel=\"noopener\">\u00c0 EELV Paris, \u00ab\u00a0la politique culturelle grenobloise n&rsquo;est plus vraiment consid\u00e9r\u00e9e comme un exemple\u00a0\u00bb<\/a>. Le mod\u00e8le Piolle effraie jusqu&rsquo;\u00e0 ses propres alli\u00e9s politiques. Grenoble est devenue le contre-exemple \u00e0 ne pas suivre.<\/p>\n<p>CHARTES ID\u00c9OLOGIQUES ET CONTR\u00d4LE POLITIQUE<\/p>\n<p style=\"text-align: justify;\"><a href=\"https:\/\/grenoble-le-changement.fr\/2024\/06\/04\/la-main-mise-sur-la-culture-passe-de-plus-en-plus-mal-piolle-conspue\/\" target=\"_blank\" rel=\"noopener\">Piolle dans Lib\u00e9ration le 18 octobre 2022<\/a> : \u00ab\u00a0Nous attendons de tout acteur soutenu qu&rsquo;il progresse sur son empreinte \u00e9cologique, sa mixit\u00e9, son ouverture vers tous les publics\u00a0\u00bb. La formulation est euph\u00e9mis\u00e9e mais le message est clair et sera confirm\u00e9 dans la charte impos\u00e9e par Lucille Lheureux aux acteurs culturels : seuls les projets conformes aux crit\u00e8res politiques de la municipalit\u00e9 recevront des subventions.\u00a0<\/p>\n<p><a href=\"https:\/\/grenoble-le-changement.fr\/wp-content\/uploads\/2023\/12\/culture-charte-e1704863618917.webp\" target=\"_blank\" rel=\"noopener\"><img loading=\"lazy\" decoding=\"async\" class=\" wp-image-70531 jetpack-lazy-image\" src=\"https:\/\/grenoble-le-changement.fr\/wp-content\/uploads\/2023\/12\/culture-charte-e1704863618917-300x263.webp\" alt=\"\" width=\"464\" height=\"407\" data-lazy-src=\"https:\/\/www.europesays.com\/fr\/wp-content\/uploads\/2025\/04\/culture-charte-e1704863618917-300x263.webp\" \/><\/a>La charte culturelle qu&rsquo;impose la municipalit\u00e9 aux artistes et cr\u00e9ateurs qui souhaitent une subvention de la ville.<\/p>\n<p style=\"text-align: justify;\"><a href=\"https:\/\/grenoble-le-changement.fr\/2024\/06\/04\/la-main-mise-sur-la-culture-passe-de-plus-en-plus-mal-piolle-conspue\/\" target=\"_blank\" rel=\"noopener\">Claire Moul\u00e8ne dans Lib\u00e9ration fustige<\/a> \u00ab\u00a0la municipalisation forc\u00e9e, la suppression de t\u00eates d&rsquo;affiches, la gestion catastrophique du Centre d&rsquo;art Contemporain\u00a0\u00bb. La ville d\u00e9termine ses soutiens sur \u00ab\u00a0ses crit\u00e8res politiques\u00a0\u00bb et bride la cr\u00e9ation artistique. L&rsquo;\u00e9cologie politique devient une machine \u00e0 normaliser et contr\u00f4ler la production culturelle.<\/p>\n<p>VERS DE NOUVELLES FERMETURES DE BIBLIOTH\u00c8QUES<\/p>\n<p style=\"text-align: justify;\">Pendant ce mandat, la municipalit\u00e9 a \u00e9galement sorti <a href=\"https:\/\/grenoble-le-changement.fr\/2025\/05\/06\/bibliotheques-le-plan-municipal-de-suppression-se-poursuit\/\" target=\"_blank\" rel=\"noopener\">un nouveau projet de suppression de deux biblioth\u00e8ques<\/a> (Centre-ville et Jardin de ville) et d&rsquo;amputation du fond d&rsquo;une troisi\u00e8me (Kateb Yacine, \u00e0 Grand Place). Pour tenter de faire avaler la pilule, elle vend une extension de la biblioth\u00e8que centrale \u00e0 Chavant, mais cette centralisation du r\u00e9seau ne trompe pas et les habitants se mobilisent contre le projet des Verts\/LFI.<\/p>\n<p><a href=\"https:\/\/grenoble-le-changement.fr\/wp-content\/uploads\/2024\/12\/bibli-manif-lheureux.jpg\" rel=\"lightbox[86138] noopener\" target=\"_blank\"><img loading=\"lazy\" decoding=\"async\" class=\" wp-image-78693 jetpack-lazy-image\" src=\"https:\/\/grenoble-le-changement.fr\/wp-content\/uploads\/2024\/12\/bibli-manif-lheureux-300x225.jpg\" alt=\"\" width=\"491\" height=\"368\" data-lazy-src=\"https:\/\/www.europesays.com\/fr\/wp-content\/uploads\/2025\/11\/bibli-manif-lheureux-300x225.jpg\" \/><\/a>Inauguration de la biblioth\u00e8que aux Eaux Claires \/ Mistral en d\u00e9cembre (3 mois avant qu&rsquo;elle ne soit incendi\u00e9e) : manifestation des biblioth\u00e9caires de la ville pour d\u00e9noncer la centralisation excessive\u00a0\u00bb, \u00ab\u00a0les \u00e9changes compliqu\u00e9s\u00a0\u00bb, \u00ab\u00a0le manque d&rsquo;anticipation\u00a0\u00bb.<\/p>\n<p style=\"text-align: justify;\">Ce serait un nouveau recul consid\u00e9rable du r\u00e9seau de lecture publique grenoblois, d\u00e9j\u00e0 amput\u00e9 en 2016, alors qu&rsquo;entre 2017 et 2021 on constatait -50% de fr\u00e9quentation dans les biblioth\u00e8ques.<\/p>\n<p>LA CULTURE FRAGMENT\u00c9E ET REPLI\u00c9E<\/p>\n<p style=\"text-align: justify;\">Deux logiques se d\u00e9gage de ces douze ann\u00e9es avec les Verts\/LFI aux manettes. Une purement comptable \u00e0 la petite semaine, en r\u00e9duisant les \u00e9quipements culturels de proximit\u00e9. Et une id\u00e9ologique, qui consiste \u00e0 mettre la bride sur tous les acteurs culturels pour contr\u00f4ler leur production. Les chiffres de fr\u00e9quentation du th\u00e9\u00e2tre, des biblioth\u00e8ques, attestent du non-sens de cette politique qui se poursuivrait avec <a href=\"https:\/\/grenoble-le-changement.fr\/2025\/11\/10\/laurence-ruffin-limposture-verte-se-fait-discrete\/\" target=\"_blank\" rel=\"noopener\">Laurence Ruffin (Verts) si l&rsquo;h\u00e9riti\u00e8re de Piolle \u00e9tait \u00e9lue<\/a>.<\/p>\n<p style=\"text-align: justify;\">Cette politique culturelle, \u00e0 force de vouloir soutenir LES cultureS au pluriel selon une grille id\u00e9ologique rigide, ne soutient finalement plus LA culture du tout. Le r\u00e9sultat est une politique culturelle fragment\u00e9e, affaiblie, soumise aux diktats politiques, et incapable d&rsquo;assurer sa mission premi\u00e8re : offrir \u00e0 tous les habitants un acc\u00e8s \u00e9gal aux \u0153uvres, aux savoirs et \u00e0 la cr\u00e9ation artistique.<\/p>\n","protected":false},"excerpt":{"rendered":"Posted On 15 novembre 2025 Apr\u00e8s la publication de notre entretien avec l&rsquo;ex directeur du CNAC \/ Magasin,&hellip;\n","protected":false},"author":2,"featured_media":535528,"comment_status":"","ping_status":"","sticky":false,"template":"","format":"standard","meta":{"footnotes":""},"categories":[9566],"tags":[1111,11,2430,65485,15173,9607,1777,674,1011,27,15175,2731,65486,10610,10612,65487,12,25,15177],"class_list":{"0":"post-535527","1":"post","2":"type-post","3":"status-publish","4":"format-standard","5":"has-post-thumbnail","7":"category-grenoble","8":"tag-actu","9":"tag-actualites","10":"tag-auvergne-rhone-alpes","11":"tag-claire-moulene","12":"tag-corinne-bernard","13":"tag-eric-piolle","14":"tag-eu","15":"tag-europe","16":"tag-fr","17":"tag-france","18":"tag-frederic-martel","19":"tag-grenoble","20":"tag-jean-pierre-saez","21":"tag-jerome-safar","22":"tag-lucille-lheureux","23":"tag-marc-minkowski","24":"tag-news","25":"tag-republique-francaise","26":"tag-yves-aupetitallot"},"share_on_mastodon":{"url":"https:\/\/pubeurope.com\/@fr\/115552641882059993","error":""},"_links":{"self":[{"href":"https:\/\/www.europesays.com\/fr\/wp-json\/wp\/v2\/posts\/535527","targetHints":{"allow":["GET"]}}],"collection":[{"href":"https:\/\/www.europesays.com\/fr\/wp-json\/wp\/v2\/posts"}],"about":[{"href":"https:\/\/www.europesays.com\/fr\/wp-json\/wp\/v2\/types\/post"}],"author":[{"embeddable":true,"href":"https:\/\/www.europesays.com\/fr\/wp-json\/wp\/v2\/users\/2"}],"replies":[{"embeddable":true,"href":"https:\/\/www.europesays.com\/fr\/wp-json\/wp\/v2\/comments?post=535527"}],"version-history":[{"count":0,"href":"https:\/\/www.europesays.com\/fr\/wp-json\/wp\/v2\/posts\/535527\/revisions"}],"wp:featuredmedia":[{"embeddable":true,"href":"https:\/\/www.europesays.com\/fr\/wp-json\/wp\/v2\/media\/535528"}],"wp:attachment":[{"href":"https:\/\/www.europesays.com\/fr\/wp-json\/wp\/v2\/media?parent=535527"}],"wp:term":[{"taxonomy":"category","embeddable":true,"href":"https:\/\/www.europesays.com\/fr\/wp-json\/wp\/v2\/categories?post=535527"},{"taxonomy":"post_tag","embeddable":true,"href":"https:\/\/www.europesays.com\/fr\/wp-json\/wp\/v2\/tags?post=535527"}],"curies":[{"name":"wp","href":"https:\/\/api.w.org\/{rel}","templated":true}]}}