{"id":53553,"date":"2025-04-26T05:02:10","date_gmt":"2025-04-26T05:02:10","guid":{"rendered":"https:\/\/www.europesays.com\/fr\/53553\/"},"modified":"2025-04-26T05:02:10","modified_gmt":"2025-04-26T05:02:10","slug":"je-nen-dors-toujours-pas-la-nuit-apres-les-inondations-en-ille-et-vilaine-la-galere-continue-pour-ces-habitants","status":"publish","type":"post","link":"https:\/\/www.europesays.com\/fr\/53553\/","title":{"rendered":"\u00ab\u00a0Je n\u2019en dors toujours pas la nuit\u00a0\u00bb\u00a0: apr\u00e8s les inondations en Ille-et-Vilaine, la gal\u00e8re continue pour ces habitants"},"content":{"rendered":"<p>Avec le retour du printemps, le village de Pont-R\u00e9an, sur la commune de Guichen, a retrouv\u00e9 son cadre bucolique. Les berges de Vilaine sont baign\u00e9es de soleil, et le halage envahi de promeneurs. Un site particuli\u00e8rement appr\u00e9ci\u00e9 aux beaux jours. Pourtant, il y a trois mois presque jour pour jour, Pont-R\u00e9an \u00e9tait litt\u00e9ralement sous les eaux, touch\u00e9e de plein fouet par la crue historique de la Vilaine. Ici, l\u2019eau est mont\u00e9e jusqu\u2019\u00e0 4,81 m. Une hauteur historique qui a provoqu\u00e9 de nombreuses inondations.<\/p>\n<p>Ce fut le cas notamment de la rue de Louvain, dans le bourg. Ce jeudi 24 avril 2025, les jardins de cette petite art\u00e8re pavillonnaire sont dens\u00e9ment fleuris. Difficile d\u2019imaginer qu\u2019en d\u00e9but d\u2019ann\u00e9e, elle s\u2019est transform\u00e9e en lac. Et pourtant. Au milieu de la rue, l\u2019\u00e9cole primaire priv\u00e9e a \u00e9t\u00e9 enti\u00e8rement inond\u00e9e quelques semaines seulement apr\u00e8s sa r\u00e9novation compl\u00e8te.<\/p>\n<p><img decoding=\"async\" src=\"https:\/\/www.europesays.com\/fr\/wp-content\/uploads\/2025\/04\/680bb4596ce23b411905ee14.1.jpeg\" width=\"480\" height=\"300\" class=\"web_golden_m\" loading=\"lazy\" alt=\"Fin janvier, Pont-R\u00e9an a \u00e9t\u00e9 enti\u00e8rement inond\u00e9e par la crue historique de la Vilaine.\"\/>Fin janvier, Pont-R\u00e9an a \u00e9t\u00e9 enti\u00e8rement inond\u00e9e par la crue historique de la Vilaine. (Lionel Le Saux\/Le T\u00e9l\u00e9gramme)Toujours en attente des assurances<\/p>\n<p>Les pavillons, eux aussi, ont \u00e9t\u00e9 durement touch\u00e9s. Et trois mois apr\u00e8s, la gal\u00e8re n\u2019est toujours pas derri\u00e8re eux. Au fond de la rue, Nicole, 80 ans, est toujours emp\u00eatr\u00e9e avec les assurances. \u00ab Je n\u2019ai pas encore \u00e9t\u00e9 rembours\u00e9e. Je n\u2019en dors toujours pas la nuit. \u00bb<\/p>\n<p>Habitante de cette coquette demeure depuis 45 ans, l\u2019octog\u00e9naire a vu son sous-sol inond\u00e9 jusqu\u2019au plafond. \u00ab Toute l\u2019\u00e9lectricit\u00e9 \u00e0 la cave est \u00e0 refaire, mon monte escalier a d\u00fb \u00eatre r\u00e9par\u00e9, mais l\u2019assurance n\u2019a pas encore rembours\u00e9. Je les ai encore appel\u00e9s ce matin \u00bb. Stress\u00e9e, Nicole multiplie les rendez-vous chez le m\u00e9decin et l\u2019ost\u00e9opathe car \u00ab je n\u2019arrive pas \u00e0 m\u2019en sortir \u00bb.<\/p>\n<blockquote><p>Mes voisins sont d\u00e9finitivement partis. Ils ont d\u00e9sert\u00e9 leur maison, ces inondations ont \u00e9t\u00e9 celles de trop pour eux.<\/p><\/blockquote>\n<p>Un peu plus loin, une autre habitante, qui a eu 10 cm dans sa maison de plain-pied, se veut plus philosophe. Elle non plus n\u2019a pas encore \u00e9t\u00e9 rembours\u00e9e des travaux, \u00ab mais \u00e7a viendra, je ne m\u2019inqui\u00e8te pas. En revanche, mes voisins directs sont d\u00e9finitivement partis. Ils ont d\u00e9sert\u00e9 leur maison, ces inondations ont \u00e9t\u00e9 celles de trop pour eux \u00bb.<\/p>\n<p>\u00ab Mon propri\u00e9taire pense que je pourrai revenir en juin \u00bb<\/p>\n<p>No\u00eblle, qui habite juste en face, va elle aussi partir. \u00ab Mais c\u2019\u00e9tait pr\u00e9vu. Certains potentiels acqu\u00e9reurs ne veulent pas visiter \u00e0 cause des possibles inondations \u00bb. Chez elle, l\u2019eau est rentr\u00e9e sur 80 cm au rez-de-chauss\u00e9e. Dans la pi\u00e8ce, les plaques de pl\u00e2tres et l\u2019isolation ont \u00e9t\u00e9 d\u00e9coup\u00e9es sur un m\u00e8tre, laissant les parpaings apparents. Au sol, le parquet a \u00e9t\u00e9 retir\u00e9. \u00ab C\u2019\u00e9tait ma salle \u00e0 manger. Je l\u2019ai install\u00e9e \u00e0 l\u2019\u00e9tage depuis et cette pi\u00e8ce au rez-de-chauss\u00e9e est devenue une salle de sport. J\u2019attends qu\u2019on m\u2019installe des plaques de pl\u00e2tres sp\u00e9ciales utilis\u00e9es dans les piscines et saunas \u00bb.<\/p>\n<p><img decoding=\"async\" src=\"https:\/\/www.europesays.com\/fr\/wp-content\/uploads\/2025\/04\/680bb459cadf8ddeb00b798a.1.jpeg\" width=\"480\" height=\"300\" class=\"web_golden_m\" loading=\"lazy\" alt=\"Chez No\u00eblle, la pi\u00e8ce du rez-de-chauss\u00e9e, inond\u00e9e, a \u00e9t\u00e9 transform\u00e9e en salle de sport en attendant les travaux.\"\/>Chez No\u00eblle, la pi\u00e8ce du rez-de-chauss\u00e9e, inond\u00e9e, a \u00e9t\u00e9 transform\u00e9e en salle de sport en attendant les travaux. (Photo Le T\u00e9l\u00e9gramme\/Romain Leroux)<\/p>\n<p>\u00c0 100 m\u00e8tres, Cindy, locataire d\u2019une maison dans cette m\u00eame rue, tond la pelouse dans son jardin. Pourtant, elle n\u2019a pas encore pu faire son retour dans son logement. Depuis fin janvier, elle est relog\u00e9e dans un appart\u2019h\u00f4tel \u00e0 Guichen. \u00ab Je n\u2019ai pas pu emmener mon chat, alors il est le seul \u00e0 encore vivre ici. Je passe le voir chaque jour. \u00bb Avec 30 cm d\u2019eau \u00e0 l\u2019int\u00e9rieur, tout le sol est \u00e0 refaire. Comme les peintures aux murs. Dans sa maison, du carrelage a \u00e9t\u00e9 pos\u00e9. Le reste est encore en chantier. \u00ab On a eu trois semaines d\u2019ass\u00e8chement. Puis les experts ont d\u00fb chiffrer les d\u00e9g\u00e2ts et ensuite il faut le temps que les entreprises passent. Mon propri\u00e9taire pense que je pourrai revenir en juin. \u00bb Soit pr\u00e8s de cinq mois apr\u00e8s les inondations\u2026<\/p>\n","protected":false},"excerpt":{"rendered":"Avec le retour du printemps, le village de Pont-R\u00e9an, sur la commune de Guichen, a retrouv\u00e9 son cadre&hellip;\n","protected":false},"author":2,"featured_media":53554,"comment_status":"","ping_status":"","sticky":false,"template":"","format":"standard","meta":{"footnotes":""},"categories":[2821],"tags":[1111,11,829,4732,1777,674,1011,27,848,4458,12,584,25],"class_list":{"0":"post-53553","1":"post","2":"type-post","3":"status-publish","4":"format-standard","5":"has-post-thumbnail","7":"category-rennes","8":"tag-actu","9":"tag-actualites","10":"tag-bretagne","11":"tag-catastrophe-naturelle","12":"tag-eu","13":"tag-europe","14":"tag-fr","15":"tag-france","16":"tag-ille-et-vilaine","17":"tag-inondation","18":"tag-news","19":"tag-rennes","20":"tag-republique-francaise"},"share_on_mastodon":{"url":"https:\/\/pubeurope.com\/@fr\/114402514994451913","error":""},"_links":{"self":[{"href":"https:\/\/www.europesays.com\/fr\/wp-json\/wp\/v2\/posts\/53553","targetHints":{"allow":["GET"]}}],"collection":[{"href":"https:\/\/www.europesays.com\/fr\/wp-json\/wp\/v2\/posts"}],"about":[{"href":"https:\/\/www.europesays.com\/fr\/wp-json\/wp\/v2\/types\/post"}],"author":[{"embeddable":true,"href":"https:\/\/www.europesays.com\/fr\/wp-json\/wp\/v2\/users\/2"}],"replies":[{"embeddable":true,"href":"https:\/\/www.europesays.com\/fr\/wp-json\/wp\/v2\/comments?post=53553"}],"version-history":[{"count":0,"href":"https:\/\/www.europesays.com\/fr\/wp-json\/wp\/v2\/posts\/53553\/revisions"}],"wp:featuredmedia":[{"embeddable":true,"href":"https:\/\/www.europesays.com\/fr\/wp-json\/wp\/v2\/media\/53554"}],"wp:attachment":[{"href":"https:\/\/www.europesays.com\/fr\/wp-json\/wp\/v2\/media?parent=53553"}],"wp:term":[{"taxonomy":"category","embeddable":true,"href":"https:\/\/www.europesays.com\/fr\/wp-json\/wp\/v2\/categories?post=53553"},{"taxonomy":"post_tag","embeddable":true,"href":"https:\/\/www.europesays.com\/fr\/wp-json\/wp\/v2\/tags?post=53553"}],"curies":[{"name":"wp","href":"https:\/\/api.w.org\/{rel}","templated":true}]}}