{"id":535531,"date":"2025-11-15T07:56:19","date_gmt":"2025-11-15T07:56:19","guid":{"rendered":"https:\/\/www.europesays.com\/fr\/535531\/"},"modified":"2025-11-15T07:56:19","modified_gmt":"2025-11-15T07:56:19","slug":"interdits-puis-reintegres-pourquoi-les-panneaux-geants-de-publicite-ne-vont-pas-revenir-de-suite","status":"publish","type":"post","link":"https:\/\/www.europesays.com\/fr\/535531\/","title":{"rendered":"Interdits puis r\u00e9int\u00e9gr\u00e9s\u2026 Pourquoi les panneaux g\u00e9ants de publicit\u00e9 ne vont pas revenir de suite"},"content":{"rendered":"<p>Les publicitaires ont en partie gagn\u00e9. Oppos\u00e9s au tr\u00e8s strict r\u00e8glement local de publicit\u00e9 adopt\u00e9 en\u00a02022 par Rennes m\u00e9tropole, les afficheurs avaient intent\u00e9 plusieurs actions en justice. Leur objectif\u00a0? Faire invalider ce texte qui les avait oblig\u00e9s <a href=\"https:\/\/www.20minutes.fr\/societe\/3176027-20211119-rennes-grands-panneaux-publicitaires-bientot-interdits-metropole\" class=\"c-link c-link--is-underlined\" target=\"_blank\" rel=\"noopener\">\u00e0 d\u00e9monter les plus grands panneaux publicitaires<\/a> sur le territoire m\u00e9tropolitain. Dans une d\u00e9cision rendue le 3\u00a0novembre, le tribunal administratif de Rennes avait notamment tacl\u00e9 <a href=\"https:\/\/www.20minutes.fr\/societe\/4183434-20251104-pourquoi-rennes-fini-panneaux-publicitaires-pourtant-demontes\" class=\"c-link c-link--is-underlined\" target=\"_blank\" rel=\"noopener\">l\u2019interdiction des grands formats de 8 m\u00b2<\/a>, estimant qu\u2019elle \u00ab\u00a0n\u2019est pas l\u00e9galement justifi\u00e9e sur l\u2019ensemble du territoire\u00a0\u00bb, mais aussi la limitation \u00e0 2 m\u00b2 des panneaux num\u00e9riques.<\/p>\n<p>La juridiction ouvrait notamment la voie \u00e0 un retour de ces grands panneaux dans les zones d\u2019activit\u00e9 ou zones commerciales. Vont-ils fleurir\u00a0? \u00ab\u00a0Je ne pense pas que les publicitaires vont s\u2019y risquer. Le d\u00e9montage avait repr\u00e9sent\u00e9 un co\u00fbt non n\u00e9gligeable pour eux. Je pense que les professionnels vont attendre un peu\u00a0\u00bb, estime Laurence Besserve.<\/p>\n<\/p>\n<p>La vice-pr\u00e9sidente de Rennes m\u00e9tropole d\u00e9l\u00e9gu\u00e9e \u00e0 l\u2019am\u00e9nagement a annonc\u00e9 jeudi que sa collectivit\u00e9 r\u00e9fl\u00e9chissait \u00e0 la possibilit\u00e9 de faire appel de la d\u00e9cision du tribunal administratif. \u00ab\u00a0Notre ambition, c\u2019est de faire \u00e9voluer le r\u00e8glement national sur la publicit\u00e9. Nous consid\u00e9rons que nous ne pouvons pas laisser trop de panneaux dans les zones d\u2019activit\u00e9, notamment parce qu\u2019elles sont amen\u00e9es \u00e0 \u00e9voluer, notamment sur la mixit\u00e9 des usages.\u00a0\u00bb<\/p>\n<p>Les entr\u00e9es de ville sacrifi\u00e9es\u00a0?<\/p>\n<p>Premier vice-pr\u00e9sident de la collectivit\u00e9, Andr\u00e9 Crocq estime que le fait de penser que les entr\u00e9es de ville n\u2019ont pas de qualit\u00e9 paysag\u00e8re est \u00ab\u00a0un peu dat\u00e9\u00a0\u00bb. C\u2019est justement pour am\u00e9liorer l\u2019image de ces axes bard\u00e9s de publicit\u00e9 et \u00e9pingl\u00e9s <a href=\"https:\/\/www.20minutes.fr\/societe\/4179725-20251016-prix-france-moche-noms-quatre-communes-laureates-2025\" class=\"c-link c-link--is-underlined\" target=\"_blank\" rel=\"noopener\">dans un palmar\u00e8s de La France moche<\/a> que la m\u00e9tropole avait adopt\u00e9 \u00ab\u00a0\u00e0 l\u2019unanimit\u00e9\u00a0\u00bb un r\u00e8glement plus restrictif. En attendant un \u00e9ventuel appel, il y a fort \u00e0 parier que les panneaux ne soient pas remont\u00e9s. Pour l\u2019instant.<\/p>\n","protected":false},"excerpt":{"rendered":"Les publicitaires ont en partie gagn\u00e9. Oppos\u00e9s au tr\u00e8s strict r\u00e8glement local de publicit\u00e9 adopt\u00e9 en\u00a02022 par Rennes&hellip;\n","protected":false},"author":2,"featured_media":535532,"comment_status":"","ping_status":"","sticky":false,"template":"","format":"standard","meta":{"footnotes":""},"categories":[2821],"tags":[1111,47,11,829,1777,674,1011,27,848,12,1834,584,25,104,3693,65488,1352],"class_list":{"0":"post-535531","1":"post","2":"type-post","3":"status-publish","4":"format-standard","5":"has-post-thumbnail","7":"category-rennes","8":"tag-actu","9":"tag-actualite","10":"tag-actualites","11":"tag-bretagne","12":"tag-eu","13":"tag-europe","14":"tag-fr","15":"tag-france","16":"tag-ille-et-vilaine","17":"tag-news","18":"tag-publicite","19":"tag-rennes","20":"tag-republique-francaise","21":"tag-societe","22":"tag-tribunal","23":"tag-urbanisation","24":"tag-urbanisme"},"share_on_mastodon":{"url":"","error":""},"_links":{"self":[{"href":"https:\/\/www.europesays.com\/fr\/wp-json\/wp\/v2\/posts\/535531","targetHints":{"allow":["GET"]}}],"collection":[{"href":"https:\/\/www.europesays.com\/fr\/wp-json\/wp\/v2\/posts"}],"about":[{"href":"https:\/\/www.europesays.com\/fr\/wp-json\/wp\/v2\/types\/post"}],"author":[{"embeddable":true,"href":"https:\/\/www.europesays.com\/fr\/wp-json\/wp\/v2\/users\/2"}],"replies":[{"embeddable":true,"href":"https:\/\/www.europesays.com\/fr\/wp-json\/wp\/v2\/comments?post=535531"}],"version-history":[{"count":0,"href":"https:\/\/www.europesays.com\/fr\/wp-json\/wp\/v2\/posts\/535531\/revisions"}],"wp:featuredmedia":[{"embeddable":true,"href":"https:\/\/www.europesays.com\/fr\/wp-json\/wp\/v2\/media\/535532"}],"wp:attachment":[{"href":"https:\/\/www.europesays.com\/fr\/wp-json\/wp\/v2\/media?parent=535531"}],"wp:term":[{"taxonomy":"category","embeddable":true,"href":"https:\/\/www.europesays.com\/fr\/wp-json\/wp\/v2\/categories?post=535531"},{"taxonomy":"post_tag","embeddable":true,"href":"https:\/\/www.europesays.com\/fr\/wp-json\/wp\/v2\/tags?post=535531"}],"curies":[{"name":"wp","href":"https:\/\/api.w.org\/{rel}","templated":true}]}}